{"id":281842,"date":"2026-09-01T04:26:16","date_gmt":"2026-09-01T04:26:16","guid":{"rendered":"https:\/\/www.europesays.com\/lv\/281842\/"},"modified":"2026-09-01T04:26:16","modified_gmt":"2026-09-01T04:26:16","slug":"zinibu-diena-pie-katras-rigas-skolas-jarekinas-ar-policijas-klatbutni","status":"publish","type":"post","link":"https:\/\/www.europesays.com\/lv\/281842\/","title":{"rendered":"Zin\u012bbu dien\u0101 pie katras R\u012bgas skolas j\u0101r\u0113\u0137in\u0101s ar policijas kl\u0101tb\u016btni"},"content":{"rendered":"<p>\u201cSabiedrisko k\u0101rt\u012bbu 1.septembr\u012b uzraudz\u012bs gan RPP transportl\u012bdzek\u013cu, gan k\u0101jnieku patru\u013cas, k\u0101 ar\u012b b\u016btisku atbalstu operat\u012bvaj\u0101 darb\u0101 sniegs pa\u0161vald\u012bbas policijas Videonov\u0113ro\u0161anas centra speci\u0101listi, izmantojot pils\u0113t\u0101 izvietoto videonov\u0113ro\u0161anas kameru t\u012bklu. Vienlaikus policija pastiprin\u0101s satiksmes dro\u0161\u012bbas kontroli pie izgl\u012bt\u012bbas iest\u0101d\u0113m un iel\u0101s ar intens\u012bvu transporta pl\u016bsmu, \u012bpa\u0161u uzman\u012bbu piev\u0113r\u0161ot at\u013caut\u0101 brauk\u0161anas \u0101truma iev\u0113ro\u0161anai. Kontroles pas\u0101kumu efektivit\u0101ti stiprin\u0101s vair\u0101ki jauni ar \u0101truma kontroles ier\u012bc\u0113m apr\u012bkoti trafaretie transportl\u012bdzek\u013ci, kas \u0161\u012b gada pavasar\u012b papildin\u0101ja policijas autoparku.\u202f\u00a0Aicin\u0101m vec\u0101kus savlaic\u012bgi p\u0101rrun\u0101t ar b\u0113rniem dro\u0161\u012bbas noteikumus, bet autovad\u012bt\u0101jus \u2013 b\u016bt \u012bpa\u0161i uzman\u012bgiem un iev\u0113rot ce\u013ca z\u012bmes un noteiktos \u0101truma ierobe\u017eojumus pie skol\u0101m,\u201d nor\u0101da vicem\u0113rs Edvards Ratnieks.<\/p>\n","protected":false},"excerpt":{"rendered":"\u201cSabiedrisko k\u0101rt\u012bbu 1.septembr\u012b uzraudz\u012bs gan RPP transportl\u012bdzek\u013cu, gan k\u0101jnieku patru\u013cas, k\u0101 ar\u012b b\u016btisku atbalstu operat\u012bvaj\u0101 darb\u0101 sniegs pa\u0161vald\u012bbas&hellip;\n","protected":false},"author":2,"featured_media":281843,"comment_status":"","ping_status":"","sticky":false,"template":"","format":"standard","meta":{"footnotes":"","_share_on_mastodon":"0"},"categories":[12],"tags":[23,28,29,32,33,22,30,31,35,39,38,36,37,34,40,20,26,27,24,25,21],"class_list":["post-281842","post","type-post","status-publish","format-standard","has-post-thumbnail","category-latvija","tag-aktualitates","tag-breaking-news","tag-breakingnews","tag-featured-news","tag-featurednews","tag-headlines","tag-latest-news","tag-latestnews","tag-latvia","tag-latvian","tag-latviesu","tag-latviesu-valoda","tag-latviesuvaloda","tag-latvija","tag-lv","tag-news","tag-popularakas-zinas","tag-popularakaszinas","tag-top-stories","tag-topstories","tag-zinas"],"share_on_mastodon":{"url":"https:\/\/pubeurope.com\/@lv\/117193892541460672","error":""},"_links":{"self":[{"href":"https:\/\/www.europesays.com\/lv\/wp-json\/wp\/v2\/posts\/281842","targetHints":{"allow":["GET"]}}],"collection":[{"href":"https:\/\/www.europesays.com\/lv\/wp-json\/wp\/v2\/posts"}],"about":[{"href":"https:\/\/www.europesays.com\/lv\/wp-json\/wp\/v2\/types\/post"}],"author":[{"embeddable":true,"href":"https:\/\/www.europesays.com\/lv\/wp-json\/wp\/v2\/users\/2"}],"replies":[{"embeddable":true,"href":"https:\/\/www.europesays.com\/lv\/wp-json\/wp\/v2\/comments?post=281842"}],"version-history":[{"count":0,"href":"https:\/\/www.europesays.com\/lv\/wp-json\/wp\/v2\/posts\/281842\/revisions"}],"wp:featuredmedia":[{"embeddable":true,"href":"https:\/\/www.europesays.com\/lv\/wp-json\/wp\/v2\/media\/281843"}],"wp:attachment":[{"href":"https:\/\/www.europesays.com\/lv\/wp-json\/wp\/v2\/media?parent=281842"}],"wp:term":[{"taxonomy":"category","embeddable":true,"href":"https:\/\/www.europesays.com\/lv\/wp-json\/wp\/v2\/categories?post=281842"},{"taxonomy":"post_tag","embeddable":true,"href":"https:\/\/www.europesays.com\/lv\/wp-json\/wp\/v2\/tags?post=281842"}],"curies":[{"name":"wp","href":"https:\/\/api.w.org\/{rel}","templated":true}]}}