{"id":281844,"date":"2026-09-01T04:31:10","date_gmt":"2026-09-01T04:31:10","guid":{"rendered":"https:\/\/www.europesays.com\/lv\/281844\/"},"modified":"2026-09-01T04:31:10","modified_gmt":"2026-09-01T04:31:10","slug":"zviedrija-pirks-no-francijas-cetrus-karakugus-raksts","status":"publish","type":"post","link":"https:\/\/www.europesays.com\/lv\/281844\/","title":{"rendered":"Zviedrija pirks no Francijas \u010detrus karaku\u0123us \/ Raksts"},"content":{"rendered":"<p>Francijas prezidenta Emanuela Makrona viz\u012btes laik\u0101 Zviedrij\u0101 pan\u0101kta vieno\u0161an\u0101s par abu valstu milit\u0101r\u0101s sadarb\u012bbas papla\u0161in\u0101\u0161anu. T\u0101 skaidr\u0101kais apliecin\u0101jums ir parakst\u012btais l\u012bgums par \u010detru\u00a0Francij\u0101 ra\u017eotu karaku\u0123u pieg\u0101di Zviedrijai.<\/p>\n<p>Jaun\u0101s fregates ir iev\u0113rojami liel\u0101kas un sniedz pla\u0161\u0101kas iesp\u0113jas, tai skait\u0101 \u013cauj lab\u0101k aizsarg\u0101ties no kaujas lidma\u0161\u012bn\u0101m un p\u0101rtvert ballistisk\u0101s ra\u0137etes. Tas ir ar\u012b viens no Zviedrijas liel\u0101kajiem ieguld\u012bjumiem aizsardz\u012bb\u0101 kop\u0161 &#8220;Gripen&#8221; izn\u012bcin\u0101t\u0101ju ievie\u0161anas pag\u0101ju\u0161\u0101 gadsimta asto\u0146desmitajos gados.<\/p>\n<p>Zviedrijas premjerministrs Ulfs Kristersons p\u0113c dokumenta parakst\u012b\u0161anas pateic\u0101s Francijas l\u012bderim un inform\u0113ja, ka\u00a0karaku\u0123u pieg\u0101de s\u0101ksies jau 2030.\u00a0gad\u0101. Savuk\u0101rt Makrons atg\u0101din\u0101ja, ka milit\u0101r\u0101 sadarb\u012bba ir abpus\u0113ja, un decembr\u012b Francija nol\u0113ma ieg\u0101d\u0101ties zviedru komp\u0101nijas\u00a0&#8220;Saab&#8221; ra\u017eoto daudzfunkcion\u0101lo gaisa agr\u012bn\u0101s br\u012bdin\u0101\u0161anas un kontroles sist\u0113mu &#8220;GlobalEye&#8221;. Ta\u010du tie nav tikai komerci\u0101li l\u012bgumi, bet ar\u012b politisk\u0101s uztic\u012bbas izpausme un k\u0101rt\u0113jais v\u0113sturiskais solis abu valstu sadarb\u012bb\u0101.<\/p>\n<p>                    Valodas k\u013c\u016bda rakst\u0101?<\/p>\n<p class=\"d-none d-md-block\">Iez\u012bm\u0113jiet tekstu un spiediet Ctrl+Enter, lai nos\u016bt\u012btu labojamo teksta fragmentu redaktoram! Par faktu k\u013c\u016bd\u0101m l\u016bdzam zi\u0146ot e-past\u0101 redakcija@lsm.lv.<\/p>\n<p class=\"d-md-none\">Iez\u012bm\u0113jiet tekstu un spiediet uz Zi\u0146ot par k\u013c\u016bdu pogas, lai nos\u016bt\u012btu labojamo teksta fragmentu redaktoram!<\/p>\n<p>\n                    Zi\u0146ot par k\u013c\u016bdu\n                <\/p>\n","protected":false},"excerpt":{"rendered":"Francijas prezidenta Emanuela Makrona viz\u012btes laik\u0101 Zviedrij\u0101 pan\u0101kta vieno\u0161an\u0101s par abu valstu milit\u0101r\u0101s sadarb\u012bbas papla\u0161in\u0101\u0161anu. T\u0101 skaidr\u0101kais apliecin\u0101jums&hellip;\n","protected":false},"author":2,"featured_media":281845,"comment_status":"","ping_status":"","sticky":false,"template":"","format":"standard","meta":{"footnotes":"","_share_on_mastodon":"0"},"categories":[14],"tags":[23,57,28,29,32,33,22,30,31,35,39,38,36,37,34,40,20,26,27,24,25,54,55,56,21,58],"class_list":["post-281844","post","type-post","status-publish","format-standard","has-post-thumbnail","category-zinas-no-arvalstim","tag-aktualitates","tag-arvalstim","tag-breaking-news","tag-breakingnews","tag-featured-news","tag-featurednews","tag-headlines","tag-latest-news","tag-latestnews","tag-latvia","tag-latvian","tag-latviesu","tag-latviesu-valoda","tag-latviesuvaloda","tag-latvija","tag-lv","tag-news","tag-popularakas-zinas","tag-popularakaszinas","tag-top-stories","tag-topstories","tag-world","tag-world-news","tag-worldnews","tag-zinas","tag-zinas-no-arvalstim"],"share_on_mastodon":{"url":"https:\/\/pubeurope.com\/@lv\/117193912433045870","error":""},"_links":{"self":[{"href":"https:\/\/www.europesays.com\/lv\/wp-json\/wp\/v2\/posts\/281844","targetHints":{"allow":["GET"]}}],"collection":[{"href":"https:\/\/www.europesays.com\/lv\/wp-json\/wp\/v2\/posts"}],"about":[{"href":"https:\/\/www.europesays.com\/lv\/wp-json\/wp\/v2\/types\/post"}],"author":[{"embeddable":true,"href":"https:\/\/www.europesays.com\/lv\/wp-json\/wp\/v2\/users\/2"}],"replies":[{"embeddable":true,"href":"https:\/\/www.europesays.com\/lv\/wp-json\/wp\/v2\/comments?post=281844"}],"version-history":[{"count":0,"href":"https:\/\/www.europesays.com\/lv\/wp-json\/wp\/v2\/posts\/281844\/revisions"}],"wp:featuredmedia":[{"embeddable":true,"href":"https:\/\/www.europesays.com\/lv\/wp-json\/wp\/v2\/media\/281845"}],"wp:attachment":[{"href":"https:\/\/www.europesays.com\/lv\/wp-json\/wp\/v2\/media?parent=281844"}],"wp:term":[{"taxonomy":"category","embeddable":true,"href":"https:\/\/www.europesays.com\/lv\/wp-json\/wp\/v2\/categories?post=281844"},{"taxonomy":"post_tag","embeddable":true,"href":"https:\/\/www.europesays.com\/lv\/wp-json\/wp\/v2\/tags?post=281844"}],"curies":[{"name":"wp","href":"https:\/\/api.w.org\/{rel}","templated":true}]}}