{"id":281846,"date":"2026-09-01T04:32:06","date_gmt":"2026-09-01T04:32:06","guid":{"rendered":"https:\/\/www.europesays.com\/lv\/281846\/"},"modified":"2026-09-01T04:32:06","modified_gmt":"2026-09-01T04:32:06","slug":"ergli-saraksta-nav-naves-greks-aizdomigie-krievi-genetiski-latviesi-ir-kreisie-intervija-ar-alvi-hermani-mmn-raksts","status":"publish","type":"post","link":"https:\/\/www.europesays.com\/lv\/281846\/","title":{"rendered":"\u0112rg\u013ci sarakst\u0101, nav \u00abn\u0101ves gr\u0113ks\u00bb, aizdom\u012bgie krievi, \u00ab\u0123en\u0113tiski latvie\u0161i ir kreisie\u00bb: intervija ar Alvi Hermani (MMN) \/ Raksts"},"content":{"rendered":"<p>Jaun\u0101s partijas &#8220;M\u0113s main\u0101m noteikumus&#8221; (MMN) Ministru prezidenta amata kandid\u0101ts Alvis Hermanis, viesojoties raid\u012bjuma\u00a0<a href=\"https:\/\/www.lsm.lv\/raksts\/kas-notiek-latvija\/raidijumi\/31.08.2026-video-intervija-pirms-15-saeimas-velesanam-mes-mainam-noteikumus-ministru-prezidenta-amata-kandidats-alvis-hermanis.a661027\/\" rel=\"nofollow noopener\" target=\"_blank\">&#8220;Kas notiek Latvij\u0101?&#8221; priek\u0161v\u0113l\u0113\u0161an\u0101m velt\u012btaj\u0101\u00a0<\/a>cikl\u0101, sac\u012bja, ka partijai ir vismaz pa vienam kandid\u0101tam ministriju\u00a0vad\u012bbai, ta\u010du \u0113nu kabinets netiek publiskots. Iemesls ir sabiedr\u012bbas negat\u012bv\u0101 attieksme pret politi\u0137iem, kas ir ar\u012b iemesls tam, ka MMN sarakst\u0101 nav tik daudz &#8220;\u0113rg\u013cu&#8221;, k\u0101 Hermanis bija cer\u0113jis. Galvenais m\u0113r\u0137is, start\u0113jot v\u0113l\u0113\u0161an\u0101s, ir jau iepriek\u0161 izzi\u0146ot\u0101 v\u0113lme main\u012bt v\u0113l\u0113\u0161anu k\u0101r\u012bbu. Ja to neizdosies paveikt, tad Hermanis atz\u012bs, ka b\u016bs\u00a0izg\u0101zies.\u00a0<\/p>\n<p style=\"margin-left:0cm; margin-right:0cm\">Uz intervij\u0101m ar popul\u0101r\u0101ko politisko sp\u0113ku Ministru prezidenta amata kandid\u0101tiem tiek\u00a0aicin\u0101ti visi tie l\u012bderi, kuru politiskais sp\u0113ks SKDS j\u016blija reitingos (public\u0113ti 1. august\u0101) p\u0101rsniedz 2\u00a0% robe\u017eu. Intervijas notiek\u00a0tie\u0161raid\u0113 LSM.lv pirmdien\u0101s un piektdien\u0101s plkst. 11.00, ieraksti tiek\u00a0p\u0101rraid\u012bti LTV1 t\u0101s pa\u0161as ned\u0113\u013cas piektdien\u0101s un sv\u0113tdien\u0101s pirms &#8220;Panor\u0101mas&#8221;.\u00a0<\/p>\n<p>Raid\u012bjuma noz\u012bm\u012bg\u0101k\u0101s epizodes var noskat\u012bties, spie\u017eot uz sait\u0113m laika l\u012bnij\u0101:<\/p>\n<ul>\n<li style=\"margin-left: 0cm; margin-right: 0cm;\"><a data-media-timecode=\"10800\" href=\"#\">Cilv\u0113ki dz\u012bvo il\u016bzij\u0101s un nesaprot, ka iz\u0161\u0137iras Latvijas valsts liktenis, Alvis Hermanis koment\u0113 partiju reitingus. <\/a><\/li>\n<li style=\"margin-left: 0cm; margin-right: 0cm;\"><a data-media-timecode=\"425\" href=\"#\">Ja nerealiz\u0113sies iecere par v\u0113l\u0113\u0161anu likuma mai\u0146u, tad Hermanis b\u016bs izg\u0101zies. <\/a><\/li>\n<li style=\"margin-left: 0cm; margin-right: 0cm;\"><a data-media-timecode=\"540\" href=\"#\">Kas ir partijas &#8220;M\u0113s main\u0101m noteikumus&#8221; l\u012bderi? <\/a><\/li>\n<li style=\"margin-left: 0cm; margin-right: 0cm;\"><a data-media-timecode=\"810\" href=\"#\">Grib saist\u012bties tikai ar idejiskajiem cilv\u0113kiem. <\/a><\/li>\n<li style=\"margin-left: 0cm; margin-right: 0cm;\"><a data-media-timecode=\"930\" href=\"#\">&#8220;Tas nav n\u0101ves gr\u0113ks&#8221;: Hermanis saka par Mielava aps\u016bdz\u012bbu kr\u0101p\u0161an\u0101 <\/a><\/li>\n<li style=\"margin-left: 0cm; margin-right: 0cm;\"><a data-media-timecode=\"1092\" href=\"#\">Vai parlament\u0101 visi ir m\u0113rka\u0137i? <\/a><a data-media-timecode=\"1289\" href=\"#\"> <\/a><\/li>\n<li style=\"margin-left: 0cm; margin-right: 0cm;\"><a data-media-timecode=\"1289\" href=\"#\">No k\u0101d\u0101m aprind\u0101m n\u0101k Ministru prezidents Andris Kulbergs? <\/a><\/li>\n<li style=\"margin-left: 0cm; margin-right: 0cm;\"><a data-media-timecode=\"1535\" href=\"#\">MMN \u012arijas modeli nep\u0101rkop\u0113, partiju finans\u0113jumu grib likvid\u0113t. <\/a><\/li>\n<li style=\"margin-left: 0cm; margin-right: 0cm;\"><a data-media-timecode=\"1612\" href=\"#\">Vald\u012bba main\u012bj\u0101s, lai Edgaram Rink\u0113vi\u010dam b\u016btu otr\u0101 termi\u0146a cer\u012bbas, uzskata Hermanis. <\/a><\/li>\n<li style=\"margin-left: 0cm; margin-right: 0cm;\"><a data-media-timecode=\"1920\" href=\"#\">Migr\u0101cijas politik\u0101 piem\u0113rs j\u0101\u0146em no Jap\u0101nas un Dienvidkorejas. <\/a><\/li>\n<li style=\"margin-left: 0cm; margin-right: 0cm;\"><a data-media-timecode=\"2140\" href=\"#\">Latvijai j\u0101izv\u0113las pareizie draugi \u2013 Baltija, Somija, Polija, Ukraina. <\/a><\/li>\n<li style=\"margin-left: 0cm; margin-right: 0cm;\"><a data-media-timecode=\"2435\" href=\"#\">Mikrouz\u0146\u0113mumiem j\u0101nosaka labv\u0113l\u012bg\u0101ki nodok\u013ci. <\/a><\/li>\n<li style=\"margin-left: 0cm; margin-right: 0cm;\"><a data-media-timecode=\"2927\" href=\"#\">Vesel\u012bb\u0101 nepied\u0101v\u0101 vair\u0101k naudas, bet main\u012bt finans\u0113\u0161anas notikumus. <\/a><\/li>\n<li style=\"margin-left: 0cm; margin-right: 0cm;\"><a data-media-timecode=\"3115\" href=\"#\">&#8220;Laukos ir tik daudz cilv\u0113ku, kas dz\u012bvo uz pabalstiem, kas ir sli\u0146\u0137i un negrib str\u0101d\u0101t&#8221;. <\/a><\/li>\n<li style=\"margin-left: 0cm; margin-right: 0cm;\"><a data-media-timecode=\"3280\" href=\"#\">K\u0101ds b\u016bs Herma\u0146a Ministru kabinets? <\/a><\/li>\n<li style=\"margin-left: 0cm; margin-right: 0cm;\"><a data-media-timecode=\"3447\" href=\"#\">&#8220;M\u016bsu krievi uzvedas aizdom\u012bgi,&#8221; saka Hermanis. <\/a><\/li>\n<li style=\"margin-left: 0cm; margin-right: 0cm;\"><a data-media-timecode=\"3642\" href=\"#\">&#8220;Sit nost, nevaru atcer\u0113ties,&#8221; Hermanis nevar nosaukt nevienu labu politi\u0137u darbu. <\/a><\/li>\n<li><a data-media-timecode=\"3863\" href=\"#\">\u0122en\u0113tiski latvie\u0161i ir kreisie. <\/a><\/li>\n<li><a data-media-timecode=\"4076\" href=\"#\">Ko Hermanis apsol\u012bjis sev un \u0123imenei? <\/a><\/li>\n<\/ul>\n<p>                    Valodas k\u013c\u016bda rakst\u0101?<\/p>\n<p class=\"d-none d-md-block\">Iez\u012bm\u0113jiet tekstu un spiediet Ctrl+Enter, lai nos\u016bt\u012btu labojamo teksta fragmentu redaktoram! Par faktu k\u013c\u016bd\u0101m l\u016bdzam zi\u0146ot e-past\u0101 redakcija@lsm.lv.<\/p>\n<p class=\"d-md-none\">Iez\u012bm\u0113jiet tekstu un spiediet uz Zi\u0146ot par k\u013c\u016bdu pogas, lai nos\u016bt\u012btu labojamo teksta fragmentu redaktoram!<\/p>\n<p>\n                    Zi\u0146ot par k\u013c\u016bdu\n                <\/p>\n","protected":false},"excerpt":{"rendered":"Jaun\u0101s partijas &#8220;M\u0113s main\u0101m noteikumus&#8221; (MMN) Ministru prezidenta amata kandid\u0101ts Alvis Hermanis, viesojoties raid\u012bjuma\u00a0&#8220;Kas notiek Latvij\u0101?&#8221; priek\u0161v\u0113l\u0113\u0161an\u0101m velt\u012btaj\u0101\u00a0cikl\u0101,&hellip;\n","protected":false},"author":2,"featured_media":281847,"comment_status":"","ping_status":"","sticky":false,"template":"","format":"standard","meta":{"footnotes":"","_share_on_mastodon":"0"},"categories":[12],"tags":[23,28,29,32,33,22,30,31,35,39,38,36,37,34,40,20,26,27,24,25,21],"class_list":["post-281846","post","type-post","status-publish","format-standard","has-post-thumbnail","category-latvija","tag-aktualitates","tag-breaking-news","tag-breakingnews","tag-featured-news","tag-featurednews","tag-headlines","tag-latest-news","tag-latestnews","tag-latvia","tag-latvian","tag-latviesu","tag-latviesu-valoda","tag-latviesuvaloda","tag-latvija","tag-lv","tag-news","tag-popularakas-zinas","tag-popularakaszinas","tag-top-stories","tag-topstories","tag-zinas"],"share_on_mastodon":{"url":"https:\/\/pubeurope.com\/@lv\/117193916227125070","error":""},"_links":{"self":[{"href":"https:\/\/www.europesays.com\/lv\/wp-json\/wp\/v2\/posts\/281846","targetHints":{"allow":["GET"]}}],"collection":[{"href":"https:\/\/www.europesays.com\/lv\/wp-json\/wp\/v2\/posts"}],"about":[{"href":"https:\/\/www.europesays.com\/lv\/wp-json\/wp\/v2\/types\/post"}],"author":[{"embeddable":true,"href":"https:\/\/www.europesays.com\/lv\/wp-json\/wp\/v2\/users\/2"}],"replies":[{"embeddable":true,"href":"https:\/\/www.europesays.com\/lv\/wp-json\/wp\/v2\/comments?post=281846"}],"version-history":[{"count":0,"href":"https:\/\/www.europesays.com\/lv\/wp-json\/wp\/v2\/posts\/281846\/revisions"}],"wp:featuredmedia":[{"embeddable":true,"href":"https:\/\/www.europesays.com\/lv\/wp-json\/wp\/v2\/media\/281847"}],"wp:attachment":[{"href":"https:\/\/www.europesays.com\/lv\/wp-json\/wp\/v2\/media?parent=281846"}],"wp:term":[{"taxonomy":"category","embeddable":true,"href":"https:\/\/www.europesays.com\/lv\/wp-json\/wp\/v2\/categories?post=281846"},{"taxonomy":"post_tag","embeddable":true,"href":"https:\/\/www.europesays.com\/lv\/wp-json\/wp\/v2\/tags?post=281846"}],"curies":[{"name":"wp","href":"https:\/\/api.w.org\/{rel}","templated":true}]}}