{"id":281848,"date":"2026-09-01T04:39:14","date_gmt":"2026-09-01T04:39:14","guid":{"rendered":"https:\/\/www.europesays.com\/lv\/281848\/"},"modified":"2026-09-01T04:39:14","modified_gmt":"2026-09-01T04:39:14","slug":"bridina-par-iespejamu-gaisa-telpas-apdraudejumu-aluksnes-novada","status":"publish","type":"post","link":"https:\/\/www.europesays.com\/lv\/281848\/","title":{"rendered":"Br\u012bdina par iesp\u0113jamu gaisa telpas apdraud\u0113jumu Al\u016bksnes novad\u0101"},"content":{"rendered":"<p>Nacion\u0101lie bru\u0146otie sp\u0113ki (NBS) inform\u0113, ka Latvijas gaisa telp\u0101 Al\u016bksnes novad\u0101 iesp\u0113jams apdraud\u0113jums un ir aktiviz\u0113ti NATO Baltijas gaisa telpas patrul\u0113\u0161anas misijas izn\u012bcin\u0101t\u0101ji.<\/p>\n<p style=\"text-align: justify;\">Attiec\u012bg\u0101s teritorijas iedz\u012bvot\u0101ji tiek aicin\u0101ti uztur\u0113ties telp\u0101s, iev\u0113rot divu sienu principu, aizv\u0113rt logus un durvis, bet, pamanot zemu lidojo\u0161u, aizdom\u012bgu vai b\u012bstamu objektu, netuvoties tam un zvan\u012bt uz t\u0101lruni 112.<\/p>\n<p style=\"text-align: justify;\">Apm\u0113ram pusotru stundu agr\u0101k dzeltenais jeb zem\u0101ka l\u012bme\u0146a br\u012bdin\u0101jums par iesp\u0113jamu apdraud\u0113jumu gaisa telp\u0101 tika izsludin\u0101ts Ludzas novad\u0101, ta\u010du p\u0113c tam tas tika atcelts.<\/p>\n<p style=\"text-align: justify;\">K\u0101 zi\u0146ots, \u0161ovasar vair\u0101kk\u0101rt Latgal\u0113 un Vidzem\u0113 iedz\u012bvot\u0101ji sa\u0146\u0113ma \u0161\u016bnapraides br\u012bdin\u0101jumus par iesp\u0113jamo gaisa telpas apdraud\u0113jumu, turkl\u0101t da\u017ei droni Latvij\u0101 ar\u012b nokrita un eksplod\u0113ja. Vair\u0101kas reizes \u0161\u0101dus dronus notrieca NATO valstu izn\u012bcin\u0101t\u0101t\u0101ji.<\/p>\n<p style=\"text-align: justify;\">Visi dronu incidenti biju\u0161i saist\u012bti ar, visticam\u0101k, Krievijas-Ukrainas kar\u0101 iesaist\u012bto dronu pietuvo\u0161anos vai ielido\u0161anu Latvijas gaisa telp\u0101.<\/p>\n<p style=\"text-align: justify;\">Augusta s\u0101kum\u0101 port\u0101ls &#8220;15min.lt&#8221; v\u0113st\u012bja par Lietuvas milit\u0101r\u0101 izl\u016bkdienesta r\u012bc\u012bb\u0101 eso\u0161u inform\u0101ciju, ka Krievija apsver uzbrukumus kritiskajai infrastrukt\u016brai Baltijas valst\u012bs, izmantojot Ukrainas dronus.<\/p>\n","protected":false},"excerpt":{"rendered":"Nacion\u0101lie bru\u0146otie sp\u0113ki (NBS) inform\u0113, ka Latvijas gaisa telp\u0101 Al\u016bksnes novad\u0101 iesp\u0113jams apdraud\u0113jums un ir aktiviz\u0113ti NATO Baltijas&hellip;\n","protected":false},"author":2,"featured_media":281849,"comment_status":"","ping_status":"","sticky":false,"template":"","format":"standard","meta":{"footnotes":"","_share_on_mastodon":"0"},"categories":[5],"tags":[23,28,29,32,33,22,30,31,35,39,38,36,37,34,40,20,26,27,24,25,21],"class_list":["post-281848","post","type-post","status-publish","format-standard","has-post-thumbnail","category-aktualitates","tag-aktualitates","tag-breaking-news","tag-breakingnews","tag-featured-news","tag-featurednews","tag-headlines","tag-latest-news","tag-latestnews","tag-latvia","tag-latvian","tag-latviesu","tag-latviesu-valoda","tag-latviesuvaloda","tag-latvija","tag-lv","tag-news","tag-popularakas-zinas","tag-popularakaszinas","tag-top-stories","tag-topstories","tag-zinas"],"share_on_mastodon":{"url":"https:\/\/pubeurope.com\/@lv\/117193943632071368","error":""},"_links":{"self":[{"href":"https:\/\/www.europesays.com\/lv\/wp-json\/wp\/v2\/posts\/281848","targetHints":{"allow":["GET"]}}],"collection":[{"href":"https:\/\/www.europesays.com\/lv\/wp-json\/wp\/v2\/posts"}],"about":[{"href":"https:\/\/www.europesays.com\/lv\/wp-json\/wp\/v2\/types\/post"}],"author":[{"embeddable":true,"href":"https:\/\/www.europesays.com\/lv\/wp-json\/wp\/v2\/users\/2"}],"replies":[{"embeddable":true,"href":"https:\/\/www.europesays.com\/lv\/wp-json\/wp\/v2\/comments?post=281848"}],"version-history":[{"count":0,"href":"https:\/\/www.europesays.com\/lv\/wp-json\/wp\/v2\/posts\/281848\/revisions"}],"wp:featuredmedia":[{"embeddable":true,"href":"https:\/\/www.europesays.com\/lv\/wp-json\/wp\/v2\/media\/281849"}],"wp:attachment":[{"href":"https:\/\/www.europesays.com\/lv\/wp-json\/wp\/v2\/media?parent=281848"}],"wp:term":[{"taxonomy":"category","embeddable":true,"href":"https:\/\/www.europesays.com\/lv\/wp-json\/wp\/v2\/categories?post=281848"},{"taxonomy":"post_tag","embeddable":true,"href":"https:\/\/www.europesays.com\/lv\/wp-json\/wp\/v2\/tags?post=281848"}],"curies":[{"name":"wp","href":"https:\/\/api.w.org\/{rel}","templated":true}]}}