{"id":281850,"date":"2026-09-01T04:45:11","date_gmt":"2026-09-01T04:45:11","guid":{"rendered":"https:\/\/www.europesays.com\/lv\/281850\/"},"modified":"2026-09-01T04:45:11","modified_gmt":"2026-09-01T04:45:11","slug":"lai-jaunaja-macibu-gada-daudz-lielisku-iespeju-interesantu-atklajumu-un-stabilu-vertibu-auseklis-lv","status":"publish","type":"post","link":"https:\/\/www.europesays.com\/lv\/281850\/","title":{"rendered":"Lai jaunaj\u0101 m\u0101c\u012bbu gad\u0101 \u2013 daudz lielisku iesp\u0113ju, interesantu atkl\u0101jumu un stabilu v\u0113rt\u012bbu! &#8211; Auseklis.lv"},"content":{"rendered":"<ol>\n<li><a href=\"https:\/\/news.google.com\/rss\/articles\/CBMiugFBVV95cUxObl9NdlJVdEUxWUNsRVMwVFlrTlFDOFZBbm9FZ0Z5bHJRZXFwZlZGQ2JaUlkydWVPcGJ6WmpDOG1zd3dwc0VpOFozLXE4ZG9Nc1BvQnVzal9GbWFmZTNVcTkxYWdaWWk2S0JOUXFEM3VDMlR3cGhWQnRhd3VGdTJtZ3ZQd3RvVFN3MnRlYUNpWXZ2eDlULUhUUGo3ZDFYM0p2U3hZQU1QcU1FVjdqbzlScUVWUTBwR3BRQ0E?oc=5\" target=\"_blank\" rel=\"nofollow noopener\">Lai jaunaj\u0101 m\u0101c\u012bbu gad\u0101 \u2013 daudz lielisku iesp\u0113ju, interesantu atkl\u0101jumu un stabilu v\u0113rt\u012bbu!<\/a>&nbsp;&nbsp;Auseklis.lv<\/li>\n<li><a href=\"https:\/\/news.google.com\/rss\/articles\/CBMirwFBVV95cUxPdG1DZmt1VmljNXZORmNoM3Z1SHBlTjUtaDVVMjZ6YmxGVWdOTWhQZ2RzVE9UbFpPb2o5S05ZVGg4V1lYMHFFcEFjUWRGSS1ONVQwNUhNWjdlNFctSXhPNUUwRHd4MUg3OXRoZGgtS2dBQVdsd3NXWU0wem9sLTlRMXc4RTVNREE2UHRoTE9ldjhkSW1maUlhVHBEMG5mRTA5SkhnSHNVQzBHUDN1ZTBR?oc=5\" target=\"_blank\" rel=\"nofollow noopener\">Zin\u012bbu dienas svin\u012bgie pas\u0101kumi Ventspils izgl\u012bt\u012bbas iest\u0101d\u0113s<\/a>&nbsp;&nbsp;Ventas Balss<\/li>\n<li><a href=\"https:\/\/news.google.com\/rss\/articles\/CBMid0FVX3lxTFBScEVIdWZUZERENFpCclNCZ3JFSzl3T0VDVFJoVE5ibEFBaklGN1NPRmhMTHNJRVpJVzU4LS10YlRQc2s0WU53TU9jeVlFRmFCY2E2b0NpUnZBZTJXRC1jZWlnMGd0WHdVdkZUN2Y3NzgwMzA2ejNZ?oc=5\" target=\"_blank\" rel=\"nofollow noopener\">Zin\u012bbu diena izgl\u012bt\u012bbas iest\u0101d\u0113s<\/a>&nbsp;&nbsp;Aluksniesiem.lv<\/li>\n<li><a href=\"https:\/\/news.google.com\/rss\/articles\/CBMinAFBVV95cUxPYkhVb2JiUENTZkF0S2xlY2tmNnZnQVc5Q0NTaUE4dUtic0k5UXdhVmtPRzBwT2NYd1d4TzhMUXJpMTdmVmNtaHFBNktCQkJzZjRJTVFMMXp6OThMRnBKSzV6VGJoN3o5VjA2NlY4R0k3NnMzWm5WVUM3enU0OTBJRHZFWGtodDVkZVNoR2h1N1RlVlpuZ0VBM2dCdU0?oc=5\" target=\"_blank\" rel=\"nofollow noopener\">Lai jaunais m\u0101c\u012bbu gads ir rado\u0161s un pan\u0101kumiem bag\u0101ts!<\/a>&nbsp;&nbsp;Ventspils<\/li>\n<li><a href=\"https:\/\/news.google.com\/rss\/articles\/CBMiiAFBVV95cUxOaVRIS3M5WHU2UWNYdk80ZGNpSmduNWIwVnd0NVNhNGg3Q18xdHZVUXNoTFZ6WlN0d3V4MjlWaG9sdDJwa2c1aG9VWGlwSVEyT0NXbVJway1ub1VHb0RoUEJnRDFHSGt5dld2M3hJN0toMU12VEctUGxKdFpNbmw3OGhIeEU1Zkhl?oc=5\" target=\"_blank\" rel=\"nofollow noopener\">Zin\u012bbu dienas svin\u012bgie pas\u0101kumi Jelgavas skol\u0101s<\/a>&nbsp;&nbsp;Jelgava<\/li>\n<\/ol>\n","protected":false},"excerpt":{"rendered":"Lai jaunaj\u0101 m\u0101c\u012bbu gad\u0101 \u2013 daudz lielisku iesp\u0113ju, interesantu atkl\u0101jumu un stabilu v\u0113rt\u012bbu!&nbsp;&nbsp;Auseklis.lv Zin\u012bbu dienas svin\u012bgie pas\u0101kumi Ventspils&hellip;\n","protected":false},"author":2,"featured_media":281851,"comment_status":"","ping_status":"","sticky":false,"template":"","format":"standard","meta":{"footnotes":"","_share_on_mastodon":"0"},"categories":[5],"tags":[23,28,29,32,33,22,30,31,35,39,38,36,37,34,40,20,26,27,24,25,21],"class_list":["post-281850","post","type-post","status-publish","format-standard","has-post-thumbnail","category-aktualitates","tag-aktualitates","tag-breaking-news","tag-breakingnews","tag-featured-news","tag-featurednews","tag-headlines","tag-latest-news","tag-latestnews","tag-latvia","tag-latvian","tag-latviesu","tag-latviesu-valoda","tag-latviesuvaloda","tag-latvija","tag-lv","tag-news","tag-popularakas-zinas","tag-popularakaszinas","tag-top-stories","tag-topstories","tag-zinas"],"share_on_mastodon":{"url":"https:\/\/pubeurope.com\/@lv\/117193967453927057","error":""},"_links":{"self":[{"href":"https:\/\/www.europesays.com\/lv\/wp-json\/wp\/v2\/posts\/281850","targetHints":{"allow":["GET"]}}],"collection":[{"href":"https:\/\/www.europesays.com\/lv\/wp-json\/wp\/v2\/posts"}],"about":[{"href":"https:\/\/www.europesays.com\/lv\/wp-json\/wp\/v2\/types\/post"}],"author":[{"embeddable":true,"href":"https:\/\/www.europesays.com\/lv\/wp-json\/wp\/v2\/users\/2"}],"replies":[{"embeddable":true,"href":"https:\/\/www.europesays.com\/lv\/wp-json\/wp\/v2\/comments?post=281850"}],"version-history":[{"count":0,"href":"https:\/\/www.europesays.com\/lv\/wp-json\/wp\/v2\/posts\/281850\/revisions"}],"wp:featuredmedia":[{"embeddable":true,"href":"https:\/\/www.europesays.com\/lv\/wp-json\/wp\/v2\/media\/281851"}],"wp:attachment":[{"href":"https:\/\/www.europesays.com\/lv\/wp-json\/wp\/v2\/media?parent=281850"}],"wp:term":[{"taxonomy":"category","embeddable":true,"href":"https:\/\/www.europesays.com\/lv\/wp-json\/wp\/v2\/categories?post=281850"},{"taxonomy":"post_tag","embeddable":true,"href":"https:\/\/www.europesays.com\/lv\/wp-json\/wp\/v2\/tags?post=281850"}],"curies":[{"name":"wp","href":"https:\/\/api.w.org\/{rel}","templated":true}]}}