{"id":281852,"date":"2026-09-01T04:51:18","date_gmt":"2026-09-01T04:51:18","guid":{"rendered":"https:\/\/www.europesays.com\/lv\/281852\/"},"modified":"2026-09-01T04:51:18","modified_gmt":"2026-09-01T04:51:18","slug":"klat-zinibu-diena-skolas-gaitas-sak-ap-19-tukstosiem-pirmklasnieku-delfi","status":"publish","type":"post","link":"https:\/\/www.europesays.com\/lv\/281852\/","title":{"rendered":"Kl\u0101t Zin\u012bbu diena \u2013 skolas gaitas s\u0101k ap 19 t\u016bksto\u0161iem pirmklasnieku &#8211; DELFI"},"content":{"rendered":"<ol>\n<li><a href=\"https:\/\/news.google.com\/rss\/articles\/CBMirwFBVV95cUxQeVZXY0JOVFBEdEhJUmlHemJFZ0drb08ya2ozNnRmMllKQlRlZjlXLXA4NS1JbTNaWF8zQUxTUTVIbFd2cXFiYmhHRFlHMzBrLXU5QUlUelZvQXlZWGNWTUpaTWp4anQ1QnpNT1doSFRydkg4M291YXYyZXpveHI2MmdhZDJ5TTRPcXJ1dVZmNXIzRmxWOEpBQ3B4U0IxNktvR2dWLVQ1NGtWbmJLbFJ3?oc=5\" target=\"_blank\" rel=\"nofollow noopener\">Kl\u0101t Zin\u012bbu diena \u2013 skolas gaitas s\u0101k ap 19 t\u016bksto\u0161iem pirmklasnieku<\/a>&nbsp;&nbsp;DELFI<\/li>\n<li><a href=\"https:\/\/news.google.com\/rss\/articles\/CBMivAFBVV95cUxPc0YtYWR2ZGpqMC11VTVOU0lJRk1oR2dkaVg2UHZXY1hhRTNDZlhKckR2b0NvV01EWXFJQnE1WDlXYzhGOTE3cWFOSUcxa0daZjZvYWNDNTBBQ1JmQVg5X1czWTJxSnpNZjJvUm5sQ0V0NWptOG1DdkFaa2tLaWx6ZzhNcXRidHlPMzA3UWM0c19tNFdTMEVPN2s0Nnk4Z0xvVmZMNkRleVRaYkcyczNjME1Wb3lUNm5nYlhZbQ?oc=5\" target=\"_blank\" rel=\"nofollow noopener\">Jaunaj\u0101 m\u0101c\u012bbu gad\u0101 uzman\u012bbas centr\u0101 \u2013 stipr\u0101kas pamatprasmes un dro\u0161a vide<\/a>&nbsp;&nbsp;LV port\u0101ls<\/li>\n<li><a href=\"https:\/\/news.google.com\/rss\/articles\/CBMihAJBVV95cUxNR1JaLVhMWllYTWRXTjBwNWg2SkljY1hDVlJ0YkRrMUlqRWZBejA4aFpaYmloRjBoWlVKLTg4eWxFT1VPTWtwRGhvLUthV1NxUEltWEJWU0JObUZjb01WclYwdGNVWnE3T0pETGxYanJQTFRkTERwMHN5bFB4R1l3Y3hTVDYzbldISU53Tjk5VjFWbkxOWWxpbzU1dlVZcFFPQnB3ZGNkWXdPOWxlUkNzUERwdk02SW9jRmZqSVJLWU5JMDF3WW5MRUFHdHIxSmpaWk50ZVZydEZWcEpPbU5ydGR5bm9KRUUtN0duNEc2X2FSVkVXYkZId2ZiZlZ1RktMLUtxdw?oc=5\" target=\"_blank\" rel=\"nofollow noopener\">2026.\/2027. m\u0101c\u012bbu gad\u0101 pla\u0161\u0101k\u0101s izgl\u012bt\u012bbas pieredzes, karjeras atbalsta un audzin\u0101\u0161anas darba aktivit\u0101tes \u012bstenos tr\u012bs priorit\u0101rajos virzienos<\/a>&nbsp;&nbsp;Valsts izgl\u012bt\u012bbas att\u012bst\u012bbas a\u0123ent\u016bra<\/li>\n<li><a href=\"https:\/\/news.google.com\/rss\/articles\/CBMilgFBVV95cUxPZmxwTkdPeXN1RGFvV0hyb1ppVk9UYWQ5V08tbDRxVmI4SDhueHpVODlVaUlmYXl5STYwa3lyZ0RqclpSZm9wTkhiWDhndXdybmdoOUlxaUhtTFlhR1BzeXJmajA0YS1PQ25USFRFMXVDalZiOWNjcEd5VXo2QktHQ3Ezcng1akdVaEZhVXMwZDI5Rm9LTmc?oc=5\" target=\"_blank\" rel=\"nofollow noopener\">Z\u012bm\u0113 Gatis \u0160\u013c\u016bka. Sveiciens jaunaj\u0101 m\u0101c\u012bbu gad\u0101!<\/a>&nbsp;&nbsp;Lasi.lv<\/li>\n<li><a href=\"https:\/\/news.google.com\/rss\/articles\/CBMikwFBVV95cUxQdi1GaS1xb3ZoWVZpRVpxcmlXNTNMOG9CMEdYeFFnNWhaQ0NaVnNwQktNeWNzdVJuSXN5MlV3MldwZk5rQ1VsZnV1bnVzSVVtSWRId0psTVBRaHJCV0tITzZWbzdtdWxQZktqS2Jtc2ZObXpKSDIyd0VaM0hIWmVPY2QwdGZSY2R1RVE2ZF9JbWo0Z0k?oc=5\" target=\"_blank\" rel=\"nofollow noopener\">Latvijas izgl\u012bt\u012bbas iest\u0101d\u0113s s\u0101kas jaunais m\u0101c\u012bbu gads<\/a>&nbsp;&nbsp;BauskasDzive.lv<\/li>\n<\/ol>\n","protected":false},"excerpt":{"rendered":"Kl\u0101t Zin\u012bbu diena \u2013 skolas gaitas s\u0101k ap 19 t\u016bksto\u0161iem pirmklasnieku&nbsp;&nbsp;DELFI Jaunaj\u0101 m\u0101c\u012bbu gad\u0101 uzman\u012bbas centr\u0101 \u2013 stipr\u0101kas&hellip;\n","protected":false},"author":2,"featured_media":281853,"comment_status":"","ping_status":"","sticky":false,"template":"","format":"standard","meta":{"footnotes":"","_share_on_mastodon":"0"},"categories":[5],"tags":[23,28,29,32,33,22,336,3313,30,31,35,39,38,36,37,34,40,20,26,27,24,25,21,42224],"class_list":["post-281852","post","type-post","status-publish","format-standard","has-post-thumbnail","category-aktualitates","tag-aktualitates","tag-breaking-news","tag-breakingnews","tag-featured-news","tag-featurednews","tag-headlines","tag-izglitiba","tag-izglitibas-un-zinatnes-ministrija","tag-latest-news","tag-latestnews","tag-latvia","tag-latvian","tag-latviesu","tag-latviesu-valoda","tag-latviesuvaloda","tag-latvija","tag-lv","tag-news","tag-popularakas-zinas","tag-popularakaszinas","tag-top-stories","tag-topstories","tag-zinas","tag-zinibu-diena"],"share_on_mastodon":{"url":"https:\/\/pubeurope.com\/@lv\/117193990622380830","error":""},"_links":{"self":[{"href":"https:\/\/www.europesays.com\/lv\/wp-json\/wp\/v2\/posts\/281852","targetHints":{"allow":["GET"]}}],"collection":[{"href":"https:\/\/www.europesays.com\/lv\/wp-json\/wp\/v2\/posts"}],"about":[{"href":"https:\/\/www.europesays.com\/lv\/wp-json\/wp\/v2\/types\/post"}],"author":[{"embeddable":true,"href":"https:\/\/www.europesays.com\/lv\/wp-json\/wp\/v2\/users\/2"}],"replies":[{"embeddable":true,"href":"https:\/\/www.europesays.com\/lv\/wp-json\/wp\/v2\/comments?post=281852"}],"version-history":[{"count":0,"href":"https:\/\/www.europesays.com\/lv\/wp-json\/wp\/v2\/posts\/281852\/revisions"}],"wp:featuredmedia":[{"embeddable":true,"href":"https:\/\/www.europesays.com\/lv\/wp-json\/wp\/v2\/media\/281853"}],"wp:attachment":[{"href":"https:\/\/www.europesays.com\/lv\/wp-json\/wp\/v2\/media?parent=281852"}],"wp:term":[{"taxonomy":"category","embeddable":true,"href":"https:\/\/www.europesays.com\/lv\/wp-json\/wp\/v2\/categories?post=281852"},{"taxonomy":"post_tag","embeddable":true,"href":"https:\/\/www.europesays.com\/lv\/wp-json\/wp\/v2\/tags?post=281852"}],"curies":[{"name":"wp","href":"https:\/\/api.w.org\/{rel}","templated":true}]}}