{"id":281870,"date":"2026-09-01T05:41:13","date_gmt":"2026-09-01T05:41:13","guid":{"rendered":"https:\/\/www.europesays.com\/lv\/281870\/"},"modified":"2026-09-01T05:41:13","modified_gmt":"2026-09-01T05:41:13","slug":"grupas-citi-zeni-solists-janis-petersons-kluvis-par-precetu-viru","status":"publish","type":"post","link":"https:\/\/www.europesays.com\/lv\/281870\/","title":{"rendered":"Grupas &#8220;Citi z\u0113ni&#8221; solists J\u0101nis P\u0113tersons k\u013cuvis par prec\u0113tu v\u012bru"},"content":{"rendered":"<p class=\"lead\">\n                                    Soci\u0101lajos medijos publiskojot att\u0113lus no k\u0101zu dienas, par laul\u012bb\u0101m pazi\u0146ojis grupas &#8220;Citi z\u0113ni&#8221; solists un radio person\u012bba J\u0101nis P\u0113tersons. Vi\u0146\u0161 atkl\u0101j, ka saj\u016btas p\u0113c k\u0101z\u0101m v\u0113l nav l\u012bdz galam nos\u0113du\u0161\u0101s, ta\u010du \u0161obr\u012bd j\u016btas laim\u012bgs un nedaudz virs zemes, raksta \u017eurn\u0101ls &#8220;Kas Jauns&#8221;.\n                                <\/p>\n<p>J\u0101nis past\u0101st\u012bjis, ka ar savu sievu El\u012bnu iepazinies jau pirms vair\u0101k nek\u0101 septi\u0146iem gadiem. Toreiz abi satiku\u0161ies grupas &#8220;The Citizens LV&#8221; videoklipa film\u0113\u0161an\u0101. Pa \u012bstam vi\u0146u attiec\u012bbas gan s\u0101ku\u0161\u0101s v\u0113l\u0101k \u2014 draugu ball\u012bt\u0113, kas notikusi El\u012bnas dz\u012bvokl\u012b.<\/p>\n<p>Jau toreiz draugi esot saskat\u012bju\u0161i abu sader\u012bbu, tom\u0113r netic\u0113ju\u0161i, ka J\u0101nim izdosies El\u012bnu uzaicin\u0101t uz randi\u0146u.\u00a0<\/p>\n<p>P\u0101ri laul\u0101jis m\u0101c\u012bt\u0101js Linards Rozent\u0101ls, bet k\u0101zu ceremonija notikusi atp\u016btas viet\u0101 &#8220;Dunduri\u0146i&#8221;.<\/p>\n<p class=\"paragraph-muted\">Pla\u0161\u0101k uzziniet \u017eurn\u0101l\u0101 &#8220;Kas Jauns&#8221;.<\/p>\n<p class=\"paragraph-muted\">Izv\u0113lies savu soct\u012bklu platformu, lai sekotu LASI.LV: <a href=\"https:\/\/www.facebook.com\/portals.lasi.lv\" target=\"_blank\" rel=\"noopener noreferrer nofollow\">Facebook<\/a>, <a href=\"https:\/\/twitter.com\/lasilvportals\" target=\"_blank\" rel=\"noopener noreferrer nofollow\">X<\/a>, <a href=\"https:\/\/bsky.app\/profile\/lasilv.bsky.social\" target=\"_blank\" rel=\"noopener noreferrer nofollow\">Bluesky<\/a>, <a href=\"https:\/\/www.draugiem.lv\/lasilv\/?pg=4\" target=\"_blank\" rel=\"noopener noreferrer nofollow\">Draugiem<\/a>, <a href=\"https:\/\/www.threads.com\/@lasilv_zinas\" rel=\"nofollow noopener\" target=\"_blank\">Threads<\/a> vai ar\u012b <a href=\"https:\/\/www.instagram.com\/lasilv_zinas\/\" target=\"_blank\" rel=\"noopener noreferrer nofollow\">Instagram<\/a>. Pievienojies m\u016bsu las\u012bt\u0101ju pulkam, lai sa\u0146emtu \u012bpa\u0161i tev atlas\u012btu noder\u012bgu, praktisku un aktu\u0101lu saturu.\u00a0<\/p>\n<p style=\"margin-left:auto;\">Pieraksties LASI.LV redaktora v\u0113stkopai <a href=\"https:\/\/lasi.lv\/vestkopa\/lasi-lv-galvena-redaktora-vestkopa\" rel=\"nofollow noopener\" target=\"_blank\">\u0161eit<\/a>.<\/p>\n<p>Pieraksties v\u0113stkopai un divas reizes ned\u0113\u013c\u0101 sa\u0146em padzi\u013cin\u0101tu LASI.LV galven\u0101 redaktora aktu\u0101lo zi\u0146u, kompetentu viedok\u013cu un interesant\u0101ko interviju apkopojumu.<\/p>\n<p>Ko tu sa\u0146emsi:<\/p>\n<ul>\n<li>Daudzveid\u012bgus koment\u0101rus un kompetentus Latvijas Mediju \u017eurn\u0101listu un autoru viedok\u013cus par aktu\u0101lo<\/li>\n<li>Ekspertu koment\u0101rus par da\u017e\u0101diem praktiskiem, noder\u012bgiem tematiem<\/li>\n<li>Aizraujo\u0161us materi\u0101lus par v\u0113sturi, psiholo\u0123iju, kult\u016bru<\/li>\n<li>Gata \u0160\u013c\u016bkas karikat\u016bru<\/li>\n<li>Tav\u0101 e-pasta kast\u012bt\u0113 katru ceturtdienu<\/li>\n<\/ul>\n<p style=\"margin-left:auto;\">\u00a0<\/p>\n<p><script async src=\"https:\/\/platform.twitter.com\/widgets.js\" charset=\"utf-8\"><\/script><script async src=\"\/\/www.instagram.com\/embed.js\"><\/script><\/p>\n","protected":false},"excerpt":{"rendered":"Soci\u0101lajos medijos publiskojot att\u0113lus no k\u0101zu dienas, par laul\u012bb\u0101m pazi\u0146ojis grupas &#8220;Citi z\u0113ni&#8221; solists un radio person\u012bba J\u0101nis&hellip;\n","protected":false},"author":2,"featured_media":281871,"comment_status":"","ping_status":"","sticky":false,"template":"","format":"standard","meta":{"footnotes":"","_share_on_mastodon":"0"},"categories":[19],"tags":[89,90,35,39,38,36,37,34,40],"class_list":["post-281870","post","type-post","status-publish","format-standard","has-post-thumbnail","category-izklaide","tag-entertainment","tag-izklaide","tag-latvia","tag-latvian","tag-latviesu","tag-latviesu-valoda","tag-latviesuvaloda","tag-latvija","tag-lv"],"share_on_mastodon":{"url":"https:\/\/pubeurope.com\/@lv\/117194187356787785","error":""},"_links":{"self":[{"href":"https:\/\/www.europesays.com\/lv\/wp-json\/wp\/v2\/posts\/281870","targetHints":{"allow":["GET"]}}],"collection":[{"href":"https:\/\/www.europesays.com\/lv\/wp-json\/wp\/v2\/posts"}],"about":[{"href":"https:\/\/www.europesays.com\/lv\/wp-json\/wp\/v2\/types\/post"}],"author":[{"embeddable":true,"href":"https:\/\/www.europesays.com\/lv\/wp-json\/wp\/v2\/users\/2"}],"replies":[{"embeddable":true,"href":"https:\/\/www.europesays.com\/lv\/wp-json\/wp\/v2\/comments?post=281870"}],"version-history":[{"count":0,"href":"https:\/\/www.europesays.com\/lv\/wp-json\/wp\/v2\/posts\/281870\/revisions"}],"wp:featuredmedia":[{"embeddable":true,"href":"https:\/\/www.europesays.com\/lv\/wp-json\/wp\/v2\/media\/281871"}],"wp:attachment":[{"href":"https:\/\/www.europesays.com\/lv\/wp-json\/wp\/v2\/media?parent=281870"}],"wp:term":[{"taxonomy":"category","embeddable":true,"href":"https:\/\/www.europesays.com\/lv\/wp-json\/wp\/v2\/categories?post=281870"},{"taxonomy":"post_tag","embeddable":true,"href":"https:\/\/www.europesays.com\/lv\/wp-json\/wp\/v2\/tags?post=281870"}],"curies":[{"name":"wp","href":"https:\/\/api.w.org\/{rel}","templated":true}]}}