{"id":281876,"date":"2026-09-01T05:47:13","date_gmt":"2026-09-01T05:47:13","guid":{"rendered":"https:\/\/www.europesays.com\/lv\/281876\/"},"modified":"2026-09-01T05:47:13","modified_gmt":"2026-09-01T05:47:13","slug":"no-malera-lidz-futbolam-lnso-muziki-daniils-bulajevs-un-ieva-sablovska-par-orkestra-simtgadi-un-dzivi-arpus-muzikas-raksts","status":"publish","type":"post","link":"https:\/\/www.europesays.com\/lv\/281876\/","title":{"rendered":"No M\u0101lera l\u012bdz futbolam. LNSO m\u016bzi\u0137i Daniils Bulajevs un Ieva \u0160ablovska par or\u0137estra simtgadi un dz\u012bvi \u0101rpus m\u016bzikas \/ Raksts"},"content":{"rendered":"<p>Latvijas Telev\u012bzijas raid\u012bjum\u0101 &#8220;Kult\u016brdeva&#8221; m\u016bzi\u0137i atkl\u0101j, ar k\u0101diem muzik\u0101liem p\u0101rsteigumiem jubilejas sezon\u0101 priec\u0113s klaus\u012bt\u0101jus un kas or\u0137estri saista ar futbolu un Zemessardzi.<\/p>\n<p>Henrieta Verhoustinska: Sveicu studij\u0101 Latvijas Nacion\u0101l\u0101 simfonisk\u0101 or\u0137estra arfu grupas koncertmeistari Ievu \u0160ablovsku un jaun\u0101ko or\u0137estra koncertmeistaru, vijolnieku Daniilu Bulajevu. Ieva \u0161aj\u0101 or\u0137estr\u012b ir jau kop\u0161 2015.\u00a0gada, bet Daniils \u0161opavasar,\u00a022 gadu vecum\u0101, <a href=\"https:\/\/www.lsm.lv\/raksts\/kultura\/muzika\/22.04.2026-par-nacionala-simfoniska-orkestra-koncertmeistaru-kluvis-vijolnieks-daniils-bulajevs.a644043\/?utm_source=lsm&amp;utm_medium=theme&amp;utm_campaign=theme\" target=\"_blank\" class=\"lsm-link\" data-type=\"article\" data-id=\"644043\" rel=\"nofollow noopener\">uzvar\u0113ja konkurs\u0101 uz or\u0137estra koncertmeistara vietu.<\/a>\u00a0Latvijas Nacion\u0101lais simfoniskais or\u0137estris \u0161ogad svin simtgadi. Sp\u0113l\u0113t Latvijas Nacion\u0101laj\u0101 simfoniskaj\u0101 or\u0137estr\u012b, Daniil, vai tas ir t\u0101ds sap\u0146a piepild\u012bjums, vai starta laukums? Ko tas \u012bsti noz\u012bm\u0113 \u2013 sp\u0113l\u0113t simtgad\u012bg\u0101 or\u0137estr\u012b jaunam m\u016bzi\u0137im?\u00a0<\/p>\n<p>Daniils Bulajevs: Ziniet, manupr\u0101t, t\u0101 ir divk\u0101r\u0161a atbild\u012bba \u2013 kad tu ieej jaun\u0101 kolekt\u012bv\u0101, it \u012bpa\u0161i jau tik noz\u012bm\u012bg\u0101s poz\u012bcij\u0101s, turkl\u0101t \u2013 ne parast\u0101 sezon\u0101, bet tik liel\u0101 jubilej\u0101. Es to uzskatu k\u0101 lielu atbild\u012bbu, un katru dienu arvien vair\u0101k un vair\u0101k es gaidu savu pirmo programmu, kas b\u016bs oktobr\u012b ar br\u012bni\u0161\u0137\u012bgo fran\u010du diri\u0123entu \u017danu Klodu Kazades\u012b. (..) Es ceru, ka m\u0113s visi atrad\u012bsim kop\u012bgu valodu fantastiskajos opusos ar br\u012bni\u0161\u0137\u012bgajiem diri\u0123entiem m\u016bsu priek\u0161\u0101 un sp\u0113l\u0113sim t\u0101du lielu, simfonisku kamerm\u016bziku.\u00a0<\/p>\n<p>Ieva, tu or\u0137estr\u012b str\u0101d\u0101 jau vair\u0101k nek\u0101 desmit gadu, un m\u0113s aizkadr\u0101 run\u0101j\u0101m par to, ka b\u016bt arfistei-sievietei \u012bsten\u012bb\u0101 ir diezgan jauns pan\u0101kums, ja skat\u0101s v\u0113stur\u0113.\u00a0<\/p>\n<p>Ieva \u0160ablovska: Tie\u0161i t\u0101! V\u0113sturiski arfu sp\u0113l\u0113ja v\u012brie\u0161i. Es dom\u0101ju, ka tas ir t\u0101p\u0113c, ka tas instruments ir pietieko\u0161i smags.\u00a0<\/p>\n<p>40 kilogrami \u2013 t\u0101 tu teici.\u00a0<\/p>\n<p>Ieva \u0160ablovska: J\u0101, s\u0101kum\u0101 gan nebija tik lieli tie instrumenti, bet t\u0101pat tie bija smagn\u0113ji. Un ar\u012b pati sp\u0113l\u0113\u0161ana prasa daudz sp\u0113ka. J\u0101sp\u0113l\u0113 ar rok\u0101m, ar k\u0101j\u0101m, ir augsta koordin\u0101cija ar\u012b nepiecie\u0161ama, lai visp\u0101r var\u0113tu sp\u0113l\u0113t to instrumentu. Protams, ar\u012b p\u0101rvieto\u0161ana ir viena liela\u2026 neteiksim, ka probl\u0113ma, bet apgr\u016btin\u0101jums. Bet mums or\u0137estr\u012b ir br\u012bni\u0161\u0137\u012bgi tehniskie pui\u0161i, kuriem es vienm\u0113r saku lielu paldies par katru reizi, kad vi\u0146i man pal\u012bdz nog\u0101d\u0101t instrumentu no vienas vietas l\u012bdz otrai. (..)<\/p>\n<p>            <img decoding=\"async\" src=\"https:\/\/www.europesays.com\/lv\/wp-content\/uploads\/2026\/09\/u1t5.png\" alt=\"Ieva \u0160ablovska, Daniils Bulajevs un Henrieta Verhoustinska\"\/><\/p>\n<p>Foto: LT<\/p>\n<p>Ieva \u0160ablovska, Daniils Bulajevs un Henrieta Verhoustinska<\/p>\n<\/p>\n<p>Tu ar\u012b teici, ka \u013coti bie\u017ei \u0161is instruments nemaz netiek vad\u0101ts l\u012bdzi, bet gan tiek no\u012br\u0113ts uz vietas. K\u0101di ir biju\u0161i piedz\u012bvojumi ar to?\u00a0<\/p>\n<p>Ieva \u0160ablovska: Ja m\u0113s brauk\u0101jam pa Latviju, tad m\u0113s \u0146emam l\u012bdzi, iz\u0146emot, ja m\u0113s braucam uz Liep\u0101ju, jo tur ir instruments, kuru es jau labi paz\u012bstu. Ja m\u0113s braucam uz \u0101rzem\u0113m, tad es pirms tam esmu noskaidrojusi, kas tur b\u016bs pa instrumentu, esmu to iepazinusi. (..) \u012ar\u0113jot instrumentu, var gad\u012bties atrast &#8220;ka\u0137i mais\u0101&#8221;. No\u0146emsi p\u0101rvalku, un tikai tad tu uzzin\u0101si, kas tur apak\u0161\u0101 ir. Ir bijis t\u0101, ka man ir \u013coti labi instrumenti apak\u0161\u0101, bet\u00a0<\/p>\n<blockquote>\n<p>ir ar\u012b bijis t\u0101, ka man atved instrumentu, kuram spr\u016bst ped\u0101\u013ci un es l\u016bdzu Dievu visa koncerta laik\u0101 nevis par to, kaut es skaisti nosp\u0113l\u0113tu, bet vienk\u0101r\u0161i par to, kaut nu tas ped\u0101lis neiespr\u016bstu.\u00a0<\/p>\n<\/blockquote>\n<p>Daniil, vijolniekiem gan ir viegl\u0101k.\u00a0<\/p>\n<p>Daniils Bulajevs: Daudz viegl\u0101k! (Smejas.)\u00a0<\/p>\n<p>Tev ir instruments, kuru tu lidma\u0161\u012bn\u0101 vari nolikt pat sev blakus, vai ne?<\/p>\n<p>Daniils Bulajevs: Atkar\u012bb\u0101 no aviokomp\u0101nijas. Piem\u0113ram, &#8220;Lufthansa&#8221; vai &#8220;airBaltic&#8221; at\u013cauj likt instrumentu ar\u012b aug\u0161\u0101, kur liek rokas bag\u0101\u017eu. M\u016bsdien\u0101s gan paliek arvien gr\u016bt\u0101k un gr\u016bt\u0101k, jo katru reizi, kad tu atver &#8220;Facebook&#8221;, tu redzi, ka k\u0101dam nebija \u013c\u0101vu\u0161i tom\u0113r ies\u0113sties lidma\u0161\u012bn\u0101, jo bija l\u012bdzi vijole un kaste bija nedaudz liel\u0101ka, nek\u0101 tas ir at\u013cauts noteikumos. Vai pras\u012bja samaks\u0101t lielas summas, lai var\u0113tu visp\u0101r p\u0101rvad\u0101t. Tu nekad t\u0101 ar\u012b nekad l\u012bdz galam nevari zin\u0101t, k\u0101 viss izv\u0113rt\u012bsies ar to p\u0101rvad\u0101\u0161anu. Man pagaid\u0101m ir veicies \u0161aj\u0101 jaut\u0101jum\u0101 \u2013 visos reisos esmu ticis un p\u0101rlidojis.\u00a0<\/p>\n<p>Cik vijo\u013cu tev ir?\u00a0\u00a0<\/p>\n<p>Daniils Bulajevs: Man ir tikai viena. Mums \u2013 gan vijolniekiem, gan altistiem, gan \u010dellistiem \u2013 ar instrumentiem ir \u013coti liela probl\u0113ma. Atrast labu instrumentu un to nopirkt m\u0113s pa\u0161i nevaram at\u013cauties, jo t\u0101s ir neiedom\u0101jamas summas, it \u012bpa\u0161i, ja m\u0113s run\u0101jam par k\u0101du veco it\u0101\u013cu meistaru darin\u0101jumu vai fran\u010du. Bet man paveic\u0101s ar to, ka instrumentu, uz kura es tagad sp\u0113l\u0113ju, man nopirka. Vien\u0101 moment\u0101 pirms tr\u012bs gadiem, kad es lidoju uz Vindzoras pili sp\u0113l\u0113t kop\u0101 ar Londonas Simfonisko or\u0137estri, man pien\u0101ca e-pasts no konkursa, kur\u0101 es biju sp\u0113l\u0113jis un kura organizatori man k\u0101 balvu uz diviem gadiem bija iedevu\u0161i vecu it\u0101\u013cu meistara vijoli. Vi\u0146i man uzrakst\u012bja: &#8220;Daniil, m\u0113s redz\u0113j\u0101m, ka tu b\u016bsi Lielbrit\u0101nij\u0101! Nosp\u0113l\u0113 koncertu, bet p\u0113c tam, l\u016bdzu, atdod mums instrumentu atpaka\u013c, jo mums tas j\u0101atdod citam jaunajam m\u016bzi\u0137im!&#8221; Es braucu uz to koncertu, kas v\u0113l bija p\u0101rcelts, jo diem\u017e\u0113l aizg\u0101ja m\u016b\u017e\u012bb\u0101 karaliene, un tas viss bija gr\u016bti. Es lidoju ar domu, ka tas b\u016bs mans p\u0113d\u0113jais koncerts uz \u0161\u012b instrumenta, un galv\u0101 bija ar\u012b doma, ka es atgriez\u012b\u0161os Latvij\u0101 un nezin\u0101\u0161u, uz k\u0101 es sp\u0113l\u0113\u0161u t\u0101l\u0101k. Jo vienk\u0101r\u0161i man nav instrumenta.\u00a0<\/p>\n<p>Kolos\u0101li.\u00a0<\/p>\n<p>Daniils Bulajevs: Bet es esmu \u013coti pateic\u012bgs [uz\u0146\u0113m\u0113jam] Ark\u0101dijam Suharenko, kur\u0161 man pal\u012bdz\u0113ja un nopirka m\u016bsdienu fantastisku instrumentu un loci\u0146u, to es sp\u0113l\u0113ju jau tre\u0161o gadu.\u00a0<\/p>\n<p>Un sp\u0113l\u0113si ar\u012b Nacion\u0101laj\u0101 simfoniskaj\u0101 or\u0137estr\u012b?\u00a0<\/p>\n<p>Daniils Bulajevs: J\u0101. M\u0113s jau ar to instrumentu esam \u013coti sadraudz\u0113ju\u0161ies \u2013 mums ir fantastiskas attiec\u012bbas. Tas instrumentu jaut\u0101jums mums ir \u013coti s\u0101p\u012bgs. Jo, ja tas ir k\u0101da fonda instruments, tu nekad nevari zin\u0101t, kur\u0101 br\u012bd\u012b tu paliksi bez t\u0101.<\/p>\n<p>Daniil, tevi ilgus tavus dz\u012bves gadus d\u0113v\u0113ja par br\u012bnumb\u0113rnu. Tu sp\u0113l\u0113ji no agra vecuma, un tagad, 22 gadu vecum\u0101, tu esi Latvijas Nacion\u0101l\u0101 simfonisk\u0101 or\u0137estra koncertmeistars. Vai tev bija t\u0101da norm\u0101la puikas b\u0113rn\u012bba? Ar futbolu, ar dauz\u012b\u0161anos pagalm\u0101? Vai varb\u016bt tev visu laiku bija j\u0101saudz\u0113 rokas?\u00a0<\/p>\n<p>Daniils Bulajevs: B\u0113rn\u012bba man noteikti bija! Tagad es nesaprotu, k\u0101 es var\u0113ju to pasp\u0113t, bet es nodarbojos paral\u0113li ar\u012b ar sporta dej\u0101m. L\u012bdz k\u0101diem 12 vai 13 gadiem es kaut k\u0101 var\u0113ju pavilkt gan m\u016bziku, gan sporta dejas, gan br\u012bvo laiku atradu b\u0113rnu liet\u0101m. Futbolu es ar\u012b sp\u0113l\u0113ju \u2013 joproj\u0101m sp\u0113l\u0113ju. Starp citu, ar br\u012bni\u0161\u0137\u012bgiem kol\u0113\u0123iem un ar\u012b no citiem muzik\u0101lajiem kolekt\u012bviem. Man \u0161\u0137iet, ka tas ir \u013coti svar\u012bgi \u2013 lai tu kaut kad tom\u0113r var\u0113tu p\u0101rsl\u0113gt savu galvu vai savas domas no t\u0101 ikdienas skr\u0113jiena. Vismaz nedaudz, kaut uz stundu, piem\u0113ram, pasp\u0113l\u0113t futbolu un piln\u012bb\u0101 atsl\u0113gties. T\u0101 emocionalit\u0101te tad iziet, un tev ir daudz vienk\u0101r\u0161\u0101k str\u0101d\u0101t p\u0113c tam.\u00a0<\/p>\n<p>Vai nav t\u0101, ka m\u016bzi\u0137im ir j\u0101b\u016bt tom\u0113r uzman\u012bgam taj\u0101s sporta sp\u0113l\u0113s?\u00a0<\/p>\n<p>Daniils Bulajevs: Protams, ka j\u0101b\u016bt uzman\u012bgam. Da\u017eiem kol\u0113\u0123iem ir biju\u0161as nepat\u012bkamas traumas futbol\u0101. Protams, ka j\u0101saudz\u0113 sevi un j\u0101sp\u0113l\u0113 ar domu, ka, piem\u0113ram, ja tu st\u0101vi v\u0101rtos, tev j\u0101nokr\u012bt tom\u0113r t\u0101, lai tu var\u0113tu r\u012btdien aiziet uz m\u0113\u0123in\u0101jumu vai nosp\u0113l\u0113t koncertu.\u00a0<\/p>\n<blockquote>\n<p>J\u0101saudz\u0113 sevi, jo m\u0113s nevaram at\u013cauties t\u0101 aiziet pasp\u0101rd\u012bt bumbu un p\u0113c tam s\u0113d\u0113t traumupunkt\u0101. (Smejas.)\u00a0<\/p>\n<\/blockquote>\n<p>Daniil, bet tev ir ne tikai Nacion\u0101lais simfoniskais or\u0137estris, bet ar\u012b tavs or\u0137estis &#8220;Davinspiro Camerata&#8221;, kuru m\u0113s dzird\u0113sim \u0161eit, &#8220;Kult\u016brdevas&#8221; studij\u0101. Ko j\u016bs sp\u0113l\u0113siet? <\/p>\n<p>Daniils Bulajevs: M\u0113s sp\u0113l\u0113sim da\u013cu no Johana Sebastiana Baha dubultkoncerta, kas ori\u0123in\u0101li rakst\u012bts div\u0101m vijol\u0113m un kameror\u0137estrim, bet tas b\u016bs pavisam cit\u0101 skan\u0113jum\u0101 \u2013 tas b\u016bs vijolei, vibrofonam un st\u012bgu or\u0137estrim. T\u0101 b\u016bs t\u0101da maza da\u013ci\u0146a no m\u016bsu autorprogrammas, kuru m\u0113s izveidoj\u0101m kop\u0101 ar Andreju Pu\u0161karevu \u2013\u00a0&#8220;Bach Was Born in South America&#8221; jeb &#8220;Bahs ir dzimis Lat\u012b\u0146amerik\u0101&#8221;. M\u0113s pa\u0146\u0113m\u0101m m\u016bsu svar\u012bg\u0101k\u0101 komponista m\u016bziku un, eksperiment\u0113jot, improviz\u0113jot, rad\u012bj\u0101m iesp\u0113ju, k\u0101 tad vi\u0146\u0161 skan\u0113tu ar lat\u012b\u0146amerik\u0101\u0146u ritmiem, \u017eanriem, improviz\u0101cij\u0101m\u2026<\/p>\n<p>Br\u012bni\u0161\u0137\u012bgi, mums b\u016bs lieliska iesp\u0113ja to dzird\u0113t.<\/p>\n<p>(..) Saki, l\u016bdzu, vai tavs jaunie\u0161u or\u0137estris nekonkur\u0113s ar sirmo un nacion\u0101lo simfonisko or\u0137estri tav\u0101 dai\u013crad\u0113?\u00a0<\/p>\n<p>Daniils Bulajevs: Es dom\u0101ju, ka nekonkur\u0113s. S\u0101ksim ar to, ka tie ir divi da\u017e\u0101di \u017eanri. M\u0113s sp\u0113l\u0113jam kamerm\u016bziku un opusus, kuri ir sarakst\u012bti mazam sast\u0101vam, un tas nek\u0101di nevar konkur\u0113t ar fantastiskaj\u0101m B\u0113thovena, Br\u0101msa vai M\u0101lera simfonij\u0101m, ar lielajiem opusiem un or\u0137estra skan\u0113jumu. T\u0101s ir da\u017e\u0101das emocijas skan\u0113jum\u0101. Bet m\u0113s ar Nacion\u0101l\u0101 or\u0137estra vad\u012bbu run\u0101j\u0101m, ka m\u016bsu priec\u0113, ka tie m\u016bzi\u0137i, kuri sp\u0113l\u0113 vien\u0101, sp\u0113l\u0113 ar\u012b otr\u0101 or\u0137estr\u012b, un ar\u012b da\u017ei m\u016bzi\u0137i, kuri s\u0101kum\u0101 bija man\u0101 kameror\u0137estr\u012b, tagad sp\u0113l\u0113 ar\u012b Nacion\u0101laj\u0101 or\u0137estr\u012b st\u012bgu grup\u0101s. Tas, manupr\u0101t, ir \u013coti svar\u012bgi \u2013 lai m\u0113s, m\u016bzi\u0137i, var\u0113tu att\u012bst\u012bties visos virzienos. Piem\u0113ram, da\u017ereiz simfonisk\u0101 m\u016bzika, lai ar\u012b cik vi\u0146a br\u012bni\u0161\u0137\u012bga neb\u016btu, vi\u0146a var\u2026 tu zaud\u0113 to kaut k\u0101du intimit\u0101ti, kuru tu vari dab\u016bt kamerm\u016bzik\u0101. Savuk\u0101rt kamerm\u016bzik\u0101 tu nevari dab\u016bt tik lielu skan\u0113juma apjomu un v\u0113rienu. T\u0101p\u0113c, manupr\u0101t, tas ir super\u012bgi, ka m\u016bzi\u0137i un ar\u012b es pats no rudens muzic\u0113\u0161u gan Nacion\u0101laj\u0101 or\u0137estr\u012b, gan turpin\u0101sies ar\u012b darb\u012bba ar manu kameror\u0137estri. S\u0101kum\u0101 b\u016bs j\u0101nosp\u0113l\u0113 un j\u0101nosvin Nacion\u0101l\u0101 or\u0137estra simt\u0101 sezona, bet p\u0113c pavisam neliela br\u012b\u017ea, s\u0101kot no marta 2017.\u00a0gad\u0101, var\u0113s tikpat v\u0113rien\u012bgi nosvin\u0113t un izdz\u012bvot ar\u012b &#8220;Davinspiro Camerata&#8221; pirmo piecgadi. Protams, nesal\u012bdzin\u0101mi ar simtiem, bet tom\u0113r\u2026\u00a0<\/p>\n<p>Ieva, tev ar\u012b ir da\u017e\u0101di koncerti \u0101rpus Latvijas Nacion\u0101l\u0101 simfonisk\u0101 or\u0137estra un da\u017e\u0101dos kamersast\u0101vos, bet nesen R\u012bgas sv\u0113tkos tu sp\u0113l\u0113ji kop\u0101 ar DJ Monsta. \u0160\u0101di eksperimenti ir tava v\u0113lme izpausties vai tas ir kas t\u0101ds, kas tev vienk\u0101r\u0161i pat\u012bk?\u00a0<\/p>\n<p>Ieva \u0160ablovska: M\u016bsu satik\u0161an\u0101s ar DJ Monsta bija piln\u012bga nejau\u0161\u012bba, jo m\u016bs saveda kop\u0101 piln\u012bgi sve\u0161i cilv\u0113ki. K\u0101ds vienk\u0101r\u0161i bija izt\u0113lojies, ka tas b\u016btu br\u012bni\u0161\u0137\u012bgi, ja d\u012bd\u017eejs sp\u0113l\u0113tu ar arfu. Kad m\u0113s satik\u0101mies, kas bija jau pirms vair\u0101kiem gadiem, es biju \u013coti satraukusies, un es nesapratu, kas tur no t\u0101 visa var\u0113tu \u012bsti san\u0101kt, bet m\u016bsu sadarb\u012bba ir br\u012bni\u0161\u0137\u012bga \u2013 es dom\u0101ju, ka m\u0113s ar\u012b turpin\u0101sim to. Tom\u0113r es neteik\u0161u, ka es esmu no tiem, kas grib eksperiment\u0113t. Man pat\u012bk t\u0101das klasiskas un p\u0101rbaud\u012btas v\u0113rt\u012bbas. (..)\u00a0<\/p>\n<p>23. septembr\u012b, Daniil, tavam kameror\u0137estrim ir koncerts V\u012bnes &#8220;Musikvereins&#8221; Br\u0101msa z\u0101l\u0113. \u010caikovskis un Ernesku skan\u0113s programm\u0101. Ko jaunam m\u016bzi\u0137im noz\u012bm\u0113 sav\u0101 kalend\u0101r\u0101 ierakst\u012bt &#8220;Musikvereins&#8221;?\u00a0<\/p>\n<p>Daniils Bulajevs:\u00a0T\u0101 ir liela atbild\u012bba, un tas ir ar\u012b liels stress. Pat taj\u0101 br\u012bd\u012b, kad tu atver telefonu un ieraksti \u0161o v\u0101rdu kalend\u0101r\u0101. Un v\u0113l jo vair\u0101k, kad tu saproti, ka tas koncerts notiks ar ko t\u0101du, ko tu pats esi rad\u012bjis un nodibin\u0101jis. Uz to br\u012bdi, kad mums par \u0161o pazi\u0146oja, mums v\u0113l bija tikai tr\u012bs ar pusi gadi. Tas bija \u0101rk\u0101rt\u012bgi pat\u012bkams p\u0101rsteigums. Bet atbild\u012bbas saj\u016bta ir \u013coti liela, jo t\u0101 ir t\u0101da z\u0101le, kur\u0101 tu pat \u012bsti nevari tik \u013coti uztic\u0113ties savai pieredzei un nervu sist\u0113mai, jo gribot negribot spie\u017e [uz nerviem] tas, k\u0101das zvaigznes tur ir sp\u0113l\u0113ju\u0161as. T\u0101 z\u0101le ir tik liela ar savu v\u0101rdu un noz\u012bmi Eirop\u0101! M\u0113s \u013coti gaid\u0101m to koncertu, un p\u0113c t\u0101 b\u016bs ar\u012b citi koncerti Igaunij\u0101, Kipr\u0101\u2026 T\u0101 b\u016bs t\u0101da darb\u012bga ned\u0113\u013ca. Kad es m\u016bzi\u0137iem par \u0161o pazi\u0146oju, visi sastinga un teica \u2013 Daniil, vai tu joko? P\u0113c k\u0101da m\u0113ne\u0161a vai diviem es jau atg\u0101din\u0101ju, lai patie\u0161\u0101m visi rezerv\u0113 to datumu kalend\u0101r\u0101 t\u0101dam pas\u0101kumam.<\/p>\n<p>Uz \u0161o koncertu dosies ar\u012b mana kol\u0113\u0123e no Latvijas Telev\u012bzijas &#8220;Kult\u016bras zi\u0146\u0101m&#8221;, l\u012bdz ar to ar\u012b Latvijas Telev\u012bzijas skat\u012bt\u0101ji var\u0113s iel\u016bkoties notieko\u0161aj\u0101. Bet, Ieva, p\u0113tot tavu biogr\u0101fiju, mani burtiski apb\u016bra viena deta\u013ca \u2013\u00a0kop\u0101 ar v\u012bru Ainaru j\u016bs abi dien\u0101t Zemessardz\u0113. <\/p>\n<p>Ieva \u0160ablovska: Tie\u0161i t\u0101.\u00a0<\/p>\n<p>T\u0101tad jaut\u0101jums, ko es uzdevu Daniilam par futbolu un rok\u0101m, tikpat labi attiecas ar\u012b uz tevi un dien\u0113\u0161anu. <\/p>\n<p>Ieva \u0160ablovska: J\u0101, piln\u012bgi pareizi. Tad, kad Daniils st\u0101st\u012bja, ka vi\u0146\u0161 atsl\u0113dz smadzenes no t\u0101s \u013coti pastiprin\u0101t\u0101s emocion\u0101l\u0101s slodzes, kas mums ir or\u0137estr\u012b vai citur muzic\u0113\u0161an\u0101, es iedom\u0101jos, ka Zemessardze ir tas, kas mani sazem\u0113. M\u0113s ar v\u012bru aizbraucam uz dienestu, un tur mums ir piln\u012bgi citi uzdevumi. Par roku saudz\u0113\u0161anu ar\u012b \u2013 jau pirmaj\u0101 dien\u0101, kad es biju Zemessardz\u0113, es sapratu, ka es neko nedr\u012bkstu dar\u012bt bez cimdiem, l\u012bdz ar to es piln\u012bgi visu tur daru ar cimdiem. Katru reizi, kad ir k\u0101das cel\u0161anas vai skrie\u0161anas pa me\u017eu, es ar\u012b dom\u0101ju par to, k\u0101 krist pareizi, ja nu esmu spiesta krist. Visas darb\u012bbas ar ieroci ar\u012b notiek tikai un vien\u012bgi ar cimdiem, p\u0113c iesp\u0113jas sevi saudz\u0113jot, lai neb\u016btu nevienas mikrotraumas. Jo ir j\u0101sp\u0113j tom\u0113r ar pirkstu galiem un \u0101du sp\u0113l\u0113t, t\u0101p\u0113c ir svar\u012bgi, lai neb\u016btu ar\u012b nevienas mikrotraumas. Daniils vismaz labaj\u0101 rok\u0101 var pa\u0146emt loci\u0146u, bet man ska\u0146a j\u0101rada ar savu \u0101du un \u0137ermeni.\u00a0<\/p>\n<p>Tu ar\u012b esi teikusi, ka armija l\u012bdzin\u0101s simfoniskajam or\u0137estrim. K\u0101 tu to dom\u0101ji?\u00a0<\/p>\n<p>Ieva \u0160ablovska: Ir hierarhija, ir ar\u012b kaut k\u0101das komandas. Diri\u0123ents mums t\u0101s dod ar savu roku, un mums t\u0101s ir j\u0101izpilda. V\u0113lams \u2013 sinhroni. \u012apa\u0161i dom\u0101jot par vijo\u013cu grupu, vi\u0146iem ir j\u0101kustina ar\u012b loci\u0146i sinhroni. Tas ir sare\u017e\u0123\u012bti, un es s\u0113\u017eu tie\u0161i aiz vijol\u0113m, t\u0101p\u0113c es labi redzu, k\u0101 tas viss notiek un str\u0101d\u0101 re\u0101li. Armij\u0101 ar\u012b ir daudz sinhronit\u0101tes, ko m\u0113s ar\u012b m\u0101camies un uzlabojam. M\u0113s m\u0101c\u0101mies soli, m\u0113s m\u0101c\u0101mies to, ka divmetr\u012bgs v\u012brietis vai metru piecdesmit gara sieviete var iet ar\u012b vien\u0101 sol\u012b, un m\u0113s m\u0101c\u0101mies discipl\u012bnu, kas es uzskatu, ka m\u016bzi\u0137iem jau ir \u013coti\u00a0augsta. Piem\u0113ram, ja or\u0137estra m\u0113\u0123in\u0101jums s\u0101kas pulksten 10.00, tad tie\u0161\u0101m ar\u012b pulksten 10.00 s\u0101ks visi ska\u0146oties. M\u0113\u0123in\u0101jums nes\u0101ksies pulksten 10.15. Un tie\u0161i t\u0101pat ir ar\u012b armij\u0101 \u2013 ja mums ir j\u0101b\u016bt ierind\u0101 pulksten 10.00, tad m\u0113s visi esam taj\u0101 laik\u0101 ierind\u0101. Tas, kur\u0161 nav, nes atbild\u012bbu par to, ka vi\u0146\u0161\u00a0ir nokav\u0113jis, un tam noteikti ir j\u0101b\u016bt nopietnam iemeslam.\u00a0<\/p>\n<p>Kas Zemessardz\u0113 pilda diri\u0123enta lomu?\u00a0\u00a0<\/p>\n<p>Ieva \u0160ablovska: Komandieris, protams. (..) Un visp\u0101r, Zemessardz\u0113 ir \u013coti svar\u012bgas individu\u0101l\u0101s prasmes, un ar\u012b m\u016bzi\u0137im ir svar\u012bgas individu\u0101l\u0101s prasmes. Tikai tad, kad m\u0113s b\u016bsim individu\u0101li sp\u0113c\u012bgi un profesion\u0101li, m\u0113s var\u0113sim veidot izcilu komandu. Or\u0137estris vai ar\u012b zemessardze ir tik stipra, cik ir stiprs v\u0101j\u0101kais posms. Vai pareiz\u0101k sakot, cik ir v\u0101j\u0161 v\u0101j\u0101kais posms. Ja m\u0113s katrs m\u0113\u0123in\u0101sim uzdz\u012bt to lati\u0146u, ka m\u0113s esam stipri un ka m\u016bsu individu\u0101l\u0101s sp\u0113jas ir augstas, tad ar\u012b visa kop\u0113j\u0101 kvalit\u0101te main\u012bsies, un t\u0101 main\u012bsies tikai uz aug\u0161u.\u00a0<\/p>\n<p>Dom\u0101jot par Latvijas Nacion\u0101lo simfonisko or\u0137estri, m\u0113s or\u0137estra m\u0101jaslap\u0101 konstat\u0113j\u0101m, ka dr\u012bz vienu koncertu diri\u0123\u0113s pavisam jaunais diri\u0123ents, kur\u0161 ir ar\u012b tavs futbola biedrs, Daniil, Art\u016brs Plaudis.\u00a0<\/p>\n<p>Daniils Bulajevs: J\u0101, vi\u0146\u0161 man st\u0101st\u012bja!\u00a0<\/p>\n<p>Pie Art\u016bra Plau\u017ea dev\u0101s mans kol\u0113\u0123is Mar\u0123ers Majors.\u00a0<\/p>\n<p>Ieva, cik \u0101tri or\u0137estris sp\u0113j saprast jaunu diri\u0123entu? Vai t\u0101s ir jau pirm\u0101s min\u016btes, kad nodibin\u0101s kontakts, vai tom\u0113r nepiecie\u0161ams ilg\u0101ks laiks?\u00a0<\/p>\n<p>Ieva \u0160ablovska: Citreiz piln\u012bgi pietiek ar to, k\u0101 diri\u0123ents ar mums sasveicin\u0101s. Ir diri\u0123enti, kas atn\u0101k, sasveicin\u0101s, un tu j\u016bti, k\u0101 vi\u0146\u0161 jau ir pa\u0146\u0113mis visu or\u0137estri sav\u0101s rok\u0101s, un visi ir burtiski pielipu\u0161i. Viens no spilgt\u0101kajiem piem\u0113riem bija Termo Peltokoski uzaicin\u0101\u0161ana, jo m\u0113s vi\u0146u uzaicin\u0101j\u0101m p\u0113c kop\u012bgi pavad\u012btas stundas un 15 min\u016bt\u0113m. Tad bija pirm\u0101 pauze, visi koncertmeistari aizg\u0101ja pie m\u016bsu direktores Indras L\u016bkinas un teica \u2013\u00a0mums \u0161o diri\u0123entu vajadz\u0113tu pietur\u0113t. Vi\u0146a karjera taj\u0101 br\u012bd\u012b ar\u012b strauji att\u012bst\u012bj\u0101s, un faktiski m\u0113s iek\u0101p\u0101m p\u0113d\u0113j\u0101 vagon\u0101, lai m\u0113s var\u0113tu vi\u0146u dab\u016bt par m\u0101ksliniecisko vad\u012bt\u0101ju. Bet ir bijis ar\u012b t\u0101, ka atn\u0101k diri\u0123ents, sasveicin\u0101s, un virs or\u0137estra par\u0101d\u0101s m\u0101konis, no kura ir gr\u016bti tikt va\u013c\u0101 visas turpm\u0101k\u0101s ned\u0113\u013cas garum\u0101.\u00a0<\/p>\n<p>Bet, Daniil, Art\u016brs ir tavs vienaudzis, un j\u016bs kop\u0101 sp\u0113l\u0113jat futbolu. P\u0113k\u0161\u0146i vi\u0146\u0161 tev b\u016bs j\u0101klausa!\u00a0<\/p>\n<p>Daniils Bulajevs: Es to programmu nesp\u0113l\u0113\u0161u \u2013 t\u0101 man nav ierakst\u012bta pl\u0101n\u0101, t\u0101p\u0113c m\u0113s paliksim par labiem draugiem. (Smejas.)<\/p>\n<p>(Smejas.) Tev neb\u016bs vi\u0146\u0161 j\u0101klausa.\u00a0<\/p>\n<p>Daniils Bulajevs: Vismaz pagaid\u0101m! (..)\u00a0<\/p>\n<p>Simtgad\u012bgs or\u0137estris un divdesmitgadnieks taj\u0101 \u2013 ko no senaj\u0101m trad\u012bcij\u0101m noteikti ir v\u0113rts saglab\u0101t, bet ko varb\u016bt jaun\u0101 paaudze ienes\u012bs jaunu \u0161aj\u0101 or\u0137estr\u012b?\u00a0<\/p>\n<p>Daniils Bulajevs: Man \u0161\u0137iet, ka pagaid\u0101m ir gr\u016bti pateikt, kas tas jaunais var\u0113tu b\u016bt, jo, manupr\u0101t, ir svar\u012bgi run\u0101t ar kol\u0113\u0123iem. Ir svar\u012bgi uzzin\u0101t, k\u0101das ir eso\u0161\u0101s or\u0137estra trad\u012bcijas. Vissvar\u012bg\u0101kais ir atrast kop\u012bgu valodu, atrast saskarsmes punktus un n\u0101kt vienam otram pretim, lai kop\u012bgi b\u016bv\u0113tu kaut ko skaistu, sp\u0113l\u0113tu visaugst\u0101kaj\u0101 kvalit\u0101t\u0113.\u00a0<\/p>\n<p>Un nedom\u0101t par to, kas ir jauns un kas \u2013 vecs?\u00a0<\/p>\n<p>Daniils Bulajevs: J\u0101. Vienk\u0101r\u0161i j\u0101sadarbojas, j\u0101run\u0101, j\u0101apsprie\u017e un j\u0101mekl\u0113 kompromiss. M\u0113s nodarbojamies ar tik br\u012bni\u0161\u0137\u012bgu profesiju! Tu jau teici, Ieva, ka m\u0113s \u012bsti neejam uz darbu, dom\u0101jot, ka, ak, dievs, mums tagad j\u0101nos\u0113\u017e no desmitiem l\u012bdz pieciem, piem\u0113ram. Manupr\u0101t, ir svar\u012bgi \u0161o saj\u016btu saglab\u0101t p\u0113c iesp\u0113jas ilg\u0101k un n\u0101kt uz m\u0113\u0123in\u0101jumiem ar v\u0113lmi nosp\u0113l\u0113t t\u0101s programmas, iepaz\u012bties ar jaunu diri\u0123entu vai ar interesi v\u0113rot, ko jau zin\u0101ms diri\u0123ents jaunu izdom\u0101s un k\u0101di vi\u0146am b\u016bs pied\u0101v\u0101jumi. K\u0101 jau dz\u012bv\u0113 \u2013 galvenais ir run\u0101t un mekl\u0113t kopsauc\u0113ju!\u00a0<\/p>\n<p>Milz\u012bgs paldies jums par sarunu, apsveicu j\u016bs ar simtgadi. V\u0113lu, lai \u0161\u012b sezona Latvijas Nacion\u0101lajam simfoniskajam or\u0137estrim b\u016btu izcila un muzik\u0101liem piedz\u012bvojumiem bag\u0101ta! Bet, pirms nosl\u0113dzam sarunu, ko tad j\u016bs \u012bsti sp\u0113l\u0113siet taj\u0101 simtgades sezon\u0101?\u00a0<\/p>\n<p>Ieva \u0160ablovska: Svin\u012bbas m\u0113s ies\u0101k\u0101m ar V\u0101gnera &#8220;Loengr\u012bnu&#8221;, tikko nosp\u0113l\u0113j\u0101m Kongresu nam\u0101 ar Andri Pogu ar\u012b M\u0101lera 7. simfoniju, un mums b\u016bs \u013coti raibi un eiropeiski ar\u012b n\u0101kamie koncerti \u2013 b\u016bs no It\u0101lijas, no Sp\u0101nijas, no Portug\u0101les gan diri\u0123enti, gan programma. B\u016bs diri\u0123ents no Jap\u0101nas, b\u016bs ar\u012b divas d\u0101mas \u2013 viena no Igaunijas un otra no Lietuvas, l\u012bdz ar to b\u016bs \u013coti raiba un kr\u0101\u0161\u0146a programma!<\/p>\n<p style=\"text-align:right\"><a href=\"https:\/\/www.lsm.lv\/temas\/latvijas-nacionalais-simfoniskais-orkestris-lnso\/\" target=\"_blank\" class=\"lsm-link\" data-type=\"theme\" data-id=\"5215\" rel=\"nofollow noopener\">Vair\u0101k<\/a><\/p>\n<p>\u00a0<\/p>\n","protected":false},"excerpt":{"rendered":"Latvijas Telev\u012bzijas raid\u012bjum\u0101 &#8220;Kult\u016brdeva&#8221; m\u016bzi\u0137i atkl\u0101j, ar k\u0101diem muzik\u0101liem p\u0101rsteigumiem jubilejas sezon\u0101 priec\u0113s klaus\u012bt\u0101jus un kas or\u0137estri saista&hellip;\n","protected":false},"author":2,"featured_media":281877,"comment_status":"","ping_status":"","sticky":false,"template":"","format":"standard","meta":{"footnotes":"","_share_on_mastodon":"0"},"categories":[19],"tags":[89,90,35,39,38,36,37,34,40],"class_list":["post-281876","post","type-post","status-publish","format-standard","has-post-thumbnail","category-izklaide","tag-entertainment","tag-izklaide","tag-latvia","tag-latvian","tag-latviesu","tag-latviesu-valoda","tag-latviesuvaloda","tag-latvija","tag-lv"],"share_on_mastodon":{"url":"https:\/\/pubeurope.com\/@lv\/117194211252362309","error":""},"_links":{"self":[{"href":"https:\/\/www.europesays.com\/lv\/wp-json\/wp\/v2\/posts\/281876","targetHints":{"allow":["GET"]}}],"collection":[{"href":"https:\/\/www.europesays.com\/lv\/wp-json\/wp\/v2\/posts"}],"about":[{"href":"https:\/\/www.europesays.com\/lv\/wp-json\/wp\/v2\/types\/post"}],"author":[{"embeddable":true,"href":"https:\/\/www.europesays.com\/lv\/wp-json\/wp\/v2\/users\/2"}],"replies":[{"embeddable":true,"href":"https:\/\/www.europesays.com\/lv\/wp-json\/wp\/v2\/comments?post=281876"}],"version-history":[{"count":0,"href":"https:\/\/www.europesays.com\/lv\/wp-json\/wp\/v2\/posts\/281876\/revisions"}],"wp:featuredmedia":[{"embeddable":true,"href":"https:\/\/www.europesays.com\/lv\/wp-json\/wp\/v2\/media\/281877"}],"wp:attachment":[{"href":"https:\/\/www.europesays.com\/lv\/wp-json\/wp\/v2\/media?parent=281876"}],"wp:term":[{"taxonomy":"category","embeddable":true,"href":"https:\/\/www.europesays.com\/lv\/wp-json\/wp\/v2\/categories?post=281876"},{"taxonomy":"post_tag","embeddable":true,"href":"https:\/\/www.europesays.com\/lv\/wp-json\/wp\/v2\/tags?post=281876"}],"curies":[{"name":"wp","href":"https:\/\/api.w.org\/{rel}","templated":true}]}}