{"id":281882,"date":"2026-09-01T05:53:41","date_gmt":"2026-09-01T05:53:41","guid":{"rendered":"https:\/\/www.europesays.com\/lv\/281882\/"},"modified":"2026-09-01T05:53:41","modified_gmt":"2026-09-01T05:53:41","slug":"oktobri-pirmizradi-piedzivos-psihologisks-detektivs-klajuma-aiz-meza","status":"publish","type":"post","link":"https:\/\/www.europesays.com\/lv\/281882\/","title":{"rendered":"Oktobr\u012b pirmizr\u0101di piedz\u012bvos psiholo\u0123isks detekt\u012bvs Klajum\u0101 aiz me\u017ea"},"content":{"rendered":"<p>Filma Klajum\u0101 aiz me\u017ea st\u0101sta par 90. gadu nosl\u0113pumu nospiedumiem m\u016bsdien\u0101s, kad k\u0101das Latvijas mazpils\u0113tas tuvum\u0101 eso\u0161aj\u0101 purv\u0101 tiek atrasts \u0137ermenis un \u0101tri vien izplat\u0101s zi\u0146as, ka t\u0101s ir pirms 30 gadiem pazudu\u0161a pusaud\u017ea mirst\u012bg\u0101s atliekas. Atradums savi\u013c\u0146o \u0161aubas par iesaist\u012bto atmi\u0146\u0101m un lomu notiku\u0161aj\u0101. Film\u0101 galvenaj\u0101s lom\u0101s ir aktieri Kaspars Zv\u012bgulis, Edgars Ozoli\u0146\u0161, Svetlana Sto\u013carova, Armands Ber\u0123is, Anda Reigase, Lauris Dzelz\u012btis, Ivars Kirmu\u0161ka un M\u0101ris P\u016bris.<\/p>\n<p>\u201cIdeja par mu\u0304sdieni\u0304gu filmu, kas norisina\u0304tos ka\u0304da\u0304 no Latvijas reg\u0327iona\u0304laja\u0304m pilse\u0304ta\u0304m, man jauca\u0304s pa galvu ilga\u0304ku laiku. Konkre\u0304tas aprises s\u030cim siz\u030cetam rada\u0304s tad, kad uzzina\u0304ju par purva l\u012b\u0137u fenomenu. Laiku pa laikam Eiropa\u0304 purvos tiek uzietas senas cilve\u0304ku mirsti\u0304ga\u0304s atliekas, kas purva apsta\u0304kl\u0327os ir iebalzame\u0304tas. Pag\u0101tne nekad nav beigusies, neatrisina\u0304tie jaut\u0101jumi na\u0304k mums li\u0304dzi, un \u0161o lietu aizmirs\u030cana un ignore\u0304s\u030cana nepadara ta\u0304s par nebijus\u030ca\u0304m,\u201d t\u0101 par filmu Klajum\u0101 aiz me\u017ea saka re\u017eisors Reinis Kalvi\u0146\u0161, kur\u0161 2022. gad\u0101 sa\u0146\u0113ma nacion\u0101lo kino balvu Lielais Kristaps par lab\u0101ko debijas filmu Mai\u0146a. Re\u017eisors ir stud\u0113jis Tallinas filmu skol\u0101 kino re\u017eiju un ung\u0101ru re\u017eisora Bela T\u0101ra filmu skol\u0101 Sarajev\u0101.<\/p>\n<p>Klajum\u0101 aiz me\u017ea veidota k\u0101 tr\u012bs valstu \u2013 Latvijas (Mistrus Media), V\u0101cijas (Juna Film) un Igaunijas (Meteoriit) \u2013 kopra\u017eojuma filma. T\u0101s tap\u0161anu atbalsta Nacion\u0101lais kino centrs, Valsts kult\u016brkapit\u0101la fonds, V\u0101cijas un Francijas telev\u012bzijas kan\u0101ls ARTE, Igaunijas Kino centrs, Igaunijas Kult\u016brkapit\u0101la fonds, Tartu re\u0123iona filmu fonds un Eiropas Savien\u012bbas programma Rado\u0161\u0101 Eiropa.<\/p>\n<p>Pie filmas tap\u0161anas str\u0101d\u0101ja starptautiska profesion\u0101\u013cu komanda. Filmas operators ir D\u017eimijs Gimferers no Sp\u0101nijas, savuk\u0101rt scen\u0101riju rakst\u012bju\u0161i re\u017eisors Reinis Kalvi\u0146\u0161 kop\u0101 ar igau\u0146u scen\u0101ristiem L\u012bviju Ulmani un Andri Feldmani, kuri veidoju\u0161i scen\u0101rijus ar\u012b film\u0101m Janv\u0101ris, Kupeja Nr. 6, U\u013ca, k\u0101 ar\u012b daudzs\u0113riju filmai Estonia. Filmas kost\u012bmu m\u0101kslinieces ir Noemi Lara \u0160tr\u0113bere no V\u0101cijas un Berta V\u012blipsone, grima m\u0101ksliniece \u2013 Maija Gundare, aktieru atlases re\u017eisore \u2013 M\u0101ra Lini\u0146a, izpildproducente \u2013 Ilze Kr\u016bmi\u0146liepa, bet filmas producenti \u2013 Gints Gr\u016bbe un Inese Boka-Gr\u016bbe.<\/p>\n<p>Kopprodukcijas ietvaros iev\u0113rojams darbs tika ieguld\u012bts purv\u0101 atrasto mirst\u012bgo atlieku izveid\u0113. T\u0101s p\u0113c vizu\u0101liem paraugiem veidoja V\u0101cijas komp\u0101nija Twilight Creations, kas iepriek\u0161 str\u0101d\u0101jusi pie specefektu un rekviz\u012btu izveides Fatiha Akina, Vima Vendersa, Kventina Tarantino, Toma Tikvera un Andrea Dr\u0113zena film\u0101m.<\/p>\n<p>Film\u0113\u0161ana notika Smilten\u0113 un pie Niedr\u0101ja ezera Launkalnes pagast\u0101, k\u0101 ar\u012b Gaujien\u0101 un t\u0101s apk\u0101rtn\u0113. Atsevi\u0161\u0137as epizodes tika film\u0113tas Raun\u0101, Grundz\u0101l\u0113, J\u016brmal\u0101 un Tartu re\u0123ion\u0101 Igaunij\u0101. Kop\u0101 ar aktieriem film\u0113\u0161an\u0101 piedal\u012bj\u0101s ar\u012b Smiltenes novada iedz\u012bvot\u0101ji, iesaistoties masu skatos.<\/p>\n<p>Ruden\u012b filma tiks starptautiski izr\u0101d\u012bta ar\u012b vair\u0101kos noz\u012bm\u012bgos Eiropas festiv\u0101los.<\/p>\n<p>\u201cKrimin\u0101lfilmas elementi, purva nosl\u0113pumu st\u0101sts un ori\u0123in\u0101lais scen\u0101rijs bija tas, kas piesaist\u012bja m\u016bsu starptautisko partneru interesi un deva iesp\u0113ju veidot jauno filmu k\u0101 starptautisku kopprodukciju, kur\u0101 veiksm\u012bgi sadarboj\u0101s kino profesion\u0101\u013ci no Latvijas, V\u0101cijas, Igaunijas un Sp\u0101nijas. M\u0113s esam priec\u012bgi, ka varam filmas ce\u013cu pie skat\u012bt\u0101jiem s\u0101kt Latvijas noz\u012bm\u012bg\u0101kaj\u0101 kino notikum\u0101 \u2013 R\u012bgas Starptautiskaj\u0101 kino festiv\u0101l\u0101 \u2013, k\u0101 ar\u012b turpin\u0101t to citviet pasaul\u0113,\u201d saka filmas producents Gints Gr\u016bbe.<\/p>\n<p>Tirdzniec\u012bb\u0101 non\u0101ku\u0161as bi\u013cetes uz filmas Latvijas pirmizr\u0101di 22. oktobr\u012b plkst. 18.30 Splendid Palace Lielaj\u0101 z\u0101l\u0113 R\u012bgas Starptautisk\u0101 kino festiv\u0101la (RIGA IFF) ietvaros, p\u0113c kuras t\u0101 b\u016bs skat\u0101ma ar\u012b kinote\u0101tros vis\u0101 Latvij\u0101, vair\u0101kos Eiropas kinofestiv\u0101los, k\u0101 ar\u012b p\u0113c gada \u2013 V\u0101cij\u0101 un Francij\u0101 kan\u0101l\u0101 ARTE.<\/p>\n","protected":false},"excerpt":{"rendered":"Filma Klajum\u0101 aiz me\u017ea st\u0101sta par 90. gadu nosl\u0113pumu nospiedumiem m\u016bsdien\u0101s, kad k\u0101das Latvijas mazpils\u0113tas tuvum\u0101 eso\u0161aj\u0101 purv\u0101&hellip;\n","protected":false},"author":2,"featured_media":281883,"comment_status":"","ping_status":"","sticky":false,"template":"","format":"standard","meta":{"footnotes":"","_share_on_mastodon":"0"},"categories":[19],"tags":[89,90,35,39,38,36,37,34,40],"class_list":["post-281882","post","type-post","status-publish","format-standard","has-post-thumbnail","category-izklaide","tag-entertainment","tag-izklaide","tag-latvia","tag-latvian","tag-latviesu","tag-latviesu-valoda","tag-latviesuvaloda","tag-latvija","tag-lv"],"share_on_mastodon":{"url":"https:\/\/pubeurope.com\/@lv\/117194234655997071","error":""},"_links":{"self":[{"href":"https:\/\/www.europesays.com\/lv\/wp-json\/wp\/v2\/posts\/281882","targetHints":{"allow":["GET"]}}],"collection":[{"href":"https:\/\/www.europesays.com\/lv\/wp-json\/wp\/v2\/posts"}],"about":[{"href":"https:\/\/www.europesays.com\/lv\/wp-json\/wp\/v2\/types\/post"}],"author":[{"embeddable":true,"href":"https:\/\/www.europesays.com\/lv\/wp-json\/wp\/v2\/users\/2"}],"replies":[{"embeddable":true,"href":"https:\/\/www.europesays.com\/lv\/wp-json\/wp\/v2\/comments?post=281882"}],"version-history":[{"count":0,"href":"https:\/\/www.europesays.com\/lv\/wp-json\/wp\/v2\/posts\/281882\/revisions"}],"wp:featuredmedia":[{"embeddable":true,"href":"https:\/\/www.europesays.com\/lv\/wp-json\/wp\/v2\/media\/281883"}],"wp:attachment":[{"href":"https:\/\/www.europesays.com\/lv\/wp-json\/wp\/v2\/media?parent=281882"}],"wp:term":[{"taxonomy":"category","embeddable":true,"href":"https:\/\/www.europesays.com\/lv\/wp-json\/wp\/v2\/categories?post=281882"},{"taxonomy":"post_tag","embeddable":true,"href":"https:\/\/www.europesays.com\/lv\/wp-json\/wp\/v2\/tags?post=281882"}],"curies":[{"name":"wp","href":"https:\/\/api.w.org\/{rel}","templated":true}]}}