{"id":281890,"date":"2026-09-01T05:59:39","date_gmt":"2026-09-01T05:59:39","guid":{"rendered":"https:\/\/www.europesays.com\/lv\/281890\/"},"modified":"2026-09-01T05:59:39","modified_gmt":"2026-09-01T05:59:39","slug":"filmas-ula-marketinga-atbalstam-cina-par-oskara-nominaciju-paredzeti-20-000-eiro-2","status":"publish","type":"post","link":"https:\/\/www.europesays.com\/lv\/281890\/","title":{"rendered":"Filmas &#8220;U\u013ca&#8221; m\u0101rketinga atbalstam c\u012b\u0146\u0101 par &#8220;Oskara&#8221; nomin\u0101ciju paredz\u0113ti 20 000 eiro"},"content":{"rendered":"<p>Nacion\u0101lais kino centrs (NKC) izsludin\u0101jis konkursu Latvijas izvirz\u012bt\u0101s filmas m\u0101rketinga atbalstam. Projektu konkurs\u0101 var iesniegt l\u012bdz 31. oktobra plkst. 23.59.<\/p>\n<p>K\u0101 v\u0113st\u012bts, Latvija &#8220;Oskara&#8221; balvai kategorij\u0101 &#8220;Lab\u0101k\u0101 starptautisk\u0101 filma&#8221; izvirz\u012bjusi re\u017eisora Viestura Kairi\u0161a un aktiera K\u0101r\u013ca Arnolda Avota sp\u0113lfilmu &#8220;U\u013ca&#8221;.<\/p>\n<p>Latvijas kinoproducenti ekspertu komisijas izv\u0113rt\u0113\u0161anai \u0161ogad pieteica divas pilnmetr\u0101\u017eas filmas &#8211; re\u017eisora Dzintara Dreiberga sp\u0113lfilmu &#8220;T\u012bkl\u0101. TTT le\u0123endas dzim\u0161ana&#8221; un Kairi\u0161a un Avota sp\u0113lfilmu &#8220;U\u013ca&#8221;. Komisija par Latvijas pieteikumu izv\u0113l\u0113j\u0101s &#8220;U\u013cu&#8221;, kas pasaules pirmizr\u0101di maij\u0101 piedz\u012bvoja Kannu kinofestiv\u0101la konkurs\u0101 &#8220;Un certain regard&#8221; jeb &#8220;\u012apa\u0161ais skatiens&#8221;.<\/p>\n<p>Avots par lomu film\u0101 sa\u0146\u0113mis lab\u0101k\u0101 aktiera balvu Jeruzalemes kinofestiv\u0101l\u0101, savuk\u0101rt &#8220;U\u013ca&#8221; izv\u0113l\u0113ta par vair\u0101ku ruden\u012b gaid\u0101mu &#8220;A&#8221; klases kinofestiv\u0101lu atkl\u0101\u0161anas filmu.<\/p>\n<p>Latvijas kinote\u0101tros filma non\u0101ks septembra vid\u016b, un t\u0101s nacion\u0101l\u0101 pirmizr\u0101de paredz\u0113ta 16. septembr\u012b.<\/p>\n<p>Filma ir Latvijas, Igaunijas, Polijas un Lietuvas kopra\u017eojums, kas tapis studij\u0101 &#8220;Ego Media&#8221; sadarb\u012bb\u0101 ar studij\u0101m &#8220;Allfilm&#8221; Igaunij\u0101, &#8220;Staron Film&#8221; Polij\u0101 un &#8220;Tremora&#8221; Lietuv\u0101.<\/p>\n","protected":false},"excerpt":{"rendered":"Nacion\u0101lais kino centrs (NKC) izsludin\u0101jis konkursu Latvijas izvirz\u012bt\u0101s filmas m\u0101rketinga atbalstam. Projektu konkurs\u0101 var iesniegt l\u012bdz 31. oktobra&hellip;\n","protected":false},"author":2,"featured_media":281891,"comment_status":"","ping_status":"","sticky":false,"template":"","format":"standard","meta":{"footnotes":"","_share_on_mastodon":"0"},"categories":[19],"tags":[42226,89,90,34822,35,39,38,36,37,34,40,34821,11571],"class_list":["post-281890","post","type-post","status-publish","format-standard","has-post-thumbnail","category-izklaide","tag-asv-kinoakademijas-balva","tag-entertainment","tag-izklaide","tag-karlis-arnolds-avots","tag-latvia","tag-latvian","tag-latviesu","tag-latviesu-valoda","tag-latviesuvaloda","tag-latvija","tag-lv","tag-ula","tag-viesturs-kairiss"],"share_on_mastodon":{"url":"https:\/\/pubeurope.com\/@lv\/117194258169997501","error":""},"_links":{"self":[{"href":"https:\/\/www.europesays.com\/lv\/wp-json\/wp\/v2\/posts\/281890","targetHints":{"allow":["GET"]}}],"collection":[{"href":"https:\/\/www.europesays.com\/lv\/wp-json\/wp\/v2\/posts"}],"about":[{"href":"https:\/\/www.europesays.com\/lv\/wp-json\/wp\/v2\/types\/post"}],"author":[{"embeddable":true,"href":"https:\/\/www.europesays.com\/lv\/wp-json\/wp\/v2\/users\/2"}],"replies":[{"embeddable":true,"href":"https:\/\/www.europesays.com\/lv\/wp-json\/wp\/v2\/comments?post=281890"}],"version-history":[{"count":0,"href":"https:\/\/www.europesays.com\/lv\/wp-json\/wp\/v2\/posts\/281890\/revisions"}],"wp:featuredmedia":[{"embeddable":true,"href":"https:\/\/www.europesays.com\/lv\/wp-json\/wp\/v2\/media\/281891"}],"wp:attachment":[{"href":"https:\/\/www.europesays.com\/lv\/wp-json\/wp\/v2\/media?parent=281890"}],"wp:term":[{"taxonomy":"category","embeddable":true,"href":"https:\/\/www.europesays.com\/lv\/wp-json\/wp\/v2\/categories?post=281890"},{"taxonomy":"post_tag","embeddable":true,"href":"https:\/\/www.europesays.com\/lv\/wp-json\/wp\/v2\/tags?post=281890"}],"curies":[{"name":"wp","href":"https:\/\/api.w.org\/{rel}","templated":true}]}}