{"id":28194,"date":"2025-10-22T12:30:07","date_gmt":"2025-10-22T12:30:07","guid":{"rendered":"https:\/\/www.europesays.com\/lv\/28194\/"},"modified":"2025-10-22T12:30:07","modified_gmt":"2025-10-22T12:30:07","slug":"asv-lemums-nedot-ukrainai-tomahawk-raketes-gandriz-automatiski-mazinajis-krievijas-interesi-par-diplomatiju","status":"publish","type":"post","link":"https:\/\/www.europesays.com\/lv\/28194\/","title":{"rendered":"ASV l\u0113mums nedot Ukrainai \u201cTomahawk\u201d ra\u0137etes gandr\u012bz autom\u0101tiski mazin\u0101jis Krievijas interesi par diplom\u0101tiju"},"content":{"rendered":"<p>Zelenska koment\u0101ri izskan\u0113ju\u0161i p\u0113c zi\u0146\u0101m, ka ASV un Krievijas sarunas, \u0161\u0137iet, ir non\u0101ku\u0161as strupce\u013c\u0101 \u2014 pl\u0101notais Trampa un Putina samits Ung\u0101rij\u0101 tuv\u0101kaj\u0101 laik\u0101 nenotiks. Par to pazi\u0146oja Balt\u0101 nama p\u0101rst\u0101vis, nor\u0101dot, ka Trampam un Krievijas l\u012bderim Putinam tuv\u0101kaj\u0101 laik\u0101 nav pl\u0101nots person\u012bgi tikties.<\/p>\n<p>\\r\\n\\r\\n\\u003Cdiv class=\\&#8221;fb-post\\&#8221; data-href=\\&#8221;https:\/\/www.facebook.com\/LimbazuNovadsLV\/posts\/pfbid02gfQ1AEk8NSDroZbMizyyL1Jf7DsSVaN1uFC4WW8z7bdVskFmtry8Tpe8rG2F3X33l\\&#8221; data-width=\\&#8221;552\\&#8221;>&nbsp;\\u003C\/div>\\r\\n\\u003C\/div>&#8221;,[1741],{&#8220;id&#8221;:70,&#8221;title&#8221;:71,&#8221;image_url&#8221;:72},{&#8220;slug&#8221;:257,&#8221;title&#8221;:252,&#8221;color_code&#8221;:256},&#8221;2025-10-22T10:19:02.000000Z&#8221;,&#8221;2025-10-22T10:19:53.000000Z&#8221;,{&#8220;author&#8221;:1746,&#8221;description&#8221;:1747,&#8221;base&#8221;:1748,&#8221;sizes&#8221;:1749},&#8221;Ieva Leini\u0161a\/LETA&#8221;,&#8221;N\u0113\u0123u zveja Salac\u0101 un Sv\u0113tup\u0113 ir iek\u013cauta nemateri\u0101l\u0101 kult\u016bras mantojuma sarakst\u0101. &#8220;,&#8221;https:\/\/i.jauns.lv\/t\/2025\/10\/22\/3361356\/\\u003Csize>.webp?v=1761128372&#8243;,[79,80,81,82,83,84],&#8221;2025-10-22T10:00:28.000000Z&#8221;,[],{&#8220;slug&#8221;:1482,&#8221;title&#8221;:1483,&#8221;color_code&#8221;:256},&#8221;\/article\/zinas\/678965-negu-zveja-salaca-un-svetupe-ir-ieklauta-nacionalaja-nemateriala-kulturas-mantojuma-saraksta&#8221;,&#8221;https:\/\/jauns.lv\/article\/zinas\/678965-negu-zveja-salaca-un-svetupe-ir-ieklauta-nacionalaja-nemateriala-kulturas-mantojuma-saraksta&#8221;,{&#8220;id&#8221;:1756,&#8221;title&#8221;:1757,&#8221;slug&#8221;:1758,&#8221;title_breaking&#8221;:15,&#8221;lead&#8221;:1759,&#8221;body&#8221;:1760,&#8221;embed&#8221;:15,&#8221;hasEmbed&#8221;:9,&#8221;is_active&#8221;:8,&#8221;authors&#8221;:1761,&#8221;flexible_layout_id&#8221;:85,&#8221;flexible_layout_slug&#8221;:86,&#8221;source&#8221;:73,&#8221;main_category&#8221;:1763,&#8221;sub_category&#8221;:-1,&#8221;published_at&#8221;:1764,&#8221;updated_at&#8221;:1765,&#8221;comments_count&#8221;:60,&#8221;galleries_image_count&#8221;:60,&#8221;has_video&#8221;:9,&#8221;is_adult&#8221;:9,&#8221;is_comments_allowed&#8221;:8,&#8221;is_supplemented&#8221;:9,&#8221;thumbnail&#8221;:1766,&#8221;tags&#8221;:-1,&#8221;remove_ads&#8221;:9,&#8221;remove_bg_ads&#8221;:9,&#8221;created_at&#8221;:1771,&#8221;related_articles&#8221;:-1,&#8221;nested_articles&#8221;:1772,&#8221;article_pages&#8221;:-1,&#8221;first_sub_category&#8221;:1773,&#8221;url&#8221;:1774,&#8221;is_sponsored&#8221;:9,&#8221;user_id&#8221;:185,&#8221;utm&#8221;:15,&#8221;share_url&#8221;:1775},&#8221;678959&#8243;,&#8221;Aina\u017eos veido 100 gadu jubilejai velt\u012btu pu\u0137u dobi&#8221;,&#8221;ainazos-veido-100-gadu-jubilejai-veltitu-puku-dobi&#8221;,&#8221;2026. gad\u0101 Aina\u017ei svin\u0113s savas pils\u0113tas simto dzim\u0161anas dienu. Liel\u0101m jubilej\u0101m j\u0101gatavojas laikus un aina\u017enieki t\u0101 ar\u012b dara. 17. oktobr\u012b Aina\u017eos notika talka- 100 gades pu\u0137u dobes izveido\u0161ana. Pa\u0161vald\u012bbas aicin\u0101jumam d\u0101vin\u0101t tulpju s\u012bpolus atsauc\u0101s daudzi un jau sav\u0101kti ap 2000 s\u012bpolu.&#8221;,&#8221;\\u003Cp>Pa\u0161vald\u012bba, no savas puses, piedal\u012bj\u0101s ar daudzgad\u012bgo pu\u0137u st\u0101di\u0146iem. Pa\u0161vald\u012bba saka paldies pu\u0137u dobes projekt\u0113t\u0101jai Gundegai Up\u012btei, dobes tehniskam izveidot\u0101jam J\u0101nim Trekterim, Salacgr\u012bvas apvien\u012bbas ainavu arhitektei Zandai Rieksti\u0146ai par darbu organiz\u0113\u0161anu, vair\u0101k k\u0101 1000 tulpju s\u012bpolu d\u0101vin\u0101t\u0101jam Oskaram Polmanim un akt\u012bvajiem Aina\u017eu iedz\u012bvot\u0101jiem par dal\u012bbu talk\u0101. Darbi pie 100 gades pu\u0137u dobes turpin\u0101s.&nbsp;\\u003C\/p>&#8221;,[1762],{&#8220;id&#8221;:70,&#8221;title&#8221;:71,&#8221;image_url&#8221;:72},{&#8220;slug&#8221;:257,&#8221;title&#8221;:252,&#8221;color_code&#8221;:256},&#8221;2025-10-22T10:14:17.000000Z&#8221;,&#8221;2025-10-22T10:14:31.000000Z&#8221;,{&#8220;author&#8221;:1767,&#8221;description&#8221;:1768,&#8221;base&#8221;:1769,&#8221;sizes&#8221;:1770},&#8221;Limba\u017eu novada pa\u0161vald\u012bba&#8221;,&#8221;Aina\u017eos veido 100 gadu jubilejai velt\u012btu pu\u0137u dobi. &#8220;,&#8221;https:\/\/i.jauns.lv\/t\/2025\/10\/22\/3361300\/\\u003Csize>.webp?v=1761127976&#8243;,[79,80,81,82,83,84],&#8221;2025-10-22T09:40:44.000000Z&#8221;,[],{&#8220;slug&#8221;:1482,&#8221;title&#8221;:1483,&#8221;color_code&#8221;:256},&#8221;\/article\/zinas\/678959-ainazos-veido-100-gadu-jubilejai-veltitu-puku-dobi&#8221;,&#8221;https:\/\/jauns.lv\/article\/zinas\/678959-ainazos-veido-100-gadu-jubilejai-veltitu-puku-dobi&#8221;,{&#8220;id&#8221;:1777,&#8221;title&#8221;:1778,&#8221;slug&#8221;:1779,&#8221;title_breaking&#8221;:15,&#8221;lead&#8221;:1780,&#8221;body&#8221;:1781,&#8221;embed&#8221;:15,&#8221;hasEmbed&#8221;:9,&#8221;is_active&#8221;:8,&#8221;authors&#8221;:1782,&#8221;flexible_layout_id&#8221;:85,&#8221;flexible_layout_slug&#8221;:86,&#8221;source&#8221;:73,&#8221;main_category&#8221;:1784,&#8221;sub_category&#8221;:-1,&#8221;published_at&#8221;:1785,&#8221;updated_at&#8221;:1786,&#8221;comments_count&#8221;:60,&#8221;galleries_image_count&#8221;:60,&#8221;has_video&#8221;:9,&#8221;is_adult&#8221;:9,&#8221;is_comments_allowed&#8221;:8,&#8221;is_supplemented&#8221;:9,&#8221;thumbnail&#8221;:1787,&#8221;tags&#8221;:-1,&#8221;remove_ads&#8221;:9,&#8221;remove_bg_ads&#8221;:9,&#8221;created_at&#8221;:1791,&#8221;related_articles&#8221;:-1,&#8221;nested_articles&#8221;:1792,&#8221;article_pages&#8221;:-1,&#8221;first_sub_category&#8221;:1793,&#8221;url&#8221;:1794,&#8221;is_sponsored&#8221;:9,&#8221;user_id&#8221;:156,&#8221;utm&#8221;:15,&#8221;share_url&#8221;:1795},&#8221;678966&#8243;,&#8221;Iedz\u012bvot\u0101ji atbildes no iest\u0101d\u0113m sa\u0146ems \u0101tr\u0101k \u2013 ne v\u0113l\u0101k k\u0101 septi\u0146u dienu laik\u0101&#8221;,&#8221;iedzivotaji-atbildes-no-iestadem-sanems-atrak-ne-velak-ka-septinu-dienu-laika&#8221;,&#8221;Iest\u0101d\u0113m uz  iedz\u012bvot\u0101ju iesniegumiem p\u0113c b\u016bt\u012bbas b\u016bs j\u0101atbild septi\u0146u darbdienu laik\u0101. To paredz tre\u0161dien, 22.oktobr\u012b, Saeimas Valsts p\u0101rvaldes un pa\u0161vald\u012bbas komisij\u0101 gal\u012bgajam las\u012bjumam atbalst\u012btie groz\u012bjumi Iesniegumu likum\u0101. Izmai\u0146as bija rosin\u0101tas, lai mazin\u0101tu birokr\u0101tiju iedz\u012bvot\u0101ju sazi\u0146\u0101 ar iest\u0101d\u0113m un noteiktu \u012bs\u0101kus termi\u0146us iest\u0101d\u0113m atbil\u017eu snieg\u0161anai. \\r\\n\\r\\n&#8221;,&#8221;\\u003Cp>Groz\u012bjumi paredz, ka iest\u0101dei atbilde uz iesniegumu p\u0113c b\u016bt\u012bbas b\u016bs j\u0101sniedz sapr\u0101t\u012bg\u0101 termi\u0146\u0101, bet ne v\u0113l\u0101k k\u0101 septi\u0146u darbdienu laik\u0101. Patlaban uz iesniegumu j\u0101atbild m\u0113ne\u0161a laik\u0101 no t\u0101 sa\u0146em\u0161anas.&nbsp;\\u003C\/p>\\r\\n\\r\\n\\u003Cp>Savuk\u0101rt, ja atbildes sagatavo\u0161anai iest\u0101dei b\u016bs nepiecie\u0161ams ieg\u016bt papildu inform\u0101ciju, sazin\u0101ties v\u0113l ar cit\u0101m iest\u0101d\u0113m vai analiz\u0113t un apstr\u0101d\u0101t liela apjoma inform\u0101ciju, tad atbildes snieg\u0161anas termi\u0146u iest\u0101de var\u0113s pagarin\u0101t l\u012bdz 15 darbdien\u0101m. &nbsp;&nbsp;\\u003C\/p>\\r\\n\\r\\n\\u003Cp>T\u0101pat groz\u012bjumi paredz, ka iest\u0101de piecu darba dienu laik\u0101 iesniegumu, kas nav t\u0101s kompetenc\u0113, var\u0113s p\u0101rs\u016bt\u012bt citai iest\u0101dei. Savuk\u0101rt, ja iest\u0101des ieskat\u0101 tas ir lietder\u012bgi, t\u0101 iesniegumu var\u0113s nep\u0101rs\u016bt\u012bt, bet inform\u0113t iesniedz\u0113ju, kurai citai iest\u0101dei tas b\u016btu adres\u0113jams. Patlaban iesnieguma autors par iesnieguma p\u0101rs\u016bt\u012b\u0161anu citai iest\u0101dei j\u0101inform\u0113 septi\u0146u darbdienu laik\u0101 no iesnieguma sa\u0146em\u0161anas.&nbsp;\\u003C\/p>\\r\\n\\r\\n\\u003Cp>Atbildes uz iesniegumiem ir da\u013ca no politikas veido\u0161anas un ievie\u0161anas, kas ietilpst valsts p\u0101rvaldes iest\u0101\u017eu pamata pien\u0101kumos un nevar tikt uzskat\u012btas par administrat\u012bv\u0101m izmaks\u0101m. Rosin\u0101t\u0101s izmai\u0146as mazin\u0101s birokr\u0101tiju iesniegumu izskat\u012b\u0161an\u0101, process b\u016bs vienk\u0101r\u0161\u0101ks un \u0101tr\u0101ks, t\u0101d\u0113j\u0101di paredzami ar\u012b uzlabojumi iedz\u012bvot\u0101ju sazi\u0146\u0101 ar valsts instit\u016bcij\u0101m, likumprojekta anot\u0101cij\u0101 nor\u0101d\u012bju\u0161i groz\u012bjumu autori. &nbsp;&nbsp;\\u003C\/p>\\r\\n\\r\\n\\u003Cp>Pl\u0101nots, ka izmai\u0146as iesniegumu izskat\u012b\u0161an\u0101 st\u0101sies sp\u0113k\u0101 no n\u0101kam\u0101 gada un attieksies uz iesniegumiem, ko iest\u0101des sa\u0146ems p\u0113c 1.janv\u0101ra.&nbsp;\\u003C\/p>\\r\\n\\r\\n\\u003Cp>Lai izmai\u0146as iesniegumu izskat\u012b\u0161an\u0101 st\u0101tos sp\u0113k\u0101, t\u0101s v\u0113l gal\u012bgaj\u0101 las\u012bjum\u0101 j\u0101atbalsta Saeimai.&nbsp;\\u003C\/p>&#8221;,[1783],{&#8220;id&#8221;:70,&#8221;title&#8221;:71,&#8221;image_url&#8221;:72},{&#8220;slug&#8221;:257,&#8221;title&#8221;:252,&#8221;color_code&#8221;:256},&#8221;2025-10-22T10:07:08.000000Z&#8221;,&#8221;2025-10-22T10:10:22.000000Z&#8221;,{&#8220;author&#8221;:1101,&#8221;description&#8221;:1788,&#8221;base&#8221;:1789,&#8221;sizes&#8221;:1790},&#8221;Iest\u0101d\u0113m uz iedz\u012bvot\u0101ju iesniegumiem b\u016bs j\u0101atbild septi\u0146u darbdienu laik\u0101.&#8221;,&#8221;https:\/\/i.jauns.lv\/t\/2025\/10\/22\/3361298\/\\u003Csize>.webp?v=1761127804&#8243;,[79,80,81,82,83,84],&#8221;2025-10-22T10:03:13.000000Z&#8221;,[],{&#8220;slug&#8221;:728,&#8221;title&#8221;:729,&#8221;color_code&#8221;:256},&#8221;\/article\/zinas\/678966-iedzivotaji-atbildes-no-iestadem-sanems-atrak-ne-velak-ka-septinu-dienu-laika&#8221;,&#8221;https:\/\/jauns.lv\/article\/zinas\/678966-iedzivotaji-atbildes-no-iestadem-sanems-atrak-ne-velak-ka-septinu-dienu-laika&#8221;,[],{&#8220;embeds&#8221;:1798,&#8221;liveFeedItems&#8221;:1799,&#8221;env&#8221;:807},{},{},{&#8220;metadata&#8221;:1801,&#8221;env&#8221;:807},{},{},{&#8220;adZones&#8221;:1804,&#8221;keywords&#8221;:1813,&#8221;env&#8221;:807,&#8221;placeholderCount&#8221;:39},{&#8220;redizains-kvadrats-1&#8243;:1805,&#8221;jauns.lv_fons&#8221;:1806,&#8221;redizains-kvadrats-bottom-2&#8243;:1807,&#8221;redizains-kvadrats-bottom-3&#8243;:1808,&#8221;article_zem_socpogam&#8221;:1809,&#8221;redizains-kvadrats-bottom-1&#8243;:1810,&#8221;jaunslv-cpm-leaderboard&#8221;:1811,&#8221;jaunslv-cpm-tornis&#8221;:1812,&#8221;jaunslv-article-1&#8243;:391},[&#8220;Reactive&#8221;,5],[&#8220;Reactive&#8221;,21],[&#8220;Reactive&#8221;,194],[&#8220;Reactive&#8221;,202],[&#8220;Reactive&#8221;,210],[&#8220;Reactive&#8221;,328],[&#8220;Reactive&#8221;,336],[&#8220;Reactive&#8221;,377],[798,1814,1815,62,1816,1817,1818,1819,1820,1821,66],&#8221;article&#8221;,&#8221;a-678891&#8243;,&#8221;tag-donalds-tramps&#8221;,&#8221;tag-asv&#8221;,&#8221;tag-krievija&#8221;,&#8221;tag-ukraina&#8221;,&#8221;tag-vladimirs-putins&#8221;,&#8221;tag-volodimirs-zelenskis&#8221;,{&#8220;loading&#8221;:9,&#8221;menuShortcutsLoading&#8221;:9,&#8221;subMenu&#8221;:1823,&#8221;mainMenu&#8221;:422,&#8221;menuShortcuts&#8221;:1834,&#8221;menuFooter&#8221;:453,&#8221;currentActiveChapter&#8221;:781,&#8221;currentActiveMenuShortcut&#8221;:781,&#8221;currentActiveSubMenu&#8221;:1835,&#8221;topicalMenu&#8221;:1836,&#8221;footerCategories&#8221;:248,&#8221;activeTopicalMenuSlug&#8221;:781,&#8221;recipeCategoryMenu&#8221;:1837,&#8221;recipeTopicalMenu&#8221;:1838,&#8221;env&#8221;:807},[1824,1826,1828,1830,1832],{&#8220;id&#8221;:1825,&#8221;type&#8221;:251,&#8221;title&#8221;:472,&#8221;href&#8221;:473,&#8221;target&#8221;:253,&#8221;is_active&#8221;:8,&#8221;css_class&#8221;:15,&#8221;prepend_html&#8221;:15,&#8221;append_html&#8221;:15,&#8221;css_class_ru&#8221;:15,&#8221;resource_type&#8221;:15,&#8221;resource&#8221;:15},&#8221;384&#8243;,{&#8220;id&#8221;:1827,&#8221;type&#8221;:251,&#8221;title&#8221;:475,&#8221;href&#8221;:476,&#8221;target&#8221;:253,&#8221;is_active&#8221;:8,&#8221;css_class&#8221;:15,&#8221;prepend_html&#8221;:15,&#8221;append_html&#8221;:15,&#8221;css_class_ru&#8221;:15,&#8221;resource_type&#8221;:15,&#8221;resource&#8221;:15},&#8221;450&#8243;,{&#8220;id&#8221;:1829,&#8221;type&#8221;:251,&#8221;title&#8221;:478,&#8221;href&#8221;:479,&#8221;target&#8221;:253,&#8221;is_active&#8221;:8,&#8221;css_class&#8221;:15,&#8221;prepend_html&#8221;:15,&#8221;append_html&#8221;:15,&#8221;css_class_ru&#8221;:15,&#8221;resource_type&#8221;:15,&#8221;resource&#8221;:15},&#8221;397&#8243;,{&#8220;id&#8221;:1831,&#8221;type&#8221;:251,&#8221;title&#8221;:481,&#8221;href&#8221;:482,&#8221;target&#8221;:253,&#8221;is_active&#8221;:8,&#8221;css_class&#8221;:15,&#8221;prepend_html&#8221;:15,&#8221;append_html&#8221;:15,&#8221;css_class_ru&#8221;:15,&#8221;resource_type&#8221;:15,&#8221;resource&#8221;:15},&#8221;398&#8243;,{&#8220;id&#8221;:1833,&#8221;type&#8221;:251,&#8221;title&#8221;:484,&#8221;href&#8221;:485,&#8221;target&#8221;:303,&#8221;is_active&#8221;:8,&#8221;css_class&#8221;:15,&#8221;prepend_html&#8221;:15,&#8221;append_html&#8221;:15,&#8221;css_class_ru&#8221;:15,&#8221;resource_type&#8221;:15,&#8221;resource&#8221;:15},&#8221;400&#8243;,{&#8220;arzemes&#8221;:632},{},{},[],[],{&#8220;dl_pageview&#8221;:1840},{&#8220;event&#8221;:1841,&#8221;articleTitle&#8221;:504,&#8221;articleAuthor&#8221;:544,&#8221;articleCategory&#8221;:62,&#8221;articleSource&#8221;:73,&#8221;articleSubCategory&#8221;:66,&#8221;articleId&#8221;:503,&#8221;articlePublishDate&#8221;:547,&#8221;articleThemes&#8221;:1842,&#8221;articleEditorId&#8221;:156},&#8221;dl_pageview&#8221;,&#8221;donalds-tramps, asv, krievija, ukraina, vladimirs-putins, volodimirs-zelenskis&#8221;,{&#8220;sorters&#8221;:1844,&#8221;mobileSortersOffset&#8221;:1906,&#8221;desktopSortersOffset&#8221;:1907,&#8221;env&#8221;:807},{&#8220;krossmarketinga-bloks-izlasi&#8221;:1845,&#8221;reklamraksti-jaunakajas-zinas&#8221;:1901},[&#8220;Reactive&#8221;,1846],{&#8220;id&#8221;:1847,&#8221;title&#8221;:1848,&#8221;slug&#8221;:1849,&#8221;item_count&#8221;:1850,&#8221;flexible_layout_id&#8221;:15,&#8221;flexible_layout_slug&#8221;:15,&#8221;topical_menu_slug&#8221;:571,&#8221;items&#8221;:1851},&#8221;7&#8243;,&#8221;Krossm\u0101rketinga bloks \\&#8221;izlasi\\&#8221; (lv)&#8221;,&#8221;krossmarketinga-bloks-izlasi&#8221;,6,[44,89,123,158,1852,1875,1888],{&#8220;type&#8221;:45,&#8221;id&#8221;:1853,&#8221;links&#8221;:1854,&#8221;embeds&#8221;:1856,&#8221;title&#8221;:1860,&#8221;lead&#8221;:1861,&#8221;body&#8221;:1862,&#8221;slug&#8221;:1863,&#8221;old_relative_url&#8221;:15,&#8221;is_active&#8221;:8,&#8221;created_at&#8221;:1864,&#8221;updated_at&#8221;:1865,&#8221;published_at&#8221;:1866,&#8221;layout&#8221;:60,&#8221;is_adult&#8221;:9,&#8221;is_imported&#8221;:9,&#8221;is_comments_allowed&#8221;:8,&#8221;remove_ads&#8221;:9,&#8221;is_supplemented&#8221;:9,&#8221;supplemented_at&#8221;:15,&#8221;deleted_at&#8221;:15,&#8221;comment_permission&#8221;:36,&#8221;title_breaking&#8221;:15,&#8221;embed&#8221;:15,&#8221;remove_bg_ads&#8221;:9,&#8221;meta_keywords&#8221;:15,&#8221;main_category&#8221;:1867,&#8221;first_sub_category&#8221;:1868,&#8221;comments_count&#8221;:14,&#8221;authors&#8221;:1869,&#8221;source&#8221;:73,&#8221;galleries_image_count&#8221;:60,&#8221;has_video&#8221;:9,&#8221;thumbnail&#8221;:1871,&#8221;flexible_layout_id&#8221;:85,&#8221;flexible_layout_slug&#8221;:86,&#8221;is_sponsored&#8221;:9,&#8221;user_id&#8221;:121,&#8221;utm&#8221;:15},&#8221;678939&#8243;,{&#8220;self&#8221;:1855},&#8221;https:\/\/back.jauns.lv\/api\/v3\/articles\/678939&#8243;,{&#8220;links&#8221;:1857},{&#8220;related&#8221;:1858,&#8221;self&#8221;:1859},&#8221;https:\/\/back.jauns.lv\/api\/v3\/articles\/678939\/embeds&#8221;,&#8221;https:\/\/back.jauns.lv\/api\/v3\/articles\/678939\/relationships\/embeds&#8221;,&#8221;Neiedom\u0101jami notikumi risin\u0101ju\u0161ies Gr\u012bzi\u0146kaln\u0101: dz\u012bvokl\u012b atrasta mirusi sieviete, bet blakus vi\u0146ai \u2014 no\u0161\u0101vies dz\u012bvesbiedrs&#8221;,&#8221;Neiedom\u0101jami notikumi risin\u0101ju\u0161ies Gr\u012bzi\u0146kaln\u0101 \u2014 p\u0113c tam, kad 31 gadu veca sieviete neierad\u0101s paka\u013c savam d\u0113lam uz b\u0113rnud\u0101rzu, izgl\u012bt\u012bbas iest\u0101de par to inform\u0113ja b\u0113rna vecvec\u0101kus, kuri nekav\u0113joties c\u0113la trauksmi, v\u0113sta \\&#8221;Degpunkt\u0101\\&#8221;.&#8221;,&#8221;\\u003Cp>P\u0113c sa\u0146emtaj\u0101m zi\u0146\u0101m sievietes dz\u012bvesvietu dev\u0101s apsekot operat\u012bvie dienesti, tom\u0113r tur neviens vi\u0146iem neesot atbild\u0113jis, p\u0113c k\u0101 esot pie\u0146emts l\u0113mums iek\u013c\u016bt dz\u012bvokl\u012b caur logu no pagalma puses. Iek\u013c\u016bstot dz\u012bvokl\u012b, gl\u0101b\u0113jiem atkl\u0101j\u0101s \u0161ausmu ainas &#8211; mekl\u0113t\u0101 sieviete kaila gul\u0113ja gult\u0101 bez dz\u012bv\u012bbas paz\u012bm\u0113m, bet blakus vi\u0146ai atrad\u0101s sievietes 39 gadus vecais dz\u012bvesbiedrs ar man\u0101mu \u0161\u0101viena br\u016bci.\\u003C\/p>\\r\\n\\r\\n\\u003Cp>Blakus m\u012bto\u0161ie kaimi\u0146i \u0161\u0101vienu neesot dzird\u0113ju\u0161i un vi\u0146i esot sapratu\u0161i, ka kaut kas noticis vien tad, kad man\u012bja Valsts policijas darbiniekus. &quot;Divus gadus atpaka\u013c dz\u012bvokl\u012b iev\u0101c\u0101s jauna sieviete ar b\u0113rnu. Tas ar\u012b viss. K\u0101 jau kaimi\u0146i &#8211; m\u0113s sveicin\u0101j\u0101mies. Bet tas ar\u012b viss. Pirm\u0101 doma [p\u0113c notiku\u0161\u0101] bija &#8211; vai tur b\u016bs ar\u012b b\u0113rns [g\u0101jis boj\u0101]. Bet, kad miru\u0161os nesa \u0101r\u0101, redz\u0113j\u0101m, ka tur ir tikai pieaugu\u0161ie,&quot; nor\u0101da v\u012brietis, pau\u017eot atvieglojumu, ka piecus gadus vecais z\u0113ns ir dro\u0161\u012bb\u0101.\\u003C\/p>\\r\\n\\r\\n\\u003Cp>Kaimi\u0146i nor\u0101da, ka konfliktus p\u0101ra starp\u0101 neesot man\u012bju\u0161i, turkl\u0101t tikai retais visp\u0101r bija man\u012bjis sievietes dz\u012bvesbiedru. Sievietes draugi port\u0101lam &ldquo;nra.lv&rdquo; atkl\u0101ju\u0161i, ka vi\u0146as dz\u012bvesbiedrs bijis nom\u0101kts un daudz run\u0101jis par pa\u0161n\u0101v\u012bbu. T\u0101pat vi\u0146a ar v\u012brieti atk\u0101rtoti \u0161\u0137\u012brusies, bet p\u0113c tam atkal salabusi. V\u012brietis neesot bijis vi\u0146as b\u0113rnu t\u0113vs.\\u003C\/p>\\r\\n\\r\\n\\u003Cp>Port\u0101ls nor\u0101da, ka sieviete ilgsto\u0161i c\u012bn\u012bj\u0101s ar\u012b ar atkar\u012bbu, tom\u0113r vi\u0146a bija ap\u0146\u0113m\u012bbas un cer\u012bbu pilna uzveikt savus d\u0113monus un dz\u012bvot zem viena jumta ar abiem d\u0113liem [vec\u0101kais d\u0113ls dz\u012bvo pie vecm\u0101mi\u0146as]. &quot;Vi\u0146a mekl\u0113ja atbalstu un atrada. Pievienoj\u0101s luter\u0101\u0146u draudzei. Draugs bija ilgsto\u0161\u0101, smag\u0101 depresijas st\u0101vokl\u012b. Vi\u0146a esot centusies dar\u012bt visu, ko vi\u0146\u0161 v\u0113las&hellip; M\u012b\u013c\u0101 meitene. Vi\u0146a pati man par attiec\u012bb\u0101m ar draugu v\u0113l nesen rakst\u012bja: &#39;Teik\u0161u god\u012bgi, ka es \u0161obr\u012bd pirmo reizi dz\u012bv\u0113 laikam esmu laim\u012bga. [&#8230;]&nbsp;Mani m\u012bl un par mani r\u016bp\u0113jas!&#39;&quot; port\u0101lam pauda sievietes draugs.\\u003C\/p>\\r\\n\\r\\n\\u003Cp>Likumsargi par notiku\u0161o uzs\u0101ku\u0161i izmekl\u0113\u0161anu. K\u0101 liecina s\u0101kotn\u0113j\u0101 inform\u0101cija, pirms tra\u0123iskajiem notikumiem noticis konflikts \u0123imen\u0113 &ndash; v\u012brietis izdar\u012bjis vair\u0101kus sitienus sievietei pa \u0137ermeni, k\u0101 rezult\u0101t\u0101 iest\u0101jusies vi\u0146as n\u0101ve. P\u0113c tam vi\u0146\u0161 veica pa\u0161n\u0101v\u012bbu ar nere\u0123istr\u0113tu ieroci. Abas personas iepriek\u0161 non\u0101ku\u0161as policijas redzeslok\u0101.\\u003C\/p>&#8221;,&#8221;neiedomajami-notikumi-risinajusies-grizinkalna-dzivokli-atrasta-mirusi-sieviete-bet-blakus-vinai-nosavies-dzivesbiedrs&#8221;,&#8221;2025-10-22T08:19:37.000000Z&#8221;,&#8221;2025-10-22T08:58:46.000000Z&#8221;,&#8221;2025-10-22T08:54:43.000000Z&#8221;,{&#8220;slug&#8221;:257,&#8221;title&#8221;:252,&#8221;color_code&#8221;:256},{&#8220;slug&#8221;:1299,&#8221;title&#8221;:1299,&#8221;color_code&#8221;:256},[1870],{&#8220;id&#8221;:70,&#8221;title&#8221;:71,&#8221;image_url&#8221;:72},{&#8220;author&#8221;:117,&#8221;description&#8221;:1872,&#8221;base&#8221;:1873,&#8221;sizes&#8221;:1874},&#8221;Gl\u0101b\u0113ji iek\u013cuva dz\u012bvokl\u012b caur logu no pagalma puses.&#8221;,&#8221;https:\/\/i.jauns.lv\/t\/2025\/10\/22\/3361147\/\\u003Csize>.webp?v=1761123239&#8243;,[79,80,81,82,83,84],{&#8220;type&#8221;:45,&#8221;id&#8221;:1621,&#8221;links&#8221;:1876,&#8221;embeds&#8221;:1878,&#8221;title&#8221;:1622,&#8221;lead&#8221;:1624,&#8221;body&#8221;:1625,&#8221;slug&#8221;:1623,&#8221;old_relative_url&#8221;:15,&#8221;is_active&#8221;:8,&#8221;created_at&#8221;:1635,&#8221;updated_at&#8221;:1630,&#8221;published_at&#8221;:1629,&#8221;layout&#8221;:60,&#8221;is_adult&#8221;:9,&#8221;is_imported&#8221;:9,&#8221;is_comments_allowed&#8221;:8,&#8221;remove_ads&#8221;:9,&#8221;is_supplemented&#8221;:9,&#8221;supplemented_at&#8221;:15,&#8221;deleted_at&#8221;:15,&#8221;comment_permission&#8221;:36,&#8221;title_breaking&#8221;:15,&#8221;embed&#8221;:15,&#8221;remove_bg_ads&#8221;:9,&#8221;meta_keywords&#8221;:15,&#8221;main_category&#8221;:1882,&#8221;first_sub_category&#8221;:1883,&#8221;comments_count&#8221;:60,&#8221;authors&#8221;:1884,&#8221;source&#8221;:663,&#8221;galleries_image_count&#8221;:60,&#8221;has_video&#8221;:9,&#8221;thumbnail&#8221;:1886,&#8221;flexible_layout_id&#8221;:85,&#8221;flexible_layout_slug&#8221;:86,&#8221;is_sponsored&#8221;:9,&#8221;user_id&#8221;:156,&#8221;utm&#8221;:15},{&#8220;self&#8221;:1877},&#8221;https:\/\/back.jauns.lv\/api\/v3\/articles\/678982&#8243;,{&#8220;links&#8221;:1879},{&#8220;related&#8221;:1880,&#8221;self&#8221;:1881},&#8221;https:\/\/back.jauns.lv\/api\/v3\/articles\/678982\/embeds&#8221;,&#8221;https:\/\/back.jauns.lv\/api\/v3\/articles\/678982\/relationships\/embeds&#8221;,{&#8220;slug&#8221;:257,&#8221;title&#8221;:252,&#8221;color_code&#8221;:256},{&#8220;slug&#8221;:728,&#8221;title&#8221;:729,&#8221;color_code&#8221;:256},[1885],{&#8220;id&#8221;:70,&#8221;title&#8221;:71,&#8221;image_url&#8221;:72},{&#8220;author&#8221;:1132,&#8221;description&#8221;:1632,&#8221;base&#8221;:1633,&#8221;sizes&#8221;:1887},[79,80,81,82,83,84],{&#8220;type&#8221;:45,&#8221;id&#8221;:1187,&#8221;links&#8221;:1889,&#8221;embeds&#8221;:1891,&#8221;title&#8221;:1188,&#8221;lead&#8221;:1190,&#8221;body&#8221;:1191,&#8221;slug&#8221;:1189,&#8221;old_relative_url&#8221;:15,&#8221;is_active&#8221;:8,&#8221;created_at&#8221;:1201,&#8221;updated_at&#8221;:1196,&#8221;published_at&#8221;:1195,&#8221;layout&#8221;:60,&#8221;is_adult&#8221;:9,&#8221;is_imported&#8221;:9,&#8221;is_comments_allowed&#8221;:8,&#8221;remove_ads&#8221;:9,&#8221;is_supplemented&#8221;:9,&#8221;supplemented_at&#8221;:15,&#8221;deleted_at&#8221;:15,&#8221;comment_permission&#8221;:36,&#8221;title_breaking&#8221;:15,&#8221;embed&#8221;:15,&#8221;remove_bg_ads&#8221;:9,&#8221;meta_keywords&#8221;:15,&#8221;main_category&#8221;:1895,&#8221;first_sub_category&#8221;:1896,&#8221;comments_count&#8221;:566,&#8221;authors&#8221;:1897,&#8221;source&#8221;:663,&#8221;galleries_image_count&#8221;:60,&#8221;has_video&#8221;:9,&#8221;thumbnail&#8221;:1899,&#8221;flexible_layout_id&#8221;:85,&#8221;flexible_layout_slug&#8221;:86,&#8221;is_sponsored&#8221;:9,&#8221;user_id&#8221;:156,&#8221;utm&#8221;:15},{&#8220;self&#8221;:1890},&#8221;https:\/\/back.jauns.lv\/api\/v3\/articles\/678949&#8243;,{&#8220;links&#8221;:1892},{&#8220;related&#8221;:1893,&#8221;self&#8221;:1894},&#8221;https:\/\/back.jauns.lv\/api\/v3\/articles\/678949\/embeds&#8221;,&#8221;https:\/\/back.jauns.lv\/api\/v3\/articles\/678949\/relationships\/embeds&#8221;,{&#8220;slug&#8221;:62,&#8221;title&#8221;:63,&#8221;color_code&#8221;:64},{&#8220;slug&#8221;:66,&#8221;title&#8221;:67,&#8221;color_code&#8221;:64},[1898],{&#8220;id&#8221;:762,&#8221;title&#8221;:763,&#8221;image_url&#8221;:764},{&#8220;author&#8221;:1101,&#8221;description&#8221;:1198,&#8221;base&#8221;:1199,&#8221;sizes&#8221;:1900},[79,80,81,82,83,84],{&#8220;id&#8221;:1902,&#8221;title&#8221;:1903,&#8221;slug&#8221;:1904,&#8221;item_count&#8221;:60,&#8221;flexible_layout_id&#8221;:15,&#8221;flexible_layout_slug&#8221;:15,&#8221;topical_menu_slug&#8221;:571,&#8221;items&#8221;:1905},&#8221;39&#8243;,&#8221;Rekl\u0101mraksti jaunakaj\u0101s zi\u0146\u0101s&#8221;,&#8221;reklamraksti-jaunakajas-zinas&#8221;,[],{},{},{&#8220;env&#8221;:807,&#8221;ratings&#8221;:1909},{&#8220;articles&#8221;:1910,&#8221;recipes&#8221;:1911},[&#8220;Map&#8221;],[&#8220;Map&#8221;],{&#8220;players&#8221;:1913,&#8221;env&#8221;:807},{&#8220;jauns-lv-atskanotais&#8221;:186},{&#8220;dateNames&#8221;:1915,&#8221;env&#8221;:807},{&#8220;2025-10-22&#8221;:1916},[1917,1920,1923],{&#8220;id&#8221;:1918,&#8221;name&#8221;:1919},&#8221;4607&#8243;,&#8221;\u012arisa&#8221;,{&#8220;id&#8221;:1921,&#8221;name&#8221;:1922},&#8221;4827&#8243;,&#8221;Airisa&#8221;,{&#8220;id&#8221;:1924,&#8221;name&#8221;:1925},&#8221;5184&#8243;,&#8221;Ir\u012bda&#8221;,{&#8220;news&#8221;:1927,&#8221;newsMeta&#8221;:15,&#8221;loading&#8221;:9,&#8221;page&#8221;:14,&#8221;galleryCurrentActiveImage&#8221;:15,&#8221;weatherDataNow&#8221;:487,&#8221;bigImageGalleryMobile&#8221;:781,&#8221;weatherPageData&#8221;:1928,&#8221;showAudioWidget&#8221;:9,&#8221;isPlaying&#8221;:9,&#8221;articlePlayerTime&#8221;:781,&#8221;playerAction&#8221;:1929,&#8221;playList&#8221;:1932,&#8221;env&#8221;:807},{},{},{&#8220;type&#8221;:1930,&#8221;mode&#8221;:1931,&#8221;id&#8221;:781},&#8221;play&#8221;,&#8221;main&#8221;,[]]<\/p>\n<div id=\"fb-root\"><\/div>\n<p><script async defer src=\"https:\/\/connect.facebook.net\/en_US\/sdk.js#xfbml=1&#038;version=v3.2\"><\/script><\/p>\n","protected":false},"excerpt":{"rendered":"Zelenska koment\u0101ri izskan\u0113ju\u0161i p\u0113c zi\u0146\u0101m, ka ASV un Krievijas sarunas, \u0161\u0137iet, ir non\u0101ku\u0161as strupce\u013c\u0101 \u2014 pl\u0101notais Trampa un&hellip;\n","protected":false},"author":2,"featured_media":28195,"comment_status":"","ping_status":"","sticky":false,"template":"","format":"standard","meta":{"footnotes":""},"categories":[14],"tags":[23,57,28,29,32,33,22,30,31,35,39,38,36,37,34,40,20,26,27,24,25,54,55,56,21,58],"class_list":{"0":"post-28194","1":"post","2":"type-post","3":"status-publish","4":"format-standard","5":"has-post-thumbnail","7":"category-zinas-no-arvalstim","8":"tag-aktualitates","9":"tag-arvalstim","10":"tag-breaking-news","11":"tag-breakingnews","12":"tag-featured-news","13":"tag-featurednews","14":"tag-headlines","15":"tag-latest-news","16":"tag-latestnews","17":"tag-latvia","18":"tag-latvian","19":"tag-latviesu","20":"tag-latviesu-valoda","21":"tag-latviesuvaloda","22":"tag-latvija","23":"tag-lv","24":"tag-news","25":"tag-popularakas-zinas","26":"tag-popularakaszinas","27":"tag-top-stories","28":"tag-topstories","29":"tag-world","30":"tag-world-news","31":"tag-worldnews","32":"tag-zinas","33":"tag-zinas-no-arvalstim"},"share_on_mastodon":{"url":"","error":""},"_links":{"self":[{"href":"https:\/\/www.europesays.com\/lv\/wp-json\/wp\/v2\/posts\/28194","targetHints":{"allow":["GET"]}}],"collection":[{"href":"https:\/\/www.europesays.com\/lv\/wp-json\/wp\/v2\/posts"}],"about":[{"href":"https:\/\/www.europesays.com\/lv\/wp-json\/wp\/v2\/types\/post"}],"author":[{"embeddable":true,"href":"https:\/\/www.europesays.com\/lv\/wp-json\/wp\/v2\/users\/2"}],"replies":[{"embeddable":true,"href":"https:\/\/www.europesays.com\/lv\/wp-json\/wp\/v2\/comments?post=28194"}],"version-history":[{"count":0,"href":"https:\/\/www.europesays.com\/lv\/wp-json\/wp\/v2\/posts\/28194\/revisions"}],"wp:featuredmedia":[{"embeddable":true,"href":"https:\/\/www.europesays.com\/lv\/wp-json\/wp\/v2\/media\/28195"}],"wp:attachment":[{"href":"https:\/\/www.europesays.com\/lv\/wp-json\/wp\/v2\/media?parent=28194"}],"wp:term":[{"taxonomy":"category","embeddable":true,"href":"https:\/\/www.europesays.com\/lv\/wp-json\/wp\/v2\/categories?post=28194"},{"taxonomy":"post_tag","embeddable":true,"href":"https:\/\/www.europesays.com\/lv\/wp-json\/wp\/v2\/tags?post=28194"}],"curies":[{"name":"wp","href":"https:\/\/api.w.org\/{rel}","templated":true}]}}