{"id":282100,"date":"2026-09-01T10:30:14","date_gmt":"2026-09-01T10:30:14","guid":{"rendered":"https:\/\/www.europesays.com\/lv\/282100\/"},"modified":"2026-09-01T10:30:14","modified_gmt":"2026-09-01T10:30:14","slug":"pasludinats-spriedums-rimsevica-un-martinsona-kukulosanas-lieta-atstaj-negrozitu-pirmas-instances-spriedumu","status":"publish","type":"post","link":"https:\/\/www.europesays.com\/lv\/282100\/","title":{"rendered":"Pasludin\u0101ts spriedums Rim\u0161\u0113vi\u010da un Martinsona kuku\u013co\u0161anas liet\u0101: atst\u0101j negroz\u012btu pirm\u0101s instances spriedumu"},"content":{"rendered":"<p>Par vain\u012bgu tika atz\u012bts ar\u012b b\u016bvuz\u0146\u0113m\u0113js Martinsons, kuram tiesa piesprieda cietumsodu uz pieciem gadiem, k\u0101 ar\u012b l\u0113ma piedz\u012bt no vi\u0146a vair\u0101k nek\u0101 150 000 eiro. Martinsonam piedero\u0161ajam uz\u0146\u0113mumam &#8220;MM invest\u012bcijas&#8221; piem\u0113rots piespiedu ietekm\u0113\u0161anas l\u012bdzeklis, proti, no t\u0101 tiks piedz\u012bts 3,1 miljons eiro.<\/p>\n<p>T\u0101pat pirm\u0101s instances tiesa pie\u0146\u0113ma blakus l\u0113mumu l\u016bgt Valsts policiju s\u0101kt krimin\u0101lprocesu pret biju\u0161o &#8220;Trasta komercbankas&#8221; valdes locekli Viktoru Ziemeli par nepatiesu liec\u012bbu snieg\u0161anu ties\u0101.<\/p>\n<p>Rim\u0161\u0113vi\u010ds un Martinsons savu vainu neatz\u012bst.<\/p>\n<p>Rim\u0161\u0113vi\u010du un Martinsonu Korupcijas nov\u0113r\u0161anas un apkaro\u0161anas birojs (KNAB) aiztur\u0113ja 2018. gada febru\u0101r\u012b. \u0122ener\u0101lprokurat\u016bra Rim\u0161\u0113vi\u010dam uzr\u0101d\u012bja aps\u016bdz\u012bbu par kuku\u013c\u0146em\u0161anu, bet Martinsonam &#8211; par kuku\u013c\u0146em\u0161anas atbalst\u012b\u0161anu.<\/p>\n<p>Rim\u0161\u0113vi\u010ds aps\u016bdz\u0113ts par kuku\u013ca &#8211; apmaks\u0101ta atp\u016btas brauciena un naudas &#8211; pie\u0146em\u0161anu. T\u0101pat vi\u0146\u0161 aps\u016bdz\u0113ts par noziedz\u012bgi ieg\u016btu finan\u0161u l\u012bdzek\u013cu legaliz\u0113\u0161anu.<\/p>\n<p>Lietas uzraugo\u0161\u0101 prokurore Viorika Jirgena iepriek\u0161 past\u0101st\u012bja, ka KNAB \u0161o lietu s\u0101cis p\u0113c divu &#8220;Trasta komercbankas&#8221; p\u0101rst\u0101vju iesnieguma. Abi liet\u0101 figur\u0113 k\u0101 kuku\u013cdev\u0113ji, ta\u010du atbr\u012bvoti no krimin\u0101latbild\u012bbas, jo vi\u0146i labpr\u0101t\u012bgi v\u0113rsu\u0161ies ties\u012bbsarg\u0101jo\u0161aj\u0101s iest\u0101d\u0113s ar inform\u0101ciju par \u0161o notikumu. A\u0123ent\u016brai LETA zin\u0101ms, ka \u0161\u012bs personas ir &#8220;Trasta komercbankas&#8221; biju\u0161ais valdes loceklis Ziemelis un k\u0101dreiz\u0113jais akcion\u0101rs, nu jau nelai\u0137is Igors Buimisters.<\/p>\n","protected":false},"excerpt":{"rendered":"Par vain\u012bgu tika atz\u012bts ar\u012b b\u016bvuz\u0146\u0113m\u0113js Martinsons, kuram tiesa piesprieda cietumsodu uz pieciem gadiem, k\u0101 ar\u012b l\u0113ma piedz\u012bt&hellip;\n","protected":false},"author":2,"featured_media":282101,"comment_status":"","ping_status":"","sticky":false,"template":"","format":"standard","meta":{"footnotes":"","_share_on_mastodon":"0"},"categories":[5],"tags":[23,28,29,32,33,22,42106,30,31,35,39,38,36,37,34,40,42107,20,26,27,7394,375,24,25,21],"class_list":["post-282100","post","type-post","status-publish","format-standard","has-post-thumbnail","category-aktualitates","tag-aktualitates","tag-breaking-news","tag-breakingnews","tag-featured-news","tag-featurednews","tag-headlines","tag-ilmars-rimsevics","tag-latest-news","tag-latestnews","tag-latvia","tag-latvian","tag-latviesu","tag-latviesu-valoda","tag-latviesuvaloda","tag-latvija","tag-lv","tag-maris-martinsons","tag-news","tag-popularakas-zinas","tag-popularakaszinas","tag-rigas-apgabaltiesa","tag-tiesa","tag-top-stories","tag-topstories","tag-zinas"],"share_on_mastodon":{"url":"https:\/\/pubeurope.com\/@lv\/117195323849772747","error":""},"_links":{"self":[{"href":"https:\/\/www.europesays.com\/lv\/wp-json\/wp\/v2\/posts\/282100","targetHints":{"allow":["GET"]}}],"collection":[{"href":"https:\/\/www.europesays.com\/lv\/wp-json\/wp\/v2\/posts"}],"about":[{"href":"https:\/\/www.europesays.com\/lv\/wp-json\/wp\/v2\/types\/post"}],"author":[{"embeddable":true,"href":"https:\/\/www.europesays.com\/lv\/wp-json\/wp\/v2\/users\/2"}],"replies":[{"embeddable":true,"href":"https:\/\/www.europesays.com\/lv\/wp-json\/wp\/v2\/comments?post=282100"}],"version-history":[{"count":0,"href":"https:\/\/www.europesays.com\/lv\/wp-json\/wp\/v2\/posts\/282100\/revisions"}],"wp:featuredmedia":[{"embeddable":true,"href":"https:\/\/www.europesays.com\/lv\/wp-json\/wp\/v2\/media\/282101"}],"wp:attachment":[{"href":"https:\/\/www.europesays.com\/lv\/wp-json\/wp\/v2\/media?parent=282100"}],"wp:term":[{"taxonomy":"category","embeddable":true,"href":"https:\/\/www.europesays.com\/lv\/wp-json\/wp\/v2\/categories?post=282100"},{"taxonomy":"post_tag","embeddable":true,"href":"https:\/\/www.europesays.com\/lv\/wp-json\/wp\/v2\/tags?post=282100"}],"curies":[{"name":"wp","href":"https:\/\/api.w.org\/{rel}","templated":true}]}}