{"id":282176,"date":"2026-09-01T12:17:14","date_gmt":"2026-09-01T12:17:14","guid":{"rendered":"https:\/\/www.europesays.com\/lv\/282176\/"},"modified":"2026-09-01T12:17:14","modified_gmt":"2026-09-01T12:17:14","slug":"lauku-paki-jau-var-pagaidit-viesites-iedzivotajs-pec-astonam-dienam-bez-elektribas-kritize-sniegto-atbalstu-delfi","status":"publish","type":"post","link":"https:\/\/www.europesays.com\/lv\/282176\/","title":{"rendered":"&quot;Lauku p\u0101\u0137i jau var pagaid\u012bt.&quot; Vies\u012btes iedz\u012bvot\u0101js p\u0113c asto\u0146\u0101m dien\u0101m bez elektr\u012bbas kritiz\u0113 sniegto atbalstu &#8211; DELFI"},"content":{"rendered":"<ol>\n<li><a href=\"https:\/\/news.google.com\/rss\/articles\/CBMi9AFBVV95cUxOanRKMEJEeTVOSmVlVXVLemZadHRMVFkwRUptbEtpa1luQlMzTHMyV2JkMVBJWFd4UGlFLU1iRk05dXEyZnpfY1VNT1d3dTItbmdUUHV1Rks0YWE3VTJfTjNTZm1MdlRoWmNoMHpYTVg2X0pOS3VWM1BJbWNuNUxFenlZM1lSbGsyVEU0T1JKTFdUcWtRMkZZRER3RlpHNHJFSGNiY1ljN3R2aDZDVFZXeGQ4RGlrOUtheDFrME50QzR2RkVBTDdRcG5XLTdUR1pfUnoxbTFpcmxoVWZudUlEVXA0WFB1dmlZUWhJdmZNZXRnQXE3?oc=5\" target=\"_blank\" rel=\"nofollow noopener\">&#8220;Lauku p\u0101\u0137i jau var pagaid\u012bt.&#8221; Vies\u012btes iedz\u012bvot\u0101js p\u0113c asto\u0146\u0101m dien\u0101m bez elektr\u012bbas kritiz\u0113 sniegto atbalstu<\/a>&nbsp;&nbsp;DELFI<\/li>\n<li><a href=\"https:\/\/news.google.com\/rss\/articles\/CBMiiAFBVV95cUxNSjBpRUVYRy1sM3VFbGFPQXRLR1hMV2hQaElDRmZNNjlWbHBYMkFUXzRsTzhCSmthQVNheWhBMWlvTVdBRWtQVkxUVG9zVGhjbTZqcHRqNFJLNDhRa0M0WE81Q1k5SGxlMTRYUlcxRUpTcUl0ejl3UjNlbzZGejFYQUlCVWx4bUgy?oc=5\" target=\"_blank\" rel=\"nofollow noopener\">Biji 72 stundas bez elektr\u012bbas? Sa\u0146em kompens\u0101ciju, lemj vald\u012bba<\/a>&nbsp;&nbsp;NRA<\/li>\n<li><a href=\"https:\/\/news.google.com\/rss\/articles\/CBMi7gFBVV95cUxPNVNlS3RlRWNEdHJuM2xORTZsa01KY00waWdMLUxSaUFOVG5OZ2JNMXFRb09Gcmhaa1pVVXRaVVkzQ0NqeTdSZVgzZWhka1Q1VFY3Zms4YUR3RFNPSjBaT00yUXdWQ0dpSnk3VEMweUNPNTRpNWhwYlhBRXp6UG5UUWJOZnB0ZFljbFpwQ2VteVlUQ1NpWElCbUVMS2ZLVVRpaFpVZnZfUnJYOHROMUNUWjNxNDFLcmxFcmhhSGYwNUFpT1dRLWdkUjF2MDJGYll4NkY0UDZyYm5HWC1zaTItZU1wUTlWd3hGVTgxaVh3?oc=5\" target=\"_blank\" rel=\"nofollow noopener\">Da\u013cai iedz\u012bvot\u0101ju v\u0113tras d\u0113\u013c var\u0113tu b\u016bt maz\u0101ks elektr\u012bbas r\u0113\u0137ins<\/a>&nbsp;&nbsp;DELFI<\/li>\n<li><a href=\"https:\/\/news.google.com\/rss\/articles\/CBMiqgFBVV95cUxORS1md0M4MThwOTctZ3dxWndzdFZ2V3lJYmcxOVpaMkJvVXBrOXZvcFJuTklha3FEdjZkUmtEUXdQN2RwQUI3ZGxpNVpBWk5LSXNHbzlMOUVWWnJYTkh6M2Vfb041c2lYaFhuVFViMHhJMHptcUtKREFVQnFwdWk0dktSd1FqT0JXN05fS2JlQ2c4RF9VV2F1LWllZWZ3eTRtbWUxSFExbFVIQQ?oc=5\" target=\"_blank\" rel=\"nofollow noopener\">Zi\u0146as vieglaj\u0101 valod\u0101 30. august\u0101 \/ Raksts<\/a>&nbsp;&nbsp;LSM<\/li>\n<li><a href=\"https:\/\/news.google.com\/rss\/articles\/CBMizgFBVV95cUxPVTg5MTJjdnhSak1YR2U2MG9BWUU1Yjh4NGY2Z09LTExodGxYaGhwQTRxTkQzcnVsbVZ5ZG81ZVlydHpuNmJIb0RRc0FiX3ZZRndkYVJLRXRCeDJjMExpTWlYNWVRRlctYU9BTGVQUi16S3RjYmlxYWFFeWdRMzZ1QUx6R2ZHMVRJbEdLWVAtZFlYcVNpUHphaUp6Ym5oMnJFMU0xWWFyOEJQc2hNbDFGcm05X1Z5bHNkVUN6MEZGOXAwcEx2SXFrdEpFajRHdw?oc=5\" target=\"_blank\" rel=\"nofollow noopener\">Daudziem elektr\u012bbas nebija pat ned\u0113\u013cu! Kas notiks ar r\u0113\u0137iniem \u2013 vai maks\u0101sim ar\u012b par dien\u0101m, kas pavad\u012btas sve\u010du gaism\u0101?<\/a>&nbsp;&nbsp;LA.LV<\/li>\n<\/ol>\n","protected":false},"excerpt":{"rendered":"&#8220;Lauku p\u0101\u0137i jau var pagaid\u012bt.&#8221; Vies\u012btes iedz\u012bvot\u0101js p\u0113c asto\u0146\u0101m dien\u0101m bez elektr\u012bbas kritiz\u0113 sniegto atbalstu&nbsp;&nbsp;DELFI Biji 72 stundas&hellip;\n","protected":false},"author":2,"featured_media":282177,"comment_status":"","ping_status":"","sticky":false,"template":"","format":"standard","meta":{"footnotes":"","_share_on_mastodon":"0"},"categories":[12],"tags":[4188,23,28,29,32,33,22,50,10276,30,31,35,39,38,36,37,34,40,20,26,27,5238,24,25,4457,22178,21],"class_list":["post-282176","post","type-post","status-publish","format-standard","has-post-thumbnail","category-latvija","tag-aizkadra","tag-aktualitates","tag-breaking-news","tag-breakingnews","tag-featured-news","tag-featurednews","tag-headlines","tag-jekabpils-novads","tag-krize","tag-latest-news","tag-latestnews","tag-latvia","tag-latvian","tag-latviesu","tag-latviesu-valoda","tag-latviesuvaloda","tag-latvija","tag-lv","tag-news","tag-popularakas-zinas","tag-popularakaszinas","tag-sadales-tikls","tag-top-stories","tag-topstories","tag-vetra","tag-viesite","tag-zinas"],"share_on_mastodon":{"url":"https:\/\/pubeurope.com\/@lv\/117195744650528714","error":""},"_links":{"self":[{"href":"https:\/\/www.europesays.com\/lv\/wp-json\/wp\/v2\/posts\/282176","targetHints":{"allow":["GET"]}}],"collection":[{"href":"https:\/\/www.europesays.com\/lv\/wp-json\/wp\/v2\/posts"}],"about":[{"href":"https:\/\/www.europesays.com\/lv\/wp-json\/wp\/v2\/types\/post"}],"author":[{"embeddable":true,"href":"https:\/\/www.europesays.com\/lv\/wp-json\/wp\/v2\/users\/2"}],"replies":[{"embeddable":true,"href":"https:\/\/www.europesays.com\/lv\/wp-json\/wp\/v2\/comments?post=282176"}],"version-history":[{"count":0,"href":"https:\/\/www.europesays.com\/lv\/wp-json\/wp\/v2\/posts\/282176\/revisions"}],"wp:featuredmedia":[{"embeddable":true,"href":"https:\/\/www.europesays.com\/lv\/wp-json\/wp\/v2\/media\/282177"}],"wp:attachment":[{"href":"https:\/\/www.europesays.com\/lv\/wp-json\/wp\/v2\/media?parent=282176"}],"wp:term":[{"taxonomy":"category","embeddable":true,"href":"https:\/\/www.europesays.com\/lv\/wp-json\/wp\/v2\/categories?post=282176"},{"taxonomy":"post_tag","embeddable":true,"href":"https:\/\/www.europesays.com\/lv\/wp-json\/wp\/v2\/tags?post=282176"}],"curies":[{"name":"wp","href":"https:\/\/api.w.org\/{rel}","templated":true}]}}