{"id":28218,"date":"2025-10-22T12:47:16","date_gmt":"2025-10-22T12:47:16","guid":{"rendered":"https:\/\/www.europesays.com\/lv\/28218\/"},"modified":"2025-10-22T12:47:16","modified_gmt":"2025-10-22T12:47:16","slug":"10-volstritas-ieteikumi-akcijam-ar-vislielako-potencialu","status":"publish","type":"post","link":"https:\/\/www.europesays.com\/lv\/28218\/","title":{"rendered":"10 Volstr\u012btas ieteikumi akcij\u0101m ar visliel\u0101ko potenci\u0101lu"},"content":{"rendered":"<p>Ar kol\u0113\u0123a pal\u012bdz\u012bbu es izv\u0113l\u0113jos 10 akciju ieteikumus no S&amp;P 500 akcij\u0101m, kur\u0101m anal\u012bti\u0137i n\u0101kamaj\u0101 gad\u0101 pie\u0161\u0137ir visliel\u0101ko izaugsmes potenci\u0101lu.<\/p>\n<p><a href=\"https:\/\/static-img.aripaev.ee\/?type=preview&amp;uuid=5df09170-a8fa-5069-810a-2670f1cdec16\" target=\"_blank\" rel=\"noopener noreferrer nofollow\" class=\"styles_article-image__holder__jEhZc\" style=\"aspect-ratio:1.499531396438613\"><img alt=\"Es koncentr\u0113jos uz desmit akcij\u0101m, kuru cena, p\u0113c anal\u012bti\u0137u prognoz\u0113m, 12 m\u0113ne\u0161u laik\u0101 b\u016bs par 40\u201350\u00a0% augst\u0101ka.\" draggable=\"false\" fetchpriority=\"high\" decoding=\"async\" data-nimg=\"fill\" style=\"position:absolute;height:100%;width:100%;left:0;top:0;right:0;bottom:0;color:transparent\"   src=\"https:\/\/www.europesays.com\/lv\/wp-content\/uploads\/2025\/10\/1761137236_826_\"\/><\/a><\/p>\n<ul class=\"styles_article-image__meta__Voj9l\">\n<li>Es koncentr\u0113jos uz desmit akcij\u0101m, kuru cena, p\u0113c anal\u012bti\u0137u prognoz\u0113m, 12 m\u0113ne\u0161u laik\u0101 b\u016bs par 40\u201350\u00a0% augst\u0101ka.<\/li>\n<li>Foto: Andras Kralla<\/li>\n<\/ul>\n<p>Investors Makss \u2014 mans labais kol\u0113\u0123is no Slov\u0113nijas \u2014 paveica apbr\u012bnojamu darbu, izskatot Volstr\u012btas anal\u012bti\u0137u invest\u012bciju ieteikumus. Vi\u0146\u0161 \u012bpa\u0161i r\u016bp\u012bgi p\u0101rbaud\u012bja akcijas, kuru ienes\u012bgums \u0161ogad mirdz\u0113ja sarkan\u0101 kr\u0101s\u0101, un piev\u0113rsa uzman\u012bbu S&amp;P 500 indeksa akcij\u0101m, kur\u0101m tika sniegti visvair\u0101k pirk\u0161anas ieteikumu.<\/p>\n<p>Interes\u0113 \u0161\u012b t\u0113ma? S\u0101c sekot \u0161iem atsl\u0113gas v\u0101rdiem un sa\u0146em pazi\u0146ojumus, kad ir pieejams jauns saturs!<\/p>\n","protected":false},"excerpt":{"rendered":"Ar kol\u0113\u0123a pal\u012bdz\u012bbu es izv\u0113l\u0113jos 10 akciju ieteikumus no S&amp;P 500 akcij\u0101m, kur\u0101m anal\u012bti\u0137i n\u0101kamaj\u0101 gad\u0101 pie\u0161\u0137ir visliel\u0101ko&hellip;\n","protected":false},"author":2,"featured_media":28219,"comment_status":"","ping_status":"","sticky":false,"template":"","format":"standard","meta":{"footnotes":""},"categories":[16],"tags":[77,76,35,39,38,36,37,34,40],"class_list":{"0":"post-28218","1":"post","2":"type-post","3":"status-publish","4":"format-standard","5":"has-post-thumbnail","7":"category-bizness","8":"tag-bizness","9":"tag-business","10":"tag-latvia","11":"tag-latvian","12":"tag-latviesu","13":"tag-latviesu-valoda","14":"tag-latviesuvaloda","15":"tag-latvija","16":"tag-lv"},"share_on_mastodon":{"url":"","error":""},"_links":{"self":[{"href":"https:\/\/www.europesays.com\/lv\/wp-json\/wp\/v2\/posts\/28218","targetHints":{"allow":["GET"]}}],"collection":[{"href":"https:\/\/www.europesays.com\/lv\/wp-json\/wp\/v2\/posts"}],"about":[{"href":"https:\/\/www.europesays.com\/lv\/wp-json\/wp\/v2\/types\/post"}],"author":[{"embeddable":true,"href":"https:\/\/www.europesays.com\/lv\/wp-json\/wp\/v2\/users\/2"}],"replies":[{"embeddable":true,"href":"https:\/\/www.europesays.com\/lv\/wp-json\/wp\/v2\/comments?post=28218"}],"version-history":[{"count":0,"href":"https:\/\/www.europesays.com\/lv\/wp-json\/wp\/v2\/posts\/28218\/revisions"}],"wp:featuredmedia":[{"embeddable":true,"href":"https:\/\/www.europesays.com\/lv\/wp-json\/wp\/v2\/media\/28219"}],"wp:attachment":[{"href":"https:\/\/www.europesays.com\/lv\/wp-json\/wp\/v2\/media?parent=28218"}],"wp:term":[{"taxonomy":"category","embeddable":true,"href":"https:\/\/www.europesays.com\/lv\/wp-json\/wp\/v2\/categories?post=28218"},{"taxonomy":"post_tag","embeddable":true,"href":"https:\/\/www.europesays.com\/lv\/wp-json\/wp\/v2\/tags?post=28218"}],"curies":[{"name":"wp","href":"https:\/\/api.w.org\/{rel}","templated":true}]}}