{"id":28224,"date":"2025-10-22T12:52:09","date_gmt":"2025-10-22T12:52:09","guid":{"rendered":"https:\/\/www.europesays.com\/lv\/28224\/"},"modified":"2025-10-22T12:52:09","modified_gmt":"2025-10-22T12:52:09","slug":"latvijas-florbola-savieniba-lv-2025-2026-jaunumi-mily-latvijas-kausu-mu12-grupa-izcina-rubene-kss","status":"publish","type":"post","link":"https:\/\/www.europesays.com\/lv\/28224\/","title":{"rendered":"Latvijas Florbola savien\u012bba \u00bb LV \u00bb 2025\/2026 \u00bb Jaunumi \u00bb &#8220;Mily&#8221; Latvijas kausu MU12 grup\u0101 izc\u012bna &#8220;Rubene\/KSS&#8221;"},"content":{"rendered":"<p>&#8220;Mily&#8221; Latvijas kausu MU12 grup\u0101 izc\u012bna &#8220;Rubene\/KSS&#8221;<\/p>\n<p><\/p>\n<p>\t\t\t\t\t<img decoding=\"async\" src=\"https:\/\/www.europesays.com\/lv\/wp-content\/uploads\/2025\/10\/mu12kauss_2025.jpeg\" class=\"news-title-image\" width=\"292.5\" alt=\"mu12kauss_2025.jpeg\" title=\"&quot;Mily&quot; Latvijas kausu MU12 grup\u0101 izc\u012bna &quot;Rubene\/KSS&quot;\" \/><\/p>\n<p style=\"text-align: justify;\">Otrdien Koc\u0113nu sporta nam\u0101 norisin\u0101j\u0101s &#8220;Mily&#8221; Latvijas kausa izc\u012b\u0146a jaunie\u0161iem vecuma grup\u0101 MU12. Galveno trofeju ieguvu viet\u0113j\u0101 &#8220;Rubene\/KSS&#8221; komanda, kas fin\u0101l\u0101 p\u0113csp\u0113les metienos ar <a href=\"https:\/\/www.floorball.lv\/lv\/2025\/latvijas-kauss\/mu12-lk\/proto\/53225-rub-sla\" target=\"_self\" rel=\"nofollow noopener\">2:1<\/a> pieveica &#8220;SK Slampe\/Zevid&#8221; kluba jaun\u0101s florbolistes. C\u012b\u0146\u0101 par tre\u0161o vietu &#8220;FK Valka\/BJSS&#8221; ar <a href=\"https:\/\/www.floorball.lv\/lv\/2025\/latvijas-kauss\/mu12-lk\/proto\/53224-jek-vlk\" target=\"_self\" rel=\"nofollow noopener\">4:3<\/a> p\u0101rsp\u0113ja J\u0113kabpils vien\u012bbu.<\/p>\n<p style=\"text-align: justify;\">\u00a0<\/p>\n<p style=\"text-align: justify;\"><a href=\"https:\/\/mily.lv\/\" target=\"_blank\" rel=\"nofollow noopener\">Mily.lv<\/a> \u2013 \u0101tri un \u0113rti piesaki b\u0113rnu sporta nodarb\u012bb\u0101m vai pulci\u0146am!<\/p>\n<p style=\"text-align: justify;\">\u00a0<\/p>\n<p style=\"text-align: justify;\">Foto: J\u0101nis L\u0101rmanis<\/p>\n<p>\u00a0<\/p>\n<p><\/p>\n","protected":false},"excerpt":{"rendered":"&#8220;Mily&#8221; Latvijas kausu MU12 grup\u0101 izc\u012bna &#8220;Rubene\/KSS&#8221; Otrdien Koc\u0113nu sporta nam\u0101 norisin\u0101j\u0101s &#8220;Mily&#8221; Latvijas kausa izc\u012b\u0146a jaunie\u0161iem vecuma&hellip;\n","protected":false},"author":2,"featured_media":28225,"comment_status":"","ping_status":"","sticky":false,"template":"","format":"standard","meta":{"footnotes":""},"categories":[17],"tags":[405,35,39,38,36,37,34,40,8686,67],"class_list":{"0":"post-28224","1":"post","2":"type-post","3":"status-publish","4":"format-standard","5":"has-post-thumbnail","7":"category-sports","8":"tag-405","9":"tag-latvia","10":"tag-latvian","11":"tag-latviesu","12":"tag-latviesu-valoda","13":"tag-latviesuvaloda","14":"tag-latvija","15":"tag-lv","16":"tag-sporta","17":"tag-sports"},"share_on_mastodon":{"url":"","error":""},"_links":{"self":[{"href":"https:\/\/www.europesays.com\/lv\/wp-json\/wp\/v2\/posts\/28224","targetHints":{"allow":["GET"]}}],"collection":[{"href":"https:\/\/www.europesays.com\/lv\/wp-json\/wp\/v2\/posts"}],"about":[{"href":"https:\/\/www.europesays.com\/lv\/wp-json\/wp\/v2\/types\/post"}],"author":[{"embeddable":true,"href":"https:\/\/www.europesays.com\/lv\/wp-json\/wp\/v2\/users\/2"}],"replies":[{"embeddable":true,"href":"https:\/\/www.europesays.com\/lv\/wp-json\/wp\/v2\/comments?post=28224"}],"version-history":[{"count":0,"href":"https:\/\/www.europesays.com\/lv\/wp-json\/wp\/v2\/posts\/28224\/revisions"}],"wp:featuredmedia":[{"embeddable":true,"href":"https:\/\/www.europesays.com\/lv\/wp-json\/wp\/v2\/media\/28225"}],"wp:attachment":[{"href":"https:\/\/www.europesays.com\/lv\/wp-json\/wp\/v2\/media?parent=28224"}],"wp:term":[{"taxonomy":"category","embeddable":true,"href":"https:\/\/www.europesays.com\/lv\/wp-json\/wp\/v2\/categories?post=28224"},{"taxonomy":"post_tag","embeddable":true,"href":"https:\/\/www.europesays.com\/lv\/wp-json\/wp\/v2\/tags?post=28224"}],"curies":[{"name":"wp","href":"https:\/\/api.w.org\/{rel}","templated":true}]}}