{"id":28230,"date":"2025-10-22T13:00:07","date_gmt":"2025-10-22T13:00:07","guid":{"rendered":"https:\/\/www.europesays.com\/lv\/28230\/"},"modified":"2025-10-22T13:00:07","modified_gmt":"2025-10-22T13:00:07","slug":"liepajas-jauniesi-stude-ar-vitolu-fonda-administretajam-stipendijam-liepaja-lv","status":"publish","type":"post","link":"https:\/\/www.europesays.com\/lv\/28230\/","title":{"rendered":"Liep\u0101jas jaunie\u0161i stud\u0113 ar V\u012btolu fonda administr\u0113taj\u0101m stipendij\u0101m &#8211; Liepaja.lv"},"content":{"rendered":"<ol>\n<li><a href=\"https:\/\/news.google.com\/rss\/articles\/CBMilgFBVV95cUxORDJZcmlweTB0T2FQT3huUGNUNkdrVGR2OWF4V2JiT1ZiYkNKUkRUcTNGLWFYOC1KRGlvdU8yLWlsVlpmWnJCVWFqVEtoMHN3bDVKYnd0anNYRmtsbDFFazNRTU5JTWthX0lreEdPbTYtY2ZnT2hRRTd6aHhhOVVZLWJlVXdzVFVOY1YzNnk2N21qTnJ0M1E?oc=5\" target=\"_blank\" rel=\"nofollow noopener\">Liep\u0101jas jaunie\u0161i stud\u0113 ar V\u012btolu fonda administr\u0113taj\u0101m stipendij\u0101m<\/a>&nbsp;&nbsp;Liepaja.lv<\/li>\n<li><a href=\"https:\/\/news.google.com\/rss\/articles\/CBMisAFBVV95cUxPd2V2M08xOXBNdU9LTUV0dnh1MGNOQWlwbzNlS01DeFA3OFpoNnhtOExwY1N3U3o3MXNsZjZ5WHhTVzBxYkZ6MjJ4ZERPVVgtMFM3YmlUMVlxa19mZnZ1YlpwWlp1SDFEWjYyV29STHNDcE4tR3M1NFNiUFVyVHVpekNoOGRDbG9rUWhJaTVsX0hsdjVLaWE3aFd6Yk9WMmVMTktNdFVTWUVlVXhROU5vLQ?oc=5\" target=\"_blank\" rel=\"nofollow noopener\">Talsu novada jaunie\u0161i stud\u0113 ar V\u012btolu fonda administr\u0113taj\u0101m stipendij\u0101m<\/a>&nbsp;&nbsp;Talsu novada pa\u0161vald\u012bba<\/li>\n<li><a href=\"https:\/\/news.google.com\/rss\/articles\/CBMitAFBVV95cUxQRC1lS2M0V09uejJfQmF2N2Ffa3F2eU9hY3NBTk4xdGlqcTMzcnFwTFVGdWZrVkhJRy1QVzZleWpDcUZfWFloQUt4b3RWc29QLXJ1eWF3cExidExqR2MtdGt1UG80aklWV3QxLXVVQ3B6VnkxMm5GWUFfbVRIa1dUdWdMeUplTU9ZNllmZWdrcWwzcmtYc1FPZkVBUnVrMHRTZGVQVFNJcy1Ya2k5T0pfLWNIWVM?oc=5\" target=\"_blank\" rel=\"nofollow noopener\">V\u012btolu fonda administr\u0113t\u0101s stipendijas pie\u0161\u0137irtas 25 Ogres novada jaunie\u0161iem<\/a>&nbsp;&nbsp;Ogres novada pa\u0161vald\u012bba<\/li>\n<li><a href=\"https:\/\/news.google.com\/rss\/articles\/CBMi4wFBVV95cUxNa0xiZmhpZHhIVTBTc0MyYThHZTZWRUFoenM1cnlhc2syVXQ2S0VlWmtLVFZQTWZjVTNZaHVrY0gxdnZ5RVk5NVNkZHhUd3A4TzZmZmNtQTVRcFg4Q1h3YVFNWEhpQm01Qlo5SmVNUzJfOEtXN1pXNW1RMFFqOVFGZGxqb1dzckUxS0RlOEhQZ0lKQjNTcG9hRk12U21rYmdhdGlDeFhFb29zOTJaSUdVTVZBVWIwdnkwTzFOdG5uMW44SzZBNl9XdGUwVklpcUM5NmFWUUQzaEVXTURPY21CX1ZCRQ?oc=5\" target=\"_blank\" rel=\"nofollow noopener\">V\u012btolu fonda administr\u0113t\u0101s stipendijas pie\u0161\u0137irtas 17 Daugavpils jaunie\u0161iem<\/a>&nbsp;&nbsp;Daugavpils.lv<\/li>\n<li><a href=\"https:\/\/news.google.com\/rss\/articles\/CBMiuAFBVV95cUxNTndEN2Foek5xVHNNZG9SMW94amxESU1GOWUwY0hoNlR2MzhNQ3kzQ3NrOHppdTVIWHNzZHdHTVNrZHZLVC1RVmVRcmI0bUxoR0xaNXYzN2cyRG1CWmhLU25fZ05Ubjd4OHd0cWE5Q1JOU3Z3amszU2pKdmwtV3lDN2xGT3dFQmJwODJqTUxyQjdwR0cwUnlQal9zTkVUbDZhSVJkOW03QUV5MXA1cWxkRFVLMk9MaGtl?oc=5\" target=\"_blank\" rel=\"nofollow noopener\">Al\u016bksnes novada jaunie\u0161i stud\u0113 ar V\u012btolu fonda administr\u0113taj\u0101m stipendij\u0101m<\/a>&nbsp;&nbsp;Al\u016bksnes novads<\/li>\n<\/ol>\n","protected":false},"excerpt":{"rendered":"Liep\u0101jas jaunie\u0161i stud\u0113 ar V\u012btolu fonda administr\u0113taj\u0101m stipendij\u0101m&nbsp;&nbsp;Liepaja.lv Talsu novada jaunie\u0161i stud\u0113 ar V\u012btolu fonda administr\u0113taj\u0101m stipendij\u0101m&nbsp;&nbsp;Talsu novada&hellip;\n","protected":false},"author":2,"featured_media":28231,"comment_status":"","ping_status":"","sticky":false,"template":"","format":"standard","meta":{"footnotes":""},"categories":[14],"tags":[23,57,28,29,32,33,22,30,31,35,39,38,36,37,34,40,20,26,27,24,25,54,55,56,21,58],"class_list":{"0":"post-28230","1":"post","2":"type-post","3":"status-publish","4":"format-standard","5":"has-post-thumbnail","7":"category-zinas-no-arvalstim","8":"tag-aktualitates","9":"tag-arvalstim","10":"tag-breaking-news","11":"tag-breakingnews","12":"tag-featured-news","13":"tag-featurednews","14":"tag-headlines","15":"tag-latest-news","16":"tag-latestnews","17":"tag-latvia","18":"tag-latvian","19":"tag-latviesu","20":"tag-latviesu-valoda","21":"tag-latviesuvaloda","22":"tag-latvija","23":"tag-lv","24":"tag-news","25":"tag-popularakas-zinas","26":"tag-popularakaszinas","27":"tag-top-stories","28":"tag-topstories","29":"tag-world","30":"tag-world-news","31":"tag-worldnews","32":"tag-zinas","33":"tag-zinas-no-arvalstim"},"share_on_mastodon":{"url":"","error":""},"_links":{"self":[{"href":"https:\/\/www.europesays.com\/lv\/wp-json\/wp\/v2\/posts\/28230","targetHints":{"allow":["GET"]}}],"collection":[{"href":"https:\/\/www.europesays.com\/lv\/wp-json\/wp\/v2\/posts"}],"about":[{"href":"https:\/\/www.europesays.com\/lv\/wp-json\/wp\/v2\/types\/post"}],"author":[{"embeddable":true,"href":"https:\/\/www.europesays.com\/lv\/wp-json\/wp\/v2\/users\/2"}],"replies":[{"embeddable":true,"href":"https:\/\/www.europesays.com\/lv\/wp-json\/wp\/v2\/comments?post=28230"}],"version-history":[{"count":0,"href":"https:\/\/www.europesays.com\/lv\/wp-json\/wp\/v2\/posts\/28230\/revisions"}],"wp:featuredmedia":[{"embeddable":true,"href":"https:\/\/www.europesays.com\/lv\/wp-json\/wp\/v2\/media\/28231"}],"wp:attachment":[{"href":"https:\/\/www.europesays.com\/lv\/wp-json\/wp\/v2\/media?parent=28230"}],"wp:term":[{"taxonomy":"category","embeddable":true,"href":"https:\/\/www.europesays.com\/lv\/wp-json\/wp\/v2\/categories?post=28230"},{"taxonomy":"post_tag","embeddable":true,"href":"https:\/\/www.europesays.com\/lv\/wp-json\/wp\/v2\/tags?post=28230"}],"curies":[{"name":"wp","href":"https:\/\/api.w.org\/{rel}","templated":true}]}}