{"id":282366,"date":"2026-09-01T17:37:15","date_gmt":"2026-09-01T17:37:15","guid":{"rendered":"https:\/\/www.europesays.com\/lv\/282366\/"},"modified":"2026-09-01T17:37:15","modified_gmt":"2026-09-01T17:37:15","slug":"video-%e2%9f%a9-skandals-disku-golfa-vai-balodim-tika-nozagts-pasaules-cempiona-tituls","status":"publish","type":"post","link":"https:\/\/www.europesays.com\/lv\/282366\/","title":{"rendered":"VIDEO \u27e9 Skand\u0101ls disku golf\u0101. Vai Balodim tika &#8220;nozagts&#8221; pasaules \u010dempiona tituls?"},"content":{"rendered":"<p>Augusta izska\u0146\u0101 Balodis izc\u012bn\u012bja otro vietu 2026. gada Pasaules Profesion\u0101l\u0101s disku golfa asoci\u0101cijas (PDGA) pasaules \u010dempion\u0101t\u0101.<\/p>\n<p>V\u012brie\u0161u sacens\u012bb\u0101s latvietis p\u0113c \u010detr\u0101m k\u0101rt\u0101m bija l\u012bderis ar 28 metieniem zem PAR*, tuv\u0101kos sekot\u0101jus p\u0101rsp\u0113jot par trim metieniem. Fin\u0101la k\u0101rt\u0101 p\u0113c 16 groziem Balodis joproj\u0101m bija priek\u0161\u0101 par diviem metieniem.<\/p>\n<p>*PAR \u2013 paredz\u0113tais metienu skaits, ar k\u0101du teor\u0113tiski paredz\u0113ts izsp\u0113l\u0113t konkr\u0113to trasi.<\/p>\n<p>Tom\u0113r 17. groz\u0101 cits sp\u0113l\u0113t\u0101js \u0100rons Gosed\u017es izsauca st\u0101jas p\u0101rk\u0101pumu. Vi\u0146\u0161 ieraudz\u012bjis, ka diska atlai\u0161anas br\u012bd\u012b Balo\u017ea kreis\u0101 k\u0101ja neatrad\u0101s at\u013cautaj\u0101 poz\u012bcij\u0101 atbilsto\u0161i PDGA noteikumiem.<\/p>\n<p>Metot no atz\u012bm\u0113tas poz\u012bcijas, vismaz vienam atbalsta punktam j\u0101b\u016bt kontakt\u0101 ar metiena poz\u012bciju, neviens atbalsta punkts nedr\u012bkst b\u016bt tuv\u0101k m\u0113r\u0137im par mar\u0137iera diska aizmugur\u0113jo malu, un visi atbalsta punkti metiena br\u012bd\u012b j\u0101atrodas sp\u0113les laukuma robe\u017e\u0101s.<\/p>\n<p>\/PDGA 802.07.A<\/p>\n<p>Disku <a href=\"https:\/\/www.apollo.lv\/term\/557522\/golfs\" class=\"topicLink\" target=\"_blank\" rel=\"nofollow noopener\">golfs<\/a> ir pa\u0161p\u0101rraudz\u012bts sporta veids, un sp\u0113l\u0113t\u0101jiem ir j\u0101izsauc p\u0101rk\u0101pumi, kad tie tiek paman\u012bti. \u0160aj\u0101 gad\u012bjum\u0101 Gosed\u017ea izsaukumu nekav\u0113joties apstiprin\u0101ja sacens\u012bbu mar\u0161als un PDGA sacens\u012bbu direktors Filips Dilon\u0113. P\u0101r\u0113jie grupas sp\u0113l\u0113t\u0101ji nor\u0101d\u012bja, ka epizodi nav redz\u0113ju\u0161i.<\/p>\n","protected":false},"excerpt":{"rendered":"Augusta izska\u0146\u0101 Balodis izc\u012bn\u012bja otro vietu 2026. gada Pasaules Profesion\u0101l\u0101s disku golfa asoci\u0101cijas (PDGA) pasaules \u010dempion\u0101t\u0101. V\u012brie\u0161u sacens\u012bb\u0101s&hellip;\n","protected":false},"author":2,"featured_media":282367,"comment_status":"","ping_status":"","sticky":false,"template":"","format":"standard","meta":{"footnotes":"","_share_on_mastodon":"0"},"categories":[5],"tags":[23,28,29,42175,32,33,10319,22,30,31,35,39,38,36,37,34,40,20,26,27,42198,24,25,21],"class_list":["post-282366","post","type-post","status-publish","format-standard","has-post-thumbnail","category-aktualitates","tag-aktualitates","tag-breaking-news","tag-breakingnews","tag-disku-golfs","tag-featured-news","tag-featurednews","tag-golfs","tag-headlines","tag-latest-news","tag-latestnews","tag-latvia","tag-latvian","tag-latviesu","tag-latviesu-valoda","tag-latviesuvaloda","tag-latvija","tag-lv","tag-news","tag-popularakas-zinas","tag-popularakaszinas","tag-rainers-balodis","tag-top-stories","tag-topstories","tag-zinas"],"share_on_mastodon":{"url":"https:\/\/pubeurope.com\/@lv\/117197002654345627","error":""},"_links":{"self":[{"href":"https:\/\/www.europesays.com\/lv\/wp-json\/wp\/v2\/posts\/282366","targetHints":{"allow":["GET"]}}],"collection":[{"href":"https:\/\/www.europesays.com\/lv\/wp-json\/wp\/v2\/posts"}],"about":[{"href":"https:\/\/www.europesays.com\/lv\/wp-json\/wp\/v2\/types\/post"}],"author":[{"embeddable":true,"href":"https:\/\/www.europesays.com\/lv\/wp-json\/wp\/v2\/users\/2"}],"replies":[{"embeddable":true,"href":"https:\/\/www.europesays.com\/lv\/wp-json\/wp\/v2\/comments?post=282366"}],"version-history":[{"count":0,"href":"https:\/\/www.europesays.com\/lv\/wp-json\/wp\/v2\/posts\/282366\/revisions"}],"wp:featuredmedia":[{"embeddable":true,"href":"https:\/\/www.europesays.com\/lv\/wp-json\/wp\/v2\/media\/282367"}],"wp:attachment":[{"href":"https:\/\/www.europesays.com\/lv\/wp-json\/wp\/v2\/media?parent=282366"}],"wp:term":[{"taxonomy":"category","embeddable":true,"href":"https:\/\/www.europesays.com\/lv\/wp-json\/wp\/v2\/categories?post=282366"},{"taxonomy":"post_tag","embeddable":true,"href":"https:\/\/www.europesays.com\/lv\/wp-json\/wp\/v2\/tags?post=282366"}],"curies":[{"name":"wp","href":"https:\/\/api.w.org\/{rel}","templated":true}]}}