{"id":282450,"date":"2026-09-01T19:13:11","date_gmt":"2026-09-01T19:13:11","guid":{"rendered":"https:\/\/www.europesays.com\/lv\/282450\/"},"modified":"2026-09-01T19:13:11","modified_gmt":"2026-09-01T19:13:11","slug":"baltas-nakts-laika-rigas-centra-uzziedes-neparasts-darzs","status":"publish","type":"post","link":"https:\/\/www.europesays.com\/lv\/282450\/","title":{"rendered":"Balt\u0101s nakts laik\u0101 R\u012bgas centr\u0101 uzzied\u0113s neparasts d\u0101rzs"},"content":{"rendered":"<p>Krista Vindberga-Auzniece par pas\u0101kuma centr\u0101lo objektu \u2013 publisk\u0101s vides instal\u0101ciju saka: &#8221; O, DZIEDI MANI savieno stingru \u0123eometrisku formu ar dz\u012bvu, trauslu un p\u0101rejo\u0161u mat\u0113riju. Kim? pagalm\u0101 baltu m\u0101rti\u0146ro\u017eu kvadr\u0101ts k\u013c\u016bst par \u012bslaic\u012bgu d\u0101rzu pils\u0113tas centr\u0101. Taj\u0101 minim\u0101lisma skaidr\u012bba sastopas ar ziedu barok\u0101lo p\u0101rpiln\u012bbu, bet nemain\u012bg\u0101 forma tiek pak\u013cauta laikam, laikapst\u0101k\u013ciem, kop\u0161anai un izzu\u0161anai. Virs ziediem redzamie Riharda V\u0101gnera operas \u201cTristans un Izolde\u201d izdzied\u0101tie v\u0101rdi p\u0101rv\u0113r\u0161 pagalmu emocion\u0101li pies\u0101tin\u0101t\u0101 telp\u0101. V\u0101gnera operas kaisl\u012bg\u0101 valoda tiek nodota ar tehnisku un meh\u0101nisku ier\u012b\u010du pal\u012bdz\u012bbu, radot spriedzi starp dz\u012bvo un m\u0101ksl\u012bgo, int\u012bmo un monument\u0101lo, individu\u0101lo balsi un kult\u016bras atmi\u0146u. Titru ma\u0161\u012bnas k\u013c\u016bst par sava veida operas karaoke meh\u0101nismu, kas \u013cauj apmekl\u0113t\u0101jam ne tikai v\u0113rot, bet ar\u012b ie\u0146emt k\u0101da t\u0113la vietu, lasot, dziedot vai klus\u012bb\u0101 sekojot tekstam. \u0160\u0101di opera tiek izcelta no ierast\u0101s reprezent\u0101cijas telpas un k\u013c\u016bst pieejam\u0101ka, nojaucot distanci starp monument\u0101lu kult\u016bras mantojumu un individu\u0101lu pieredzi.&#8221;<\/p>\n","protected":false},"excerpt":{"rendered":"Krista Vindberga-Auzniece par pas\u0101kuma centr\u0101lo objektu \u2013 publisk\u0101s vides instal\u0101ciju saka: &#8221; O, DZIEDI MANI savieno stingru \u0123eometrisku&hellip;\n","protected":false},"author":2,"featured_media":282451,"comment_status":"","ping_status":"","sticky":false,"template":"","format":"standard","meta":{"footnotes":"","_share_on_mastodon":"0"},"categories":[5],"tags":[23,28,29,32,33,22,30,31,35,39,38,36,37,34,40,20,26,27,24,25,21],"class_list":["post-282450","post","type-post","status-publish","format-standard","has-post-thumbnail","category-aktualitates","tag-aktualitates","tag-breaking-news","tag-breakingnews","tag-featured-news","tag-featurednews","tag-headlines","tag-latest-news","tag-latestnews","tag-latvia","tag-latvian","tag-latviesu","tag-latviesu-valoda","tag-latviesuvaloda","tag-latvija","tag-lv","tag-news","tag-popularakas-zinas","tag-popularakaszinas","tag-top-stories","tag-topstories","tag-zinas"],"share_on_mastodon":{"url":"https:\/\/pubeurope.com\/@lv\/117197380469089684","error":""},"_links":{"self":[{"href":"https:\/\/www.europesays.com\/lv\/wp-json\/wp\/v2\/posts\/282450","targetHints":{"allow":["GET"]}}],"collection":[{"href":"https:\/\/www.europesays.com\/lv\/wp-json\/wp\/v2\/posts"}],"about":[{"href":"https:\/\/www.europesays.com\/lv\/wp-json\/wp\/v2\/types\/post"}],"author":[{"embeddable":true,"href":"https:\/\/www.europesays.com\/lv\/wp-json\/wp\/v2\/users\/2"}],"replies":[{"embeddable":true,"href":"https:\/\/www.europesays.com\/lv\/wp-json\/wp\/v2\/comments?post=282450"}],"version-history":[{"count":0,"href":"https:\/\/www.europesays.com\/lv\/wp-json\/wp\/v2\/posts\/282450\/revisions"}],"wp:featuredmedia":[{"embeddable":true,"href":"https:\/\/www.europesays.com\/lv\/wp-json\/wp\/v2\/media\/282451"}],"wp:attachment":[{"href":"https:\/\/www.europesays.com\/lv\/wp-json\/wp\/v2\/media?parent=282450"}],"wp:term":[{"taxonomy":"category","embeddable":true,"href":"https:\/\/www.europesays.com\/lv\/wp-json\/wp\/v2\/categories?post=282450"},{"taxonomy":"post_tag","embeddable":true,"href":"https:\/\/www.europesays.com\/lv\/wp-json\/wp\/v2\/tags?post=282450"}],"curies":[{"name":"wp","href":"https:\/\/api.w.org\/{rel}","templated":true}]}}