{"id":282458,"date":"2026-09-01T19:19:13","date_gmt":"2026-09-01T19:19:13","guid":{"rendered":"https:\/\/www.europesays.com\/lv\/282458\/"},"modified":"2026-09-01T19:19:13","modified_gmt":"2026-09-01T19:19:13","slug":"video-ar-to-nereali-uzpelnas-balcers-pern-palicis-bez-autovaditaja-tiesibam-solis-pa-kreisi-sportacentrs-com","status":"publish","type":"post","link":"https:\/\/www.europesays.com\/lv\/282458\/","title":{"rendered":"Video: &#8220;Ar to nere\u0101li uzpeln\u0101s&#8230;&#8221; Balcers p\u0113rn palicis bez autovad\u012bt\u0101ja ties\u012bb\u0101m \u2013 Solis pa kreisi \u2013 Sportacentrs.com"},"content":{"rendered":"<p>V\u0113rt\u0113jums: \u2013<\/p>\n<blockquote class=\"twitter-tweet\">\n<p lang=\"lv\" dir=\"ltr\">R\u016bdolfs Balcers p\u0113rn \u0160veic\u0113 uz 4 m\u0113ne\u0161iem zaud\u0113ja auto ties\u012bbas<\/p>\n<p>&#8220;Pirms \u0160veices visp\u0101r nek\u0101di sodi nebija biju\u0161i. Tie\u0161i pirms sezonas braucu. Z\u012bme 120-100-80. Atn\u0101ca v\u0113stule, vajadz\u0113ja ierasties policij\u0101. Par\u0101d\u012bja fo\u010deni. 4 m\u0113ne\u0161us bez ma\u0161\u012bnas bija smagi&#8221;<\/p>\n<p>\ud83c\udf99\ufe0fFreibja podk\u0101sts <a href=\"https:\/\/t.co\/xPzJ23EmJM\" rel=\"nofollow\">pic.twitter.com\/xPzJ23EmJM<\/a><\/p>\n<p>\u2014 Ulvis Bro\u017ee (@UlvisBrozhe) <a href=\"https:\/\/x.com\/UlvisBrozhe\/status\/2094846171994808822?ref_src=twsrc%5Etfw\" rel=\"nofollow\">September 1, 2026<\/a><\/p><\/blockquote>\n<p><script async src=\"https:\/\/platform.twitter.com\/widgets.js\" charset=\"utf-8\"><\/script><\/p>\n","protected":false},"excerpt":{"rendered":"V\u0113rt\u0113jums: \u2013 R\u016bdolfs Balcers p\u0113rn \u0160veic\u0113 uz 4 m\u0113ne\u0161iem zaud\u0113ja auto ties\u012bbas &#8220;Pirms \u0160veices visp\u0101r nek\u0101di sodi nebija&hellip;\n","protected":false},"author":2,"featured_media":282459,"comment_status":"","ping_status":"","sticky":false,"template":"","format":"standard","meta":{"footnotes":"","_share_on_mastodon":"0"},"categories":[5],"tags":[23,28,29,32,33,22,30,31,35,39,38,36,37,34,40,20,26,27,8438,24,25,21],"class_list":["post-282458","post","type-post","status-publish","format-standard","has-post-thumbnail","category-aktualitates","tag-aktualitates","tag-breaking-news","tag-breakingnews","tag-featured-news","tag-featurednews","tag-headlines","tag-latest-news","tag-latestnews","tag-latvia","tag-latvian","tag-latviesu","tag-latviesu-valoda","tag-latviesuvaloda","tag-latvija","tag-lv","tag-news","tag-popularakas-zinas","tag-popularakaszinas","tag-solis-pa-kreisi","tag-top-stories","tag-topstories","tag-zinas"],"share_on_mastodon":{"url":"https:\/\/pubeurope.com\/@lv\/117197403775259557","error":""},"_links":{"self":[{"href":"https:\/\/www.europesays.com\/lv\/wp-json\/wp\/v2\/posts\/282458","targetHints":{"allow":["GET"]}}],"collection":[{"href":"https:\/\/www.europesays.com\/lv\/wp-json\/wp\/v2\/posts"}],"about":[{"href":"https:\/\/www.europesays.com\/lv\/wp-json\/wp\/v2\/types\/post"}],"author":[{"embeddable":true,"href":"https:\/\/www.europesays.com\/lv\/wp-json\/wp\/v2\/users\/2"}],"replies":[{"embeddable":true,"href":"https:\/\/www.europesays.com\/lv\/wp-json\/wp\/v2\/comments?post=282458"}],"version-history":[{"count":0,"href":"https:\/\/www.europesays.com\/lv\/wp-json\/wp\/v2\/posts\/282458\/revisions"}],"wp:featuredmedia":[{"embeddable":true,"href":"https:\/\/www.europesays.com\/lv\/wp-json\/wp\/v2\/media\/282459"}],"wp:attachment":[{"href":"https:\/\/www.europesays.com\/lv\/wp-json\/wp\/v2\/media?parent=282458"}],"wp:term":[{"taxonomy":"category","embeddable":true,"href":"https:\/\/www.europesays.com\/lv\/wp-json\/wp\/v2\/categories?post=282458"},{"taxonomy":"post_tag","embeddable":true,"href":"https:\/\/www.europesays.com\/lv\/wp-json\/wp\/v2\/tags?post=282458"}],"curies":[{"name":"wp","href":"https:\/\/api.w.org\/{rel}","templated":true}]}}