{"id":282462,"date":"2026-09-01T19:25:13","date_gmt":"2026-09-01T19:25:13","guid":{"rendered":"https:\/\/www.europesays.com\/lv\/282462\/"},"modified":"2026-09-01T19:25:13","modified_gmt":"2026-09-01T19:25:13","slug":"foto-kas-noticis-ar-putinu-mediki-pievers-uzmanibu-kadam-plankumam-uz-krievijas-diktatora-kermena","status":"publish","type":"post","link":"https:\/\/www.europesays.com\/lv\/282462\/","title":{"rendered":"FOTO. Kas noticis ar Putinu? Medi\u0137i piev\u0113r\u0161 uzman\u012bbu k\u0101dam plankumam uz Krievijas diktatora \u0137erme\u0146a"},"content":{"rendered":"<p>    <img decoding=\"async\" src=\"https:\/\/www.europesays.com\/lv\/wp-content\/uploads\/2026\/09\/putins2-1024x640.png\" alt=\"&#10;\"\/><\/p>\n<p>Foto: Ekr\u0101nuz\u0146\u0113mums no \u201cYoutube\u201d video\/Global News\n<\/p>\n<p>                                                <a href=\"https:\/\/news.google.com\/publications\/CAAqHQgKIhdDQklTQ3dnTWFnY0tCV3hoTG14MktBQVAB?hl=lv&amp;gl=LV&amp;ceid=LV%3Alv\" target=\"_blank\" style=\"font-family:SF Pro Display, Roboto, serif;font-size:12px;font-weight:bold;text-transform:uppercase;color:#000;text-decoration:none;line-height:34px;height:32px;display:block\" rel=\"nofollow noopener\"><br \/>\n                            Pievieno LA.LV<br \/>\n                            <img loading=\"lazy\" decoding=\"async\" src=\"https:\/\/www.la.lv\/assets\/images\/icon\/logo-google.svg\" style=\"margin-left:4px;vertical-align: -5px;\" width=\"18\" height=\"18\"\/><br \/>\n                        <\/a><br \/>\n                                                                        <a href=\"https:\/\/whatsapp.com\/channel\/0029VbCMJEF2v1IwTt54UN0u\" target=\"_blank\" class=\"whatsapp-channel-follow\" rel=\"nofollow noopener\"><br \/>\n                            Seko WhatsApp<\/p>\n<p>                        <\/a><\/p>\n<p>20:57, 1. septembris 2026<\/p>\n<p>Vair\u0101kos Krem\u013ca public\u0113tos video ticis paman\u012bts k\u0101ds plankums uz Krievijas diktatora Vladimira Putina rokas, kas atkal izrais\u012bjis jaunas diskusijas par vi\u0146a vesel\u012bbas st\u0101vokli.<\/p>\n<p>        Las\u012bt\u0101kie<br \/>\n        <a data-imagesrc=\"{&quot;300&quot;:&quot;https:\\\/\\\/lastatic.ams3.cdn.digitaloceanspaces.com\\\/2026\\\/04\\\/7d2454ee-bef0-45ad-a83e-51609e13d709-300x200.jpg&quot;,&quot;1024&quot;:&quot;https:\\\/\\\/lastatic.ams3.cdn.digitaloceanspaces.com\\\/2026\\\/04\\\/7d2454ee-bef0-45ad-a83e-51609e13d709-1024x683.jpg&quot;,&quot;1536&quot;:&quot;https:\\\/\\\/lastatic.ams3.cdn.digitaloceanspaces.com\\\/2026\\\/04\\\/7d2454ee-bef0-45ad-a83e-51609e13d709-1536x1024.jpg&quot;,&quot;500&quot;:&quot;https:\\\/\\\/lastatic.ams3.cdn.digitaloceanspaces.com\\\/2026\\\/04\\\/7d2454ee-bef0-45ad-a83e-51609e13d709-500x333.jpg&quot;,&quot;800&quot;:&quot;https:\\\/\\\/lastatic.ams3.cdn.digitaloceanspaces.com\\\/2026\\\/04\\\/7d2454ee-bef0-45ad-a83e-51609e13d709-800x533.jpg&quot;,&quot;1800&quot;:&quot;https:\\\/\\\/lastatic.ams3.cdn.digitaloceanspaces.com\\\/2026\\\/04\\\/7d2454ee-bef0-45ad-a83e-51609e13d709.jpg&quot;}\" data-focuspoint=\"&quot;&quot;\" data-p=\"2602452\" href=\"https:\/\/www.la.lv\/tomatu-sezona-rit-pilna-spara-bet-est-tos-katru-dienu-var-but-bistami-eksperti-nosauc-5-riskus\" class=\"content-item lazy-load\" wp_automatic_readability=\"27\" rel=\"nofollow noopener\" target=\"_blank\"><\/p>\n<p>                                <img decoding=\"async\" src=\"\" alt=\"\" style=\"\" data-imageid=\"\"\/><\/p>\n<p>                                Veselam<\/p>\n<p>\n                                                                                Tom\u0101tu sezona rit piln\u0101 spar\u0101, bet \u0113st tos katru dienu var b\u016bt b\u012bstami. Eksperti nosauc 5 riskus\n                            <\/p>\n<p><\/a><a data-imagesrc=\"{&quot;300&quot;:&quot;https:\\\/\\\/lastatic.ams3.cdn.digitaloceanspaces.com\\\/2018\\\/09\\\/asteres-ziedi-300x206.jpg&quot;,&quot;768&quot;:&quot;https:\\\/\\\/lastatic.ams3.cdn.digitaloceanspaces.com\\\/2018\\\/09\\\/asteres-ziedi-768x528.jpg&quot;,&quot;80&quot;:&quot;https:\\\/\\\/lastatic.ams3.cdn.digitaloceanspaces.com\\\/2018\\\/09\\\/asteres-ziedi-80x48.jpg&quot;,&quot;112&quot;:&quot;https:\\\/\\\/lastatic.ams3.cdn.digitaloceanspaces.com\\\/2018\\\/09\\\/asteres-ziedi-112x64.jpg&quot;,&quot;664&quot;:&quot;https:\\\/\\\/lastatic.ams3.cdn.digitaloceanspaces.com\\\/2018\\\/09\\\/asteres-ziedi-664x456.jpg&quot;,&quot;233&quot;:&quot;https:\\\/\\\/lastatic.ams3.cdn.digitaloceanspaces.com\\\/2018\\\/09\\\/asteres-ziedi-233x160.jpg&quot;,&quot;263&quot;:&quot;https:\\\/\\\/lastatic.ams3.cdn.digitaloceanspaces.com\\\/2018\\\/09\\\/asteres-ziedi-263x181.jpg&quot;,&quot;492&quot;:&quot;https:\\\/\\\/lastatic.ams3.cdn.digitaloceanspaces.com\\\/2018\\\/09\\\/asteres-ziedi-492x338.jpg&quot;,&quot;118&quot;:&quot;https:\\\/\\\/lastatic.ams3.cdn.digitaloceanspaces.com\\\/2018\\\/09\\\/asteres-ziedi-118x70.jpg&quot;,&quot;348&quot;:&quot;https:\\\/\\\/lastatic.ams3.cdn.digitaloceanspaces.com\\\/2018\\\/09\\\/asteres-ziedi-348x225.jpg&quot;,&quot;640&quot;:&quot;https:\\\/\\\/lastatic.ams3.cdn.digitaloceanspaces.com\\\/2018\\\/09\\\/asteres-ziedi-640x640.jpg&quot;,&quot;90&quot;:&quot;https:\\\/\\\/lastatic.ams3.cdn.digitaloceanspaces.com\\\/2018\\\/09\\\/asteres-ziedi-90x58.jpg&quot;,&quot;990&quot;:&quot;https:\\\/\\\/lastatic.ams3.cdn.digitaloceanspaces.com\\\/2018\\\/09\\\/asteres-ziedi-e1564060148135.jpg&quot;}\" data-focuspoint=\"&quot;&quot;\" data-p=\"2598892\" href=\"https:\/\/www.la.lv\/lielais-septembra-horoskops-visam-zodiaka-zimem-gaidami-emocionali-spilgti-brizi\" class=\"content-item lazy-load\" wp_automatic_readability=\"26\" rel=\"nofollow noopener\" target=\"_blank\"><\/p>\n<p>                                <img decoding=\"async\" src=\"\" alt=\"\" style=\"\" data-imageid=\"\"\/><\/p>\n<p>                                Kokteilis<\/p>\n<p>\n                                                                                LIELAIS SEPTEMBRA HOROSKOPS vis\u0101m zodiaka z\u012bm\u0113m \u2013 gaid\u0101mi emocion\u0101li spilgti br\u012b\u017ei\n                            <\/p>\n<p><\/a><a data-imagesrc=\"{&quot;300&quot;:&quot;https:\\\/\\\/lastatic.ams3.cdn.digitaloceanspaces.com\\\/2026\\\/09\\\/Ekranuznemums-2026-09-01-113314-300x199.png&quot;,&quot;1024&quot;:&quot;https:\\\/\\\/lastatic.ams3.cdn.digitaloceanspaces.com\\\/2026\\\/09\\\/Ekranuznemums-2026-09-01-113314-1024x679.png&quot;,&quot;1536&quot;:&quot;https:\\\/\\\/lastatic.ams3.cdn.digitaloceanspaces.com\\\/2026\\\/09\\\/Ekranuznemums-2026-09-01-113314-1536x1018.png&quot;,&quot;500&quot;:&quot;https:\\\/\\\/lastatic.ams3.cdn.digitaloceanspaces.com\\\/2026\\\/09\\\/Ekranuznemums-2026-09-01-113314-500x331.png&quot;,&quot;800&quot;:&quot;https:\\\/\\\/lastatic.ams3.cdn.digitaloceanspaces.com\\\/2026\\\/09\\\/Ekranuznemums-2026-09-01-113314-800x530.png&quot;,&quot;1934&quot;:&quot;https:\\\/\\\/lastatic.ams3.cdn.digitaloceanspaces.com\\\/2026\\\/09\\\/Ekranuznemums-2026-09-01-113314.png&quot;}\" data-focuspoint=\"&quot;&quot;\" data-p=\"2602429\" href=\"https:\/\/www.la.lv\/8-lietas-kas-80-un-90-gados-bija-pilnigi-normalas-bet-musdienas-skistu-loti-divainas\" class=\"content-item lazy-load\" wp_automatic_readability=\"27\" rel=\"nofollow noopener\" target=\"_blank\"><\/p>\n<p>                                <img decoding=\"async\" src=\"\" alt=\"\" style=\"\" data-imageid=\"\"\/><\/p>\n<p>                                Kokteilis<\/p>\n<p>\n                                                                                8 lietas, kas 80. un 90. gados bija piln\u012bgi norm\u0101las, bet m\u016bsdien\u0101s \u0161\u0137istu \u013coti d\u012bvainas\n                            <\/p>\n<p><\/a><br \/>\n        <a class=\"read-more\" href=\"https:\/\/www.la.lv\/top\" rel=\"nofollow noopener\" target=\"_blank\">Las\u012bt citas zi\u0146as<\/a><\/p>\n<p>Laikraksts \u201cMoscow Times\u201d zi\u0146o, ka 1. septembr\u012b, uzrun\u0101jot skol\u0113nus un studentus, uz Vladimira Putina kreis\u0101s rokas paman\u012bts tum\u0161s plankums, kas atg\u0101dina neveiksm\u012bgas injekcijas p\u0113das. Krem\u013ca public\u0113t\u0101 video redzams, k\u0101 Putins da\u013c\u0113ji aizsedz kreiso roku ar labo roku, bet vair\u0101kas reizes \u017eestikul\u0113jot, roka non\u0101k kameras redzeslok\u0101.<\/p>\n<p>P\u0113c aptuveni m\u0113ne\u0161a Putinam paliks 74 gadi. \u201cThe Moscow Times\u201d par redzamo plankumu iztauj\u0101jis tr\u012bs praktiz\u0113jo\u0161us medi\u0137us.<\/p>\n<p>    CITI \u0160OBR\u012aD LASA<\/p>\n<p>Viens no izdevuma aptauj\u0101tajiem \u0101rstiem, Maskavas neatliekam\u0101s pal\u012bdz\u012bbas \u0101rsts, plankumu raksturojis k\u0101 \u201ctr\u012bs dienu hematomu p\u0113c injekcijas\u201d.<\/p>\n<p>Savuk\u0101rt \u0101rsts reanimatologs nor\u0101d\u012bjis, ka uz Putina rokas redzamais plankums atg\u0101dinot \u201d neuzman\u012bgas injekcijas\u201d p\u0113das.<\/p>\n<p>\u201cBet visp\u0101r Putina, lai palielin\u0101tu manipul\u0101ciju dro\u0161\u012bbu, vajadz\u0113ja ievietot katetru,\u201d izdevumam nor\u0101da reanimatologs.<\/p>\n<p>Tre\u0161ais aptauj\u0101tais speci\u0101lists, kardiologs ar vair\u0101k nek\u0101 50 gadu pieredzi, piev\u0113rsis uzman\u012bbu tam, ka plauksta nav pati ierast\u0101k\u0101 vieta intravenozai punkcijai. Parasti \u0161\u0101d\u0101m manipul\u0101cij\u0101m izv\u0113las elko\u0146a loc\u012bjumu, kur v\u0113nas ir liel\u0101kas, maz\u0101k kust\u012bgas un atrodas tuv\u0101k \u0101das virsmai. Tom\u0113r atsevi\u0161\u0137\u0101s situ\u0101cij\u0101s injekciju var veikt ar\u012b plaukstas v\u0113n\u0101.<\/p>\n<p>P\u0113c medi\u0137a skaidrot\u0101, tas var notikt gad\u012bjumos, kad elko\u0146a loc\u012bjuma v\u0113nas jau vair\u0101kk\u0101rt izmantotas vai p\u0113c katetriz\u0101cijas ir iekaisu\u0161as. T\u0101pat plaukstas v\u0113nu var izmantot situ\u0101cij\u0101s, kad nepiecie\u0161ams \u0101tri veikt injekciju, piem\u0113ram, ja cilv\u0113ks ir ap\u0123\u0113rbies un \u0161\u0101dai piek\u013cuvei ir viegl\u0101k piek\u013c\u016bt.<\/p>\n<p>\u201cThe Moscow Times\u201d nor\u0101da uz v\u0113l k\u0101du deta\u013cu. Tas pats plankums uz Putina rokas esot redzams ne tikai 1. septembra uzrun\u0101 skol\u0113niem un studentiem, bet ar\u012b video ar apsveikumu og\u013cra\u010diem, kas public\u0113ts divas dienas iepriek\u0161.<\/p>\n<p>Vienlaikus citos nesenos kadros \u0161\u0101ds plankums nav redzams. Piem\u0113ram, tas neesot paman\u0101ms video no Putina tik\u0161an\u0101s ar Kazahst\u0101nas prezidentu Kasimu \u017domartu Tokajevu 1. septembr\u012b, k\u0101 ar\u012b no 29. augusta tik\u0161an\u0101s ar pedagogiem Maskavas Valsts pedago\u0123iskaj\u0101 universit\u0101t\u0113.<\/p>\n<p>Izdevums pie\u013cauj, ka video ar Putina uzrunu var\u0113tu b\u016bt ierakst\u012bts iepriek\u0161, jo Krem\u013ca preses dienests m\u0113dz sagatavot vair\u0101kus apsveikumus un uzrunas iepriek\u0161.<\/p>\n<p><img decoding=\"async\" src=\"https:\/\/www.europesays.com\/lv\/wp-content\/uploads\/2026\/09\/Ekranuznemums-2026-09-01-205412.png\" alt=\"\"\/><\/p>\n<p>Foto: ekr\u0101nuz\u0146\u0113mums no video\n<\/p>\n<p>T\u0113mas<\/p>\n<p>    SAIST\u012aTIE RAKSTI<\/p>\n","protected":false},"excerpt":{"rendered":"Foto: Ekr\u0101nuz\u0146\u0113mums no \u201cYoutube\u201d video\/Global News Pievieno LA.LV Seko WhatsApp 20:57, 1. septembris 2026 Vair\u0101kos Krem\u013ca public\u0113tos video&hellip;\n","protected":false},"author":2,"featured_media":282463,"comment_status":"","ping_status":"","sticky":false,"template":"","format":"standard","meta":{"footnotes":"","_share_on_mastodon":"0"},"categories":[5],"tags":[23,28,29,32,33,22,30,31,35,39,38,36,37,34,40,20,26,27,24,25,21],"class_list":["post-282462","post","type-post","status-publish","format-standard","has-post-thumbnail","category-aktualitates","tag-aktualitates","tag-breaking-news","tag-breakingnews","tag-featured-news","tag-featurednews","tag-headlines","tag-latest-news","tag-latestnews","tag-latvia","tag-latvian","tag-latviesu","tag-latviesu-valoda","tag-latviesuvaloda","tag-latvija","tag-lv","tag-news","tag-popularakas-zinas","tag-popularakaszinas","tag-top-stories","tag-topstories","tag-zinas"],"share_on_mastodon":{"url":"https:\/\/pubeurope.com\/@lv\/117197428054129129","error":""},"_links":{"self":[{"href":"https:\/\/www.europesays.com\/lv\/wp-json\/wp\/v2\/posts\/282462","targetHints":{"allow":["GET"]}}],"collection":[{"href":"https:\/\/www.europesays.com\/lv\/wp-json\/wp\/v2\/posts"}],"about":[{"href":"https:\/\/www.europesays.com\/lv\/wp-json\/wp\/v2\/types\/post"}],"author":[{"embeddable":true,"href":"https:\/\/www.europesays.com\/lv\/wp-json\/wp\/v2\/users\/2"}],"replies":[{"embeddable":true,"href":"https:\/\/www.europesays.com\/lv\/wp-json\/wp\/v2\/comments?post=282462"}],"version-history":[{"count":0,"href":"https:\/\/www.europesays.com\/lv\/wp-json\/wp\/v2\/posts\/282462\/revisions"}],"wp:featuredmedia":[{"embeddable":true,"href":"https:\/\/www.europesays.com\/lv\/wp-json\/wp\/v2\/media\/282463"}],"wp:attachment":[{"href":"https:\/\/www.europesays.com\/lv\/wp-json\/wp\/v2\/media?parent=282462"}],"wp:term":[{"taxonomy":"category","embeddable":true,"href":"https:\/\/www.europesays.com\/lv\/wp-json\/wp\/v2\/categories?post=282462"},{"taxonomy":"post_tag","embeddable":true,"href":"https:\/\/www.europesays.com\/lv\/wp-json\/wp\/v2\/tags?post=282462"}],"curies":[{"name":"wp","href":"https:\/\/api.w.org\/{rel}","templated":true}]}}