{"id":282464,"date":"2026-09-01T19:31:17","date_gmt":"2026-09-01T19:31:17","guid":{"rendered":"https:\/\/www.europesays.com\/lv\/282464\/"},"modified":"2026-09-01T19:31:17","modified_gmt":"2026-09-01T19:31:17","slug":"liepajas-skolas-un-pirmsskolas-sacies-jaunais-macibu-gads","status":"publish","type":"post","link":"https:\/\/www.europesays.com\/lv\/282464\/","title":{"rendered":"Liep\u0101jas skol\u0101s un pirmsskol\u0101s s\u0101cies jaunais m\u0101c\u012bbu gads"},"content":{"rendered":"<p>\u0160aj\u0101 m\u0101c\u012bbu gad\u0101 akcents likts uz iek\u013caujo\u0161as un dro\u0161as vides veido\u0161anu, kvalitat\u012bvu m\u0101c\u012bbu saturu, pedagogu profesion\u0101l\u0101s izaugsmes stiprin\u0101\u0161anu un da\u017e\u0101du projektu \u012bsteno\u0161anu, kas veicin\u0101s skol\u0113nu zin\u0101tk\u0101ri, pilsonisko l\u012bdzdal\u012bbu un m\u0101c\u012bbu sasniegumus. Pagarin\u0101ta Izgl\u012bt\u012bbas att\u012bst\u012bbas koncepcijas darb\u012bba, nosakot r\u012bc\u012bbas pl\u0101nu un galvenos politikas rezult\u0101tu r\u0101d\u012bt\u0101jus 2026.\u20132028. gadam, kuros k\u0101 priorit\u0101r\u0101s t\u0113mas noteiktas STEAM, izgl\u012btojamo sniegums, labb\u016bt\u012bba un darbs ar talantiem.<\/p>\n<p>Jaunaj\u0101 m\u0101c\u012bbu gad\u0101 tiks turpin\u0101ts darbs pie Liep\u0101jas izgl\u012bt\u012bbas iest\u0101\u017eu t\u012bkla pilnveides, \u012bstenojot r\u012bc\u012bbas programmu \u201cVisp\u0101r\u0113j\u0101s izgl\u012bt\u012bbas iest\u0101\u017eu t\u012bkla att\u012bst\u012bbas modelis Liep\u0101jas valstspils\u0113t\u0101 2023.\u20132028. gadu period\u0101\u201d. Programma paredz pak\u0101penisku izgl\u012bt\u012bbas iest\u0101\u017eu t\u012bkla pilnveidi atbilsto\u0161i demogr\u0101fiskaj\u0101m tendenc\u0113m un izgl\u012bt\u012bbas kvalit\u0101tes pras\u012bb\u0101m, nodro\u0161inot p\u0101rdom\u0101tu p\u0101reju uz efekt\u012bv\u0101ku, ilgtsp\u0113j\u012bg\u0101ku un m\u016bsdienu vajadz\u012bb\u0101m atbilsto\u0161u izgl\u012bt\u012bbas ekosist\u0113mu.<\/p>\n<p>T\u0101 piem\u0113ram, Liep\u0101jas Dzintara vidusskola no 2026.\/2027. m\u0101c\u012bbu gada k\u013c\u016bs par pilna cikla pamatskolu. Jau 2024.\/2025. un 2025.\/2026. m\u0101c\u012bbu gad\u0101 skol\u0101 netiek uz\u0146emti izgl\u012btojamie attiec\u012bgi 10. un 11. klas\u0113s, lai no 2026. gada 1. septembra skola var\u0113tu darbu uzs\u0101kt k\u0101 Liep\u0101jas Dzintara pamatskola.<\/p>\n<p>Liep\u0101jas Rietumkrasta vidusskola no 2026. gada 1. septembra beigs past\u0101v\u0113t k\u0101 atsevi\u0161\u0137a izgl\u012bt\u012bbas iest\u0101de. To pievienojot Liep\u0101jas Rai\u0146a vidusskolai, skol\u0113niem tiks nodro\u0161in\u0101ts kvalitat\u012bvs m\u0101c\u012bbu process ar pla\u0161\u0101k\u0101m iesp\u0113j\u0101m izmantot m\u016bsdien\u012bgu materi\u0101ltehnisko b\u0101zi, daudzveid\u012bgus m\u0101c\u012bbu resursus un pla\u0161\u0101ku intere\u0161u izgl\u012bt\u012bbas pied\u0101v\u0101jumu vien\u0101 no liel\u0101kaj\u0101m Liep\u0101jas izgl\u012bt\u012bbas iest\u0101d\u0113m.<\/p>\n<p>Pirmsskolas izgl\u012bt\u012bb\u0101 papla\u0161in\u0101tas iesp\u0113jas m\u0101c\u012bbas uzs\u0101kt agr\u0101k\u0101 vecum\u0101 \u2013 turpm\u0101k pirmsskolas izgl\u012bt\u012bbas iest\u0101des \u201cZ\u012b\u013cuks\u201d, \u201cSaulespu\u0137e\u201d, \u201cP\u016bc\u012bte\u201d, \u201cSaul\u012bte\u201d un \u201cPasaci\u0146a\u201d var\u0113s uz\u0146emt ar\u012b b\u0113rnus, kuri jaun\u0101ki par pusotru gadu. Vienlaikus ieviests minim\u0101lais b\u0113rnu skaits pirmsskolas grup\u0101s \u2013 l\u012bdz divu gadu vecumam vismaz 14 b\u0113rni grup\u0101, bet no tr\u012bs gadu vecuma \u2013 vismaz 16 b\u0113rni. T\u0101d\u0113\u013c atsevi\u0161\u0137\u0101s izgl\u012bt\u012bbas iest\u0101d\u0113s bija nepiecie\u0161ams samazin\u0101t grupu skaitu un p\u0101rskat\u012bt iest\u0101des darba organiz\u0101ciju.<\/p>\n<p>Izmai\u0146as veiktas ar\u012b pirmsskolu \u012bsteno\u0161anas viet\u0101s. PII \u201cLiepi\u0146a\u201d darbu turpin\u0101s vien\u0101 \u012bsteno\u0161anas viet\u0101, sl\u0113dzot adresi Toma iel\u0101 59, savuk\u0101rt PII \u201cBr\u012bnumzeme\u201d \u2013 sl\u0113dzot \u012bsteno\u0161anas vietu Muitas iel\u0101 3. Abas izgl\u012bt\u012bbas iest\u0101des turpina darbu, ta\u010du turpm\u0101k katra darbosies vien\u0101 adres\u0113.<\/p>\n<p>Izmai\u0146as sk\u0101ru\u0161as ar\u012b Liep\u0101jas L\u012bvupes pamatskolu \u2013 att\u012bst\u012bbas centru. Darb\u012bba \u012bsteno\u0161anas viet\u0101 Ezera iel\u0101 53\/55 ir izbeigta, savuk\u0101rt t\u0101s izgl\u012btojamajiem pirmsskolas posm\u0101 m\u0101c\u012bbu process turpm\u0101k tiks nodro\u0161in\u0101ts biju\u0161\u0101s Liep\u0101jas Rietumkrasta vidusskolas telp\u0101s, kur l\u012bdz \u0161im veiksm\u012bgi darbojas atsevi\u0161\u0137as PII \u201cMazul\u012btis\u201d grupas. \u0160\u0101ds risin\u0101jums b\u016bs sp\u0113k\u0101 l\u012bdz ERAF projekta \u012bsteno\u0161anai, kura ietvaros Klaip\u0113das iel\u0101 94 tiks b\u016bv\u0113ta skolas pieb\u016bve, radot vair\u0101k vietas izgl\u012btojamajiem. \u0160obr\u012bd notiek akt\u012bvs darbs pie tehnisk\u0101 projekta izstr\u0101des p\u0113c k\u0101 n\u0101kamaj\u0101 gad\u0101 tiks uzs\u0101kti b\u016bvdarbi. Projekta nosl\u0113gums pl\u0101nots 2028. gada decembr\u012b.<\/p>\n<p>ERAF projekta \u012bsteno\u0161ana notiek ar\u012b Liep\u0101jas Centra s\u0101kumskol\u0101. Apr\u012bl\u012b tika nosl\u0113gta vieno\u0161an\u0101s ar Centr\u0101lo un finan\u0161u l\u012bgumu a\u0123ent\u016bru par m\u0101c\u012bbu vides att\u012bst\u012bbu un nodro\u0161in\u0101\u0161anu Liep\u0101jas Centra s\u0101kumskol\u0101. Projekta ietvaros paredz\u0113ts izveidot m\u016bsdien\u012bgu m\u0101c\u012bbu vidi \u0113k\u0101 Kri\u0161j\u0101\u0146a Valdem\u0101ra iel\u0101 4, n\u0101kotn\u0113 m\u0101c\u012bbu procesu nodro\u0161inot \u0161aj\u0101 un Toma ielas 19 \u0113k\u0101. \u0160obr\u012bd uzs\u0101kti projekt\u0113\u0161anas darbi telpu atjauno\u0161anai. Projekta nosl\u0113gums pl\u0101nots 2028. gada decembr\u012b.<\/p>\n<p>Savuk\u0101rt p\u0113c v\u0113rien\u012bgiem infrastrukt\u016bras uzlabojumiem PII \u201cKriks\u012btis\u201d darbu uzs\u0101k papla\u0161in\u0101t\u0101s telp\u0101s un atjaunot\u0101 \u0101ra teritorij\u0101. Turpm\u0101k iest\u0101de nodro\u0161in\u0101s ne tikai speci\u0101l\u0101s izgl\u012bt\u012bbas programmu \u012bsteno\u0161anu, bet ar\u012b visp\u0101r\u0113j\u0101s pirmsskolas izgl\u012bt\u012bbas programmu.<\/p>\n<p>Lai nodro\u0161in\u0101tu b\u0113rniem un jaunie\u0161iem m\u016bsdien\u012bgu, dro\u0161u un kvalitat\u012bvu m\u0101c\u012bbu vidi, vasaras period\u0101 Liep\u0101jas izgl\u012bt\u012bbas iest\u0101d\u0113s \u2013 gan pirmsskol\u0101s, gan skol\u0101s tika veikti da\u017e\u0101di infrastrukt\u016bras un vides uzlabo\u0161anas darbi. B\u016btisk\u0101kie no tiem &#8211; sanit\u0101ro un saimniec\u012bbas telpu remonti, elektroinstal\u0101ciju un \u016bdensapg\u0101des sist\u0113mu atjauno\u0161ana, ventil\u0101cijas un apkures sist\u0113mu pilnveide, k\u0101 ar\u012b sporta laukumu un teritoriju labiek\u0101rto\u0161ana. Vienlaikus vair\u0101k\u0101s iest\u0101d\u0113s notiek projekt\u0113\u0161anas darbi turpm\u0101kai teritoriju un \u0113ku att\u012bst\u012bbai.<\/p>\n<p>Jaunaj\u0101 2026.\/2027. m\u0101c\u012bbu gad\u0101 Liep\u0101jas Rai\u0146a vidusskol\u0101 ar pa\u0161vald\u012bbas atbalstu tiks uzs\u0101kta sporta klases \u012bsteno\u0161ana ar\u012b vidusskolas posm\u0101, nodro\u0161inot jaunajiem sportistiem iesp\u0113ju l\u012bdzsvaroti att\u012bst\u012bt gan akad\u0113misk\u0101s zin\u0101\u0161anas, gan sportisko meistar\u012bbu.<\/p>\n<p>Lai veicin\u0101tu skol\u0113nu m\u0101c\u012bbu sasniegumus un pal\u012bdz\u0113tu sagatavoties centraliz\u0113tajam matem\u0101tikas eks\u0101menam, k\u0101 ar\u012b atbalst\u012btu karjeras izv\u0113les proces\u0101, tiks turpin\u0101ta Atbalsta un motiv\u0101cijas programma 9. kla\u0161u skol\u0113niem. Programma nodro\u0161in\u0101s papildu konsult\u0101cijas, m\u0101c\u012bbu materi\u0101lus un karjeras izgl\u012bt\u012bbas aktivit\u0101tes. 2026.\/2027.m.g. ar 1.oktobri\u00a0 programmas apguvi var\u0113s uzs\u0101kt 56 jaunie\u0161i no 7 izgl\u012bt\u012bbas iest\u0101d\u0113m.<\/p>\n<p>Normat\u012bvais regul\u0113jums paredz, ka katrai izgl\u012bt\u012bbas iest\u0101dei jaunaj\u0101 m\u0101c\u012bbu gad\u0101\u00a0 j\u0101izmanto k\u0101da no licenc\u0113taj\u0101m labb\u016bt\u012bbas veicin\u0101\u0161anas, vardarb\u012bbas un bulinga mazin\u0101\u0161anas programm\u0101m (piem\u0113ram, KiVa, EMU, M\u0101c\u012bbsp\u0113ja, D\u017eimba, u.c.) atbilsto\u0161i b\u0113rnu vecumposmam, \u012bsteno vardarb\u012bbas prevencijas pas\u0101kumus, vardarb\u012bbas gad\u012bjumu risin\u0101\u0161anu un atbalstu iesaist\u012btaj\u0101m pus\u0113m.<\/p>\n<p>T\u0101pat gatavojoties jaunajam m\u0101c\u012bbu gadam izgl\u012bt\u012bbas iest\u0101des vad\u012bt\u0101jam sadarb\u012bb\u0101 ar izgl\u012bt\u012bbas iest\u0101des dibin\u0101t\u0101ju ir j\u0101izstr\u0101d\u0101 izgl\u012bt\u012bbas iest\u0101des darb\u012bbas nep\u0101rtraukt\u012bbas pl\u0101ns (tai skait\u0101 r\u012bc\u012bbas algoritms) apdraud\u0113juma gad\u012bjumam.<\/p>\n<p>No 2026. gada 1.j\u016bnija\u00a0pirmsskolas vecuma un 1.\u20149.\u00a0klases izgl\u012btojamiem izgl\u012bt\u012bbas iest\u0101d\u0113 ir aizliegts lietot mobilos t\u0101lru\u0146us, iz\u0146emot gad\u012bjumus, kad pedagogs ir at\u013c\u0101vis tos izmantot izgl\u012bt\u012bbas proces\u0101.<\/p>\n<p>Jaunaj\u0101 m\u0101c\u012bbu gad\u0101\u00a0apliec\u012bbu par visp\u0101r\u0113jo pamatizgl\u012bt\u012bbu un t\u0101s pielikumu (sekmju izrakstu un\u00a0sekmju izraksta papildin\u0101jumu), k\u0101 ar\u012b atest\u0101tu par visp\u0101r\u0113jo vid\u0113jo izgl\u012bt\u012bbu un t\u0101 pielikumu\u00a0(sekmju izrakstu un\u00a0sekmju izraksta papildin\u0101jumu) izdod elektroniska dokumenta form\u0101, atbilsto\u0161i Elektronisko dokumentu likum\u0101\u00a0\u00a0noteiktaj\u0101m pras\u012bb\u0101m. T\u0101pat no 2026. gada 1.septembra\u00a0vidusskol\u0101 izgl\u012btojamie tiek uz\u0146emti, pamatojoties uz\u00a0 izstr\u0101d\u0101tajiem uz\u0146em\u0161anas noteikumiem katr\u0101 izgl\u012bt\u012bbas iest\u0101d\u0113 visp\u0101r\u0113j\u0101s vid\u0113j\u0101s izgl\u012bt\u012bbas programm\u0101.\u00a0<\/p>\n<p>Nosl\u0113gusies re\u0123istr\u0101cijas procesa digitaliz\u0101cija, turpm\u0101k nodro\u0161inot iesp\u0113ju b\u0113rnus Liep\u0101jas B\u0113rnu un jaunatnes centra intere\u0161u izgl\u012bt\u012bbas nodarb\u012bb\u0101m pieteikt platform\u0101 registrs.liepaja.edu.lv<\/p>\n<p>No 2026.\/2027. m\u0101c\u012bbu gada pl\u0101nots ieviest jaunu pedagogu finans\u0113\u0161anas modeli \u201cProgramma skol\u0101\u201d, kas paredz finans\u0113jumu pie\u0161\u0137irt izgl\u012bt\u012bbas programmai, nevis katram skol\u0113nam, t\u0101d\u0113j\u0101di nodro\u0161inot skol\u0101m liel\u0101ku elast\u012bbu resursu pl\u0101no\u0161an\u0101 un iesp\u0113ju lab\u0101k piel\u0101got finans\u0113jumu faktiskaj\u0101m vajadz\u012bb\u0101m. Provizoriskie apr\u0113\u0137ini liecina, ka Liep\u0101jas pa\u0161vald\u012bbai valsts finans\u0113jums pedagogu darba samaksai var\u0113tu pieaugt par vair\u0101k nek\u0101 180 t\u016bksto\u0161iem eiro m\u0113nes\u012b, tom\u0113r prec\u012bzs finans\u0113juma apm\u0113rs b\u016bs zin\u0101ms p\u0113c 2026. gada 5. septembra.<\/p>\n<p>Eiropas Soci\u0101l\u0101 fonda Plus projekta Nr. 4.2.2.3. \/1\/24\/I\/001 &#8221; Pedagogu profesion\u0101l\u0101 atbalsta sist\u0113mas izveide&#8221; ietvaros tiek nodro\u0161in\u0101ta m\u0101c\u012bbu l\u012bdzek\u013cu ieg\u0101de Liep\u0101jas valstspils\u0113tas dibin\u0101taj\u0101m izgl\u012bt\u012bbas iest\u0101d\u0113m, kuras \u012bsteno apstiprin\u0101tu profesion\u0101l\u0101s ievirzes programmu m\u0101ksl\u0101, m\u016bzik\u0101, dej\u0101\u00a0un sport\u0101 46 431,36 EUR apm\u0113r\u0101. \u0160\u012b projekta ietvaros tiek nodro\u0161in\u0101ta m\u0101c\u012bbu literat\u016bras ieg\u0101de Liep\u0101jas valstspils\u0113tas pirmsskolas izgl\u012bt\u012bbas iest\u0101d\u0113m, lai \u012bstenotu pirmsskolas izgl\u012bt\u012bbas programmas b\u0113rniem no piecu gadu vecuma l\u012bdz pamatizgl\u012bt\u012bbas ieguves uzs\u0101k\u0161anai, speci\u0101l\u0101s izgl\u012bt\u012bbas programmas, visp\u0101r\u0113j\u0101s pamatizgl\u012bt\u012bbas un visp\u0101r\u0113j\u0101s vid\u0113j\u0101s izgl\u012bt\u012bbas programmas izgl\u012bt\u012bbas iest\u0101d\u0113m 164\u00a0288,65 EUR apm\u0113r\u0101. T\u0101pat projekta ietvaros jaunaj\u0101 m\u0101c\u012bbu gad\u0101 tiks nodro\u0161in\u0101tas profesion\u0101l\u0101s pilnveides m\u0101c\u012bbas izgl\u012bt\u012bbas iest\u0101\u017eu vad\u012bbas komand\u0101m, atbalsta komand\u0101m un pedagogiem, atbilsto\u0161i vajadz\u012bb\u0101m.<\/p>\n","protected":false},"excerpt":{"rendered":"\u0160aj\u0101 m\u0101c\u012bbu gad\u0101 akcents likts uz iek\u013caujo\u0161as un dro\u0161as vides veido\u0161anu, kvalitat\u012bvu m\u0101c\u012bbu saturu, pedagogu profesion\u0101l\u0101s izaugsmes stiprin\u0101\u0161anu&hellip;\n","protected":false},"author":2,"featured_media":282465,"comment_status":"","ping_status":"","sticky":false,"template":"","format":"standard","meta":{"footnotes":"","_share_on_mastodon":"0"},"categories":[5],"tags":[23,28,29,32,33,22,30,31,35,39,38,36,37,34,40,20,26,27,24,25,21],"class_list":["post-282464","post","type-post","status-publish","format-standard","has-post-thumbnail","category-aktualitates","tag-aktualitates","tag-breaking-news","tag-breakingnews","tag-featured-news","tag-featurednews","tag-headlines","tag-latest-news","tag-latestnews","tag-latvia","tag-latvian","tag-latviesu","tag-latviesu-valoda","tag-latviesuvaloda","tag-latvija","tag-lv","tag-news","tag-popularakas-zinas","tag-popularakaszinas","tag-top-stories","tag-topstories","tag-zinas"],"share_on_mastodon":{"url":"https:\/\/pubeurope.com\/@lv\/117197451206575958","error":""},"_links":{"self":[{"href":"https:\/\/www.europesays.com\/lv\/wp-json\/wp\/v2\/posts\/282464","targetHints":{"allow":["GET"]}}],"collection":[{"href":"https:\/\/www.europesays.com\/lv\/wp-json\/wp\/v2\/posts"}],"about":[{"href":"https:\/\/www.europesays.com\/lv\/wp-json\/wp\/v2\/types\/post"}],"author":[{"embeddable":true,"href":"https:\/\/www.europesays.com\/lv\/wp-json\/wp\/v2\/users\/2"}],"replies":[{"embeddable":true,"href":"https:\/\/www.europesays.com\/lv\/wp-json\/wp\/v2\/comments?post=282464"}],"version-history":[{"count":0,"href":"https:\/\/www.europesays.com\/lv\/wp-json\/wp\/v2\/posts\/282464\/revisions"}],"wp:featuredmedia":[{"embeddable":true,"href":"https:\/\/www.europesays.com\/lv\/wp-json\/wp\/v2\/media\/282465"}],"wp:attachment":[{"href":"https:\/\/www.europesays.com\/lv\/wp-json\/wp\/v2\/media?parent=282464"}],"wp:term":[{"taxonomy":"category","embeddable":true,"href":"https:\/\/www.europesays.com\/lv\/wp-json\/wp\/v2\/categories?post=282464"},{"taxonomy":"post_tag","embeddable":true,"href":"https:\/\/www.europesays.com\/lv\/wp-json\/wp\/v2\/tags?post=282464"}],"curies":[{"name":"wp","href":"https:\/\/api.w.org\/{rel}","templated":true}]}}