{"id":282474,"date":"2026-09-01T19:41:10","date_gmt":"2026-09-01T19:41:10","guid":{"rendered":"https:\/\/www.europesays.com\/lv\/282474\/"},"modified":"2026-09-01T19:41:10","modified_gmt":"2026-09-01T19:41:10","slug":"razotaji-rosina-es-ieviest-nodevu-letu-kinas-tekstilizstradajumu-importam","status":"publish","type":"post","link":"https:\/\/www.europesays.com\/lv\/282474\/","title":{"rendered":"Ra\u017eot\u0101ji rosina ES ieviest nodevu l\u0113tu \u0136\u012bnas tekstilizstr\u0101d\u0101jumu importam"},"content":{"rendered":"<p>\u0160\u0101du aicin\u0101jumu &#8220;Euratex&#8221; izteikusi p\u0113c tam, kad ES j\u016blij\u0101 ieviesa tr\u012bs eiro nodevu zemas v\u0113rt\u012bbas s\u016bt\u012bjumiem, kas ik gadu non\u0101k bloka dal\u012bbvalst\u012bs, galvenok\u0101rt no \u0136\u012bnas.<\/p>\n<p>Savuk\u0101rt Francija otrdien s\u0101ka ieviest nodevu t\u0101 d\u0113v\u0113t\u0101s \u0101tr\u0101s modes produktu importam, kas laika gait\u0101 sasniegs teju 20 eiro par katru ap\u0123\u0113rba vien\u012bbu.<\/p>\n<p>&#8220;Euratex&#8221; prezidents Mario Horhe Ma\u010dado otrdien Par\u012bz\u0113 notieko\u0161aj\u0101 tekstilizstr\u0101d\u0101jumu ra\u017eo\u0161anas nozares konferenc\u0113 atzin\u012bgi nov\u0113rt\u0113ja ES ieviesto nodevu, ta\u010du sac\u012bja, ka &#8220;m\u0113s \u0161eit nedr\u012bkstam apst\u0101ties&#8221;.<\/p>\n<p>Asoci\u0101cija nor\u0101da, ka desmit eiro &#8220;apstr\u0101des nodeva&#8221; nodro\u0161in\u0101tu muitas iest\u0101d\u0113m resursus nedro\u0161u un neatbilsto\u0161u pre\u010du identific\u0113\u0161anai.<\/p>\n<p><a href=\"https:\/\/www.apollo.lv\/term\/555483\/kina\" class=\"topicLink\" target=\"_blank\" rel=\"nofollow noopener\">\u0136\u012bna<\/a> ir br\u012bdin\u0101jusi par iesp\u0113jamiem atbildes pas\u0101kumiem saist\u012bb\u0101 ar jau ieviestaj\u0101m nodev\u0101m.<\/p>\n","protected":false},"excerpt":{"rendered":"\u0160\u0101du aicin\u0101jumu &#8220;Euratex&#8221; izteikusi p\u0113c tam, kad ES j\u016blij\u0101 ieviesa tr\u012bs eiro nodevu zemas v\u0113rt\u012bbas s\u016bt\u012bjumiem, kas ik&hellip;\n","protected":false},"author":2,"featured_media":282475,"comment_status":"","ping_status":"","sticky":false,"template":"","format":"standard","meta":{"footnotes":"","_share_on_mastodon":"0"},"categories":[14],"tags":[23,57,28,29,514,32,33,22,21594,4213,30,31,35,39,38,36,37,34,40,20,26,27,42252,24,25,54,55,56,21,58],"class_list":["post-282474","post","type-post","status-publish","format-standard","has-post-thumbnail","category-zinas-no-arvalstim","tag-aktualitates","tag-arvalstim","tag-breaking-news","tag-breakingnews","tag-eiropas-savieniba","tag-featured-news","tag-featurednews","tag-headlines","tag-imports","tag-kina","tag-latest-news","tag-latestnews","tag-latvia","tag-latvian","tag-latviesu","tag-latviesu-valoda","tag-latviesuvaloda","tag-latvija","tag-lv","tag-news","tag-popularakas-zinas","tag-popularakaszinas","tag-tekstils","tag-top-stories","tag-topstories","tag-world","tag-world-news","tag-worldnews","tag-zinas","tag-zinas-no-arvalstim"],"share_on_mastodon":{"url":"https:\/\/pubeurope.com\/@lv\/117197490234677653","error":""},"_links":{"self":[{"href":"https:\/\/www.europesays.com\/lv\/wp-json\/wp\/v2\/posts\/282474","targetHints":{"allow":["GET"]}}],"collection":[{"href":"https:\/\/www.europesays.com\/lv\/wp-json\/wp\/v2\/posts"}],"about":[{"href":"https:\/\/www.europesays.com\/lv\/wp-json\/wp\/v2\/types\/post"}],"author":[{"embeddable":true,"href":"https:\/\/www.europesays.com\/lv\/wp-json\/wp\/v2\/users\/2"}],"replies":[{"embeddable":true,"href":"https:\/\/www.europesays.com\/lv\/wp-json\/wp\/v2\/comments?post=282474"}],"version-history":[{"count":0,"href":"https:\/\/www.europesays.com\/lv\/wp-json\/wp\/v2\/posts\/282474\/revisions"}],"wp:featuredmedia":[{"embeddable":true,"href":"https:\/\/www.europesays.com\/lv\/wp-json\/wp\/v2\/media\/282475"}],"wp:attachment":[{"href":"https:\/\/www.europesays.com\/lv\/wp-json\/wp\/v2\/media?parent=282474"}],"wp:term":[{"taxonomy":"category","embeddable":true,"href":"https:\/\/www.europesays.com\/lv\/wp-json\/wp\/v2\/categories?post=282474"},{"taxonomy":"post_tag","embeddable":true,"href":"https:\/\/www.europesays.com\/lv\/wp-json\/wp\/v2\/tags?post=282474"}],"curies":[{"name":"wp","href":"https:\/\/api.w.org\/{rel}","templated":true}]}}