{"id":282478,"date":"2026-09-01T20:01:22","date_gmt":"2026-09-01T20:01:22","guid":{"rendered":"https:\/\/www.europesays.com\/lv\/282478\/"},"modified":"2026-09-01T20:01:22","modified_gmt":"2026-09-01T20:01:22","slug":"dombrava-atbild-uz-kulberga-parmetumiem","status":"publish","type":"post","link":"https:\/\/www.europesays.com\/lv\/282478\/","title":{"rendered":"Dombrava atbild uz Kulberga p\u0101rmetumiem"},"content":{"rendered":"<p>&#8220;Varb\u016bt vi\u0146\u0161 (Kulbergs), k\u0101 jauns cilv\u0113ks, nep\u0101rzina Saeimas un Ministru kabineta darb\u0101 proced\u016bras, jo jaut\u0101jums ir g\u0101jis cauri posmiem un ir notiku\u0161as diskusijas. Es absol\u016bti noraidu nepamatotus neprofesion\u0101lus p\u0101rmetumus,&#8221; uzsv\u0113ra Dombrava.<\/p>\n<p>K\u0101 zi\u0146ots, Ministru prezidents NA pied\u0101v\u0101tajam imigr\u0101cijas ierobe\u017eo\u0161anas pas\u0101kumu pl\u0101nam soci\u0101lajos t\u012bklos velt\u012bjis \u013coti asus un kritiskus v\u0113rt\u0113jumus.<\/p>\n<p>Kulbergs ierakst\u0101 &#8220;X&#8221; koal\u012bcij\u0101 iesniegto pied\u0101v\u0101jumu nod\u0113v\u0113jis par iek\u0161lietu ministra Dombravas &#8220;imit\u0113tu migrantu c\u012b\u0146u&#8221;, bet NA aktivit\u0101tes imigr\u0101cijas ierobe\u017eo\u0161anas jom\u0101 kopum\u0101 &#8211; par &#8220;ni\u0137\u012bga b\u0113rnud\u0101rznieka hist\u0113riju&#8221;.<\/p>\n<p>Kulbergs sprie\u017e, ka Dombravam neesot svar\u012bgs re\u0101ls rezult\u0101ts migr\u0101cijas ierobe\u017eo\u0161an\u0101, bet gan &#8220;ska\u013ca un bezj\u0113dz\u012bga b\u013caust\u012b\u0161an\u0101s&#8221;, ar kuru tiekot &#8220;mu\u013c\u0137oti pa\u0161u v\u0113l\u0113t\u0101ji&#8221;.<\/p>\n<p>Premjers kritiz\u0113, ka Dombrava neesot sapratis, ko noz\u012bm\u0113 b\u016bt ministram, jo virz\u012bjis vald\u012bb\u0101 piln\u012bb\u0101 nesaska\u0146otu dokumentu. Dombravas iesniegtais dokuments neesot saska\u0146ots ar 14 instit\u016bcij\u0101m &#8211; ne da\u017e\u0101d\u0101m ministrij\u0101m, ne uz\u0146\u0113m\u0113jiem. &#8220;Vienk\u0101r\u0161i atn\u0101kt, iemest vald\u012bb\u0101 dokumentu un p\u0113c tam pazi\u0146ot, ka &#8220;visi ir pret imigr\u0101cijas apkaro\u0161anu&#8221;, ir trula, l\u0113ta un populistiska v\u0113l\u0113t\u0101ju mak\u0161\u0137er\u0113\u0161ana bez jebk\u0101da pamata,&#8221; Dombravas darbu nov\u0113rt\u0113jis premjers.<\/p>\n<p>Koal\u012bcijas partiju san\u0101ksm\u0113 pirmdien politiskie sp\u0113ki vienoju\u0161ies, ka dokuments ir j\u0101saska\u0146o, un piektdien, 4. septembr\u012b, tiks organiz\u0113ta \u012bpa\u0161a politisk\u0101 s\u0113de, lai vienotos par t\u0101 saturu.<\/p>\n<p>V\u0113l\u0101k premjera birojs izplat\u012bja pazi\u0146ojumu, kur\u0101 situ\u0101ciju skaidroja jau &#8220;piezem\u0113t\u0101kos to\u0146os&#8221;. Vi\u0146\u0161 atz\u012bm\u0113, ka migr\u0101cijas ierobe\u017eo\u0161ana iepriek\u0161 noteikta k\u0101 vald\u012bbas uzdevums.<\/p>\n<p>T\u0101pat zi\u0146ots, ka IeM sagatavotais imigr\u0101cijas ierobe\u017eo\u0161anas pas\u0101kumu pl\u0101ns koal\u012bcijas partneru iebildumu d\u0113\u013c otrdien v\u0113l nenon\u0101ks vald\u012bbas darba k\u0101rt\u012bb\u0101.<\/p>\n","protected":false},"excerpt":{"rendered":"&#8220;Varb\u016bt vi\u0146\u0161 (Kulbergs), k\u0101 jauns cilv\u0113ks, nep\u0101rzina Saeimas un Ministru kabineta darb\u0101 proced\u016bras, jo jaut\u0101jums ir g\u0101jis cauri&hellip;\n","protected":false},"author":2,"featured_media":282479,"comment_status":"","ping_status":"","sticky":false,"template":"","format":"standard","meta":{"footnotes":"","_share_on_mastodon":"0"},"categories":[5],"tags":[23,13248,28,29,32,33,22,9995,38892,9994,18731,30,31,35,39,38,36,37,34,40,20,26,27,24,25,21],"class_list":["post-282478","post","type-post","status-publish","format-standard","has-post-thumbnail","category-aktualitates","tag-aktualitates","tag-andris-kulbergs","tag-breaking-news","tag-breakingnews","tag-featured-news","tag-featurednews","tag-headlines","tag-imigracija","tag-imigracijas-likums","tag-imigracijas-problemas","tag-janis-dombrava","tag-latest-news","tag-latestnews","tag-latvia","tag-latvian","tag-latviesu","tag-latviesu-valoda","tag-latviesuvaloda","tag-latvija","tag-lv","tag-news","tag-popularakas-zinas","tag-popularakaszinas","tag-top-stories","tag-topstories","tag-zinas"],"share_on_mastodon":{"url":"https:\/\/pubeurope.com\/@lv\/117197568913010765","error":""},"_links":{"self":[{"href":"https:\/\/www.europesays.com\/lv\/wp-json\/wp\/v2\/posts\/282478","targetHints":{"allow":["GET"]}}],"collection":[{"href":"https:\/\/www.europesays.com\/lv\/wp-json\/wp\/v2\/posts"}],"about":[{"href":"https:\/\/www.europesays.com\/lv\/wp-json\/wp\/v2\/types\/post"}],"author":[{"embeddable":true,"href":"https:\/\/www.europesays.com\/lv\/wp-json\/wp\/v2\/users\/2"}],"replies":[{"embeddable":true,"href":"https:\/\/www.europesays.com\/lv\/wp-json\/wp\/v2\/comments?post=282478"}],"version-history":[{"count":0,"href":"https:\/\/www.europesays.com\/lv\/wp-json\/wp\/v2\/posts\/282478\/revisions"}],"wp:featuredmedia":[{"embeddable":true,"href":"https:\/\/www.europesays.com\/lv\/wp-json\/wp\/v2\/media\/282479"}],"wp:attachment":[{"href":"https:\/\/www.europesays.com\/lv\/wp-json\/wp\/v2\/media?parent=282478"}],"wp:term":[{"taxonomy":"category","embeddable":true,"href":"https:\/\/www.europesays.com\/lv\/wp-json\/wp\/v2\/categories?post=282478"},{"taxonomy":"post_tag","embeddable":true,"href":"https:\/\/www.europesays.com\/lv\/wp-json\/wp\/v2\/tags?post=282478"}],"curies":[{"name":"wp","href":"https:\/\/api.w.org\/{rel}","templated":true}]}}