{"id":282484,"date":"2026-09-01T20:07:18","date_gmt":"2026-09-01T20:07:18","guid":{"rendered":"https:\/\/www.europesays.com\/lv\/282484\/"},"modified":"2026-09-01T20:07:18","modified_gmt":"2026-09-01T20:07:18","slug":"klusums-pec-vetras-piespriez-disciplinarsodus-lsm-redaktorem-braunai-un-eninai","status":"publish","type":"post","link":"https:\/\/www.europesays.com\/lv\/282484\/","title":{"rendered":"Klusums p\u0113c v\u0113tras: piesprie\u017e disciplin\u0101rsodus LSM redaktor\u0113m Braunai un Eni\u0146ai"},"content":{"rendered":"<p>LSM uzsver, ka tas bija \u012bpa\u0161i noz\u012bm\u012bgi re\u0123ionos, kuros elektroapg\u0101des un elektronisko sakaru trauc\u0113jumu d\u0113\u013c radio bija teju vien\u012bgais pieejamais inform\u0101cijas avots.<\/p>\n<p>LSM pazi\u0146ojum\u0101 pau\u017e, ka turpina darbu pie izmai\u0146\u0101m, lai stiprin\u0101tu savstarp\u0113jo koordin\u0101ciju un l\u0113mumu pie\u0146em\u0161anu, k\u0101 ar\u012b kr\u012bzes situ\u0101cij\u0101s sp\u0113tu atbilsto\u0161i rea\u0123\u0113t uz notikumu att\u012bst\u012bbu un sabiedr\u012bbas vajadz\u012bbu p\u0113c inform\u0101cijas.<\/p>\n<p>K\u0101 v\u0113st\u012bts, jaut\u0101jums par sabiedrisk\u0101 medija darb\u012bbu kr\u012bzes situ\u0101cij\u0101s aktualiz\u0113jies p\u0113c diskusij\u0101m par LSM darbu v\u0113tras laik\u0101. Latvijas Radio Zi\u0146u dienesta kolekt\u012bvs atkl\u0101t\u0101 v\u0113stul\u0113 aicin\u0101ja izv\u0113rt\u0113t ne tikai dienesta un t\u0101 l\u012bdz\u0161in\u0113j\u0101 vad\u012bt\u0101ja U\u0123a L\u012bbie\u0161a, bet ar\u012b LSM valdes un galven\u0101s redaktores Braunas atbild\u012bbu par sabiedrisk\u0101 medija darbu kr\u012bzes laik\u0101. Ar Braunu v\u0113tras laik\u0101 bija p\u0101rtr\u016bku\u0161i sakari.<\/p>\n<p>V\u0113stul\u0113 kolekt\u012bvs atzinis, ka sabiedr\u012bba pietiekami \u0101tri un pilnv\u0113rt\u012bgi nesa\u0146\u0113ma inform\u0101ciju par notikumiem, reiz\u0113 uzsverot, ka probl\u0113mas esot biju\u0161as pla\u0161\u0101kas par viena cilv\u0113ka atbild\u012bbu. Darbinieki nor\u0101d\u012bju\u0161i uz nepiln\u012bb\u0101m darba koordin\u0113\u0161an\u0101, l\u0113mumu pie\u0146em\u0161an\u0101 un kr\u012bzes komunik\u0101cijas organiz\u0113\u0161an\u0101 p\u0113c Latvijas Radio un Latvijas Telev\u012bzijas apvieno\u0161anas.<\/p>\n<p>LSM iepriek\u0161 veiktaj\u0101 izv\u0113rt\u0113jum\u0101 secin\u0101ts, ka radio zi\u0146u segums sabiedr\u012bbas inform\u0113\u0161an\u0101 v\u0113tras izrais\u012bt\u0101s kr\u012bzes laik\u0101 nav bijis apmierino\u0161s. Uz\u0146emoties atbild\u012bbu par Latvijas Radio Zi\u0146u dienesta darbu \u0161aj\u0101 situ\u0101cij\u0101, L\u012bbietis pazi\u0146oja par atk\u0101p\u0161anos no amata.<\/p>\n<p>Latvij\u0101 22. august\u0101 un tai sekoju\u0161aj\u0101 nakt\u012b plos\u012bj\u0101s p\u0113d\u0113j\u0101s desmitgad\u0113s stipr\u0101k\u0101 vasaras <a href=\"https:\/\/www.tvnet.lv\/term\/556072\/vetra\" class=\"topicLink\" target=\"_blank\" rel=\"nofollow noopener\">v\u0113tra<\/a>, kur\u0101 v\u0113ja \u0101trums viet\u0101m p\u0101rsniedza 30 metrus sekund\u0113. Negaiss izrais\u012bja pla\u0161us boj\u0101jumus gan sadales, gan p\u0101rvades elektrot\u012bkl\u0101, kuru rezult\u0101t\u0101 s\u0101kotn\u0113ji elektroapg\u0101de bija p\u0101rtraukta aptuveni 277 000 klientu Latvij\u0101, bet elektrot\u012bklu p\u0101rr\u0101vumiem daudzviet sekoja nepieejami sakari, degvielas uzpildes stacijas un viet\u0101m ar\u012b veikali.<\/p>\n","protected":false},"excerpt":{"rendered":"LSM uzsver, ka tas bija \u012bpa\u0161i noz\u012bm\u012bgi re\u0123ionos, kuros elektroapg\u0101des un elektronisko sakaru trauc\u0113jumu d\u0113\u013c radio bija teju&hellip;\n","protected":false},"author":2,"featured_media":282485,"comment_status":"","ping_status":"","sticky":false,"template":"","format":"standard","meta":{"footnotes":"","_share_on_mastodon":"0"},"categories":[5],"tags":[23,28,29,32,33,22,30,31,35,39,38,36,37,34,989,40,20,26,27,24,25,4457,21],"class_list":["post-282484","post","type-post","status-publish","format-standard","has-post-thumbnail","category-aktualitates","tag-aktualitates","tag-breaking-news","tag-breakingnews","tag-featured-news","tag-featurednews","tag-headlines","tag-latest-news","tag-latestnews","tag-latvia","tag-latvian","tag-latviesu","tag-latviesu-valoda","tag-latviesuvaloda","tag-latvija","tag-lsm","tag-lv","tag-news","tag-popularakas-zinas","tag-popularakaszinas","tag-top-stories","tag-topstories","tag-vetra","tag-zinas"],"share_on_mastodon":{"url":"https:\/\/pubeurope.com\/@lv\/117197592506166379","error":""},"_links":{"self":[{"href":"https:\/\/www.europesays.com\/lv\/wp-json\/wp\/v2\/posts\/282484","targetHints":{"allow":["GET"]}}],"collection":[{"href":"https:\/\/www.europesays.com\/lv\/wp-json\/wp\/v2\/posts"}],"about":[{"href":"https:\/\/www.europesays.com\/lv\/wp-json\/wp\/v2\/types\/post"}],"author":[{"embeddable":true,"href":"https:\/\/www.europesays.com\/lv\/wp-json\/wp\/v2\/users\/2"}],"replies":[{"embeddable":true,"href":"https:\/\/www.europesays.com\/lv\/wp-json\/wp\/v2\/comments?post=282484"}],"version-history":[{"count":0,"href":"https:\/\/www.europesays.com\/lv\/wp-json\/wp\/v2\/posts\/282484\/revisions"}],"wp:featuredmedia":[{"embeddable":true,"href":"https:\/\/www.europesays.com\/lv\/wp-json\/wp\/v2\/media\/282485"}],"wp:attachment":[{"href":"https:\/\/www.europesays.com\/lv\/wp-json\/wp\/v2\/media?parent=282484"}],"wp:term":[{"taxonomy":"category","embeddable":true,"href":"https:\/\/www.europesays.com\/lv\/wp-json\/wp\/v2\/categories?post=282484"},{"taxonomy":"post_tag","embeddable":true,"href":"https:\/\/www.europesays.com\/lv\/wp-json\/wp\/v2\/tags?post=282484"}],"curies":[{"name":"wp","href":"https:\/\/api.w.org\/{rel}","templated":true}]}}