{"id":282488,"date":"2026-09-01T20:13:14","date_gmt":"2026-09-01T20:13:14","guid":{"rendered":"https:\/\/www.europesays.com\/lv\/282488\/"},"modified":"2026-09-01T20:13:14","modified_gmt":"2026-09-01T20:13:14","slug":"madride-apsudz-krieviju-un-izraelu-par-iesaisti-seutas-krize","status":"publish","type":"post","link":"https:\/\/www.europesays.com\/lv\/282488\/","title":{"rendered":"Madride aps\u016bdz Krieviju un Izra\u0113lu par iesaisti Seutas kr\u012bz\u0113"},"content":{"rendered":"<p class=\"descr\">Sp\u0101nijas premjerministrs nosaucis Krieviju un Izra\u0113lu saist\u012bb\u0101 ar dezinform\u0101ciju soci\u0101lajos medijos par Seutas b\u0113g\u013cu kr\u012bzi. Savuk\u0101rt Izra\u0113las \u0101rlietu ministrs aps\u016bdz Pedro San\u010desu &#8220;nekaun\u012bgos melos&#8221;.<\/p>\n<p>Sp\u0101nijas premjerministrs Pedro San\u010dess saist\u012bja <a href=\"https:\/\/nra.lv\/birka\/seuta\/\" rel=\"nofollow noopener\" target=\"_blank\">Seutas<\/a> migrantu kr\u012bzi ar soci\u0101lo mediju dezinform\u0101ciju, ko, p\u0113c vi\u0146a dom\u0101m, izplata <a href=\"https:\/\/nra.lv\/birka\/krievija\/\" rel=\"nofollow noopener\" target=\"_blank\">Krievija<\/a> un <a href=\"https:\/\/nra.lv\/birka\/izraela\/\" rel=\"nofollow noopener\" target=\"_blank\">Izra\u0113la<\/a>. Intervij\u0101 radiostacijai Cadena SER pirmdien, 31. august\u0101, vi\u0146\u0161 apgalvoja, ka masveida migrantu piepl\u016bdumu Sp\u0101nijas ekskl\u0101v\u0101 Zieme\u013c\u0101frik\u0101 veicin\u0101ja melu izplat\u012b\u0161ana soci\u0101lajos medijos, kas saist\u012bta ar Krieviju un Izra\u0113lu. Vi\u0146\u0161 apgalvoja, ka \u0161\u0101du saturu izplat\u012bja ar\u012b starptautiskas gal\u0113ji lab\u0113j\u0101s grupas, kas &#8220;past\u0101v\u012bgi izmanto migr\u0101cijas jaut\u0101jumu, lai uzbruktu ne tikai Sp\u0101nijai, bet ar\u012b Eiropai&#8221;, cen\u0161oties s\u0113t \u0161\u0137el\u0161anos. San\u010dess uzst\u0101j, ka Sp\u0101nijas vald\u012bba r\u012bkojas, pamatojoties tikai uz datiem un p\u0101rbaud\u012btiem faktiem.<\/p>\n<p>P\u0113c vi\u0146a teikt\u0101, tagad ir noskaidrots, ka inform\u0101cija par Sp\u0101nijas Augst\u0101k\u0101s tiesas 8. j\u016blija l\u0113mumu soci\u0101lajos medijos tika sagroz\u012bta, un ka nepatiesas zi\u0146as, ka ikviens, kur\u0161 peld\u0113ja uz Seutu, nevar tikt deport\u0113ts, tika izplat\u012btas, piedaloties organiz\u0113t\u0101m noziedz\u012bg\u0101m grup\u0101m, kas iesaist\u012btas cilv\u0113ku tirdzniec\u012bb\u0101.<\/p>\n<p>Izra\u0113la aps\u016bdz San\u010desu melo\u0161an\u0101 Izra\u0113las \u0101rlietu ministrs Gideons S\u0101rs atbild\u0113ja, aps\u016bdzot San\u010desu &#8220;klajos melos&#8221;. Vi\u0146\u0161 pazi\u0146oja, ka \u0161\u0101du apgalvojumu turpin\u0101\u0161ana nepal\u012bdz\u0113s Sp\u0101nijas premjerministram nov\u0113rst uzman\u012bbu no vi\u0146a &#8220;apkaunojo\u0161\u0101s nesp\u0113jas&#8221; atrisin\u0101t Sp\u0101nijas iek\u0161\u0113j\u0101s probl\u0113mas.<\/p>\n<p>Kad zi\u0146u a\u0123ent\u016bra RBC jaut\u0101ja, vai Krievijas varas iest\u0101d\u0113m ir k\u0101da saist\u012bba ar migrantu kr\u012bzi Seut\u0101, Krievijas prezidenta preses sekret\u0101rs Dmitrijs Peskovs to noliedza. Citi Eiropas politi\u0137i iepriek\u0161 bija pazi\u0146oju\u0161i, ka situ\u0101ciju Seut\u0101 ir saasin\u0101ju\u0161i prokrievisko sp\u0113ku \u012bstenotie hibr\u012bdkara pas\u0101kumi.<\/p>\n<p>Migr\u0101cijas kr\u012bze Seut\u0101 J\u016blija beig\u0101s aptuveni 72 000 neleg\u0101lo <a href=\"https:\/\/nra.lv\/birka\/migranti\/\" rel=\"nofollow noopener\" target=\"_blank\">migrantu<\/a> no Marokas ierad\u0101s Sp\u0101nijas ekskl\u0101v\u0101 Seut\u0101, \u0161\u0137\u0113rsojot j\u016bru peldot, piep\u016b\u0161amajos ri\u0146\u0137os un maz\u0101s laiv\u0101s. Saska\u0146\u0101 ar vienu teoriju, vi\u0146us uz to pamudin\u0101ja Sp\u0101nijas Augst\u0101k\u0101s tiesas l\u0113mums, kas noteica, ka imigrantus, kas aiztur\u0113ti, m\u0113\u0123inot peld\u0113t uz Seutu vai Melilju, nevar atgriezt saska\u0146\u0101 ar vienk\u0101r\u0161oto proced\u016bru.<\/p>\n<p>Lai atrisin\u0101tu kr\u012bzi, Sp\u0101nijas varas iest\u0101des izvietoja armiju Seut\u0101. Sp\u0101nija un Maroka vienoj\u0101s deport\u0113t migrantus, kuri neleg\u0101li ieradu\u0161ies ekskl\u0101v\u0101. Augusta s\u0101kum\u0101 Sp\u0101nijas \u0101rlietu ministrs Hos\u0113 Manuels Albaress pazi\u0146oja, ka praktiski visi neleg\u0101lie imigranti, kas ieradu\u0161ies Seut\u0101, jau ir atgriezu\u0161ies Marok\u0101. Saska\u0146\u0101 ar Sp\u0101nijas varas iest\u0101\u017eu sniegto inform\u0101ciju, 141 cilv\u0113ks ir g\u0101jis boj\u0101, m\u0113\u0123inot \u0161\u0137\u0113rsot robe\u017eu starp Maroku un Seutu.<\/p>\n<p>\t\t\t\t\t\tinfo<\/p>\n<p>Uzzini pirmais<br \/>kas interesants noticis Latvij\u0101 un pasaul\u0113,<br \/>pievienojoties mums <a href=\"https:\/\/t.me\/neatkariga\" rel=\"nofollow\">Telegram<\/a> vai <a href=\"https:\/\/whatsapp.com\/channel\/0029VaMLFUH5K3zLU5s4wm3y\" rel=\"nofollow noopener\" target=\"_blank\">Whatsapp<\/a> kan\u0101l\u0101<\/p>\n","protected":false},"excerpt":{"rendered":"Sp\u0101nijas premjerministrs nosaucis Krieviju un Izra\u0113lu saist\u012bb\u0101 ar dezinform\u0101ciju soci\u0101lajos medijos par Seutas b\u0113g\u013cu kr\u012bzi. Savuk\u0101rt Izra\u0113las \u0101rlietu&hellip;\n","protected":false},"author":2,"featured_media":282489,"comment_status":"","ping_status":"","sticky":false,"template":"","format":"standard","meta":{"footnotes":"","_share_on_mastodon":"0"},"categories":[5],"tags":[23,28,29,32,33,22,30,31,35,39,38,36,37,34,40,20,26,27,24,25,21],"class_list":["post-282488","post","type-post","status-publish","format-standard","has-post-thumbnail","category-aktualitates","tag-aktualitates","tag-breaking-news","tag-breakingnews","tag-featured-news","tag-featurednews","tag-headlines","tag-latest-news","tag-latestnews","tag-latvia","tag-latvian","tag-latviesu","tag-latviesu-valoda","tag-latviesuvaloda","tag-latvija","tag-lv","tag-news","tag-popularakas-zinas","tag-popularakaszinas","tag-top-stories","tag-topstories","tag-zinas"],"share_on_mastodon":{"url":"https:\/\/pubeurope.com\/@lv\/117197616214834379","error":""},"_links":{"self":[{"href":"https:\/\/www.europesays.com\/lv\/wp-json\/wp\/v2\/posts\/282488","targetHints":{"allow":["GET"]}}],"collection":[{"href":"https:\/\/www.europesays.com\/lv\/wp-json\/wp\/v2\/posts"}],"about":[{"href":"https:\/\/www.europesays.com\/lv\/wp-json\/wp\/v2\/types\/post"}],"author":[{"embeddable":true,"href":"https:\/\/www.europesays.com\/lv\/wp-json\/wp\/v2\/users\/2"}],"replies":[{"embeddable":true,"href":"https:\/\/www.europesays.com\/lv\/wp-json\/wp\/v2\/comments?post=282488"}],"version-history":[{"count":0,"href":"https:\/\/www.europesays.com\/lv\/wp-json\/wp\/v2\/posts\/282488\/revisions"}],"wp:featuredmedia":[{"embeddable":true,"href":"https:\/\/www.europesays.com\/lv\/wp-json\/wp\/v2\/media\/282489"}],"wp:attachment":[{"href":"https:\/\/www.europesays.com\/lv\/wp-json\/wp\/v2\/media?parent=282488"}],"wp:term":[{"taxonomy":"category","embeddable":true,"href":"https:\/\/www.europesays.com\/lv\/wp-json\/wp\/v2\/categories?post=282488"},{"taxonomy":"post_tag","embeddable":true,"href":"https:\/\/www.europesays.com\/lv\/wp-json\/wp\/v2\/tags?post=282488"}],"curies":[{"name":"wp","href":"https:\/\/api.w.org\/{rel}","templated":true}]}}