{"id":282492,"date":"2026-09-01T20:19:12","date_gmt":"2026-09-01T20:19:12","guid":{"rendered":"https:\/\/www.europesays.com\/lv\/282492\/"},"modified":"2026-09-01T20:19:12","modified_gmt":"2026-09-01T20:19:12","slug":"video-liepaja-aizpeld-nopludusi-tikko-atklata-raina-iela-kur-iegulditas-jaunas-komunikacijas","status":"publish","type":"post","link":"https:\/\/www.europesays.com\/lv\/282492\/","title":{"rendered":"VIDEO. Liep\u0101ja aizpeld: nopl\u016bdusi tikko atkl\u0101t\u0101 Rai\u0146a iela, kur ieguld\u012btas jaunas komunik\u0101cijas"},"content":{"rendered":"<p class=\"descr\">\u0160odien liep\u0101jniekus lietus burtiski aizskaloja pa iel\u0101m. Stipr\u0101s lietavas dienas pirmaj\u0101 pus\u0113 jau k\u0101rt\u0113jo reizi p\u0101rpludin\u0101ja Liep\u0101jas ielas, k\u0101 redzams soci\u0101lajos t\u012bklos p\u0113c ievietot\u0101m bild\u0113m un video.<\/p>\n<p>Ar\u012b viet\u0113jais zi\u0146u port\u0101ls &#8220;liepajniekiem.lv&#8221; raksta par p\u0101rpl\u016bdu\u0161aj\u0101m Liep\u0101jas iel\u0101m jau k\u0101rt\u0113jo reizi. Cilv\u0113ki ir sa\u0161utu\u0161i.<\/p>\n<p>Aculiecinieku ies\u016bt\u012btajos video redzams, ka lietavu laik\u0101 jau tradicion\u0101li appl\u016bda Graudu, Pasta un V\u012btolu ielas st\u016bris, par upi p\u0101rv\u0113rt\u0101s ar\u012b Pasta iela posm\u0101 starp Lielo un Radio ielu.<\/p>\n<p>Bet visliel\u0101kais iedz\u012bvot\u0101ju kre\u0146\u0137is ir par nesen atkl\u0101to Rai\u0146a ielu, kas ilgsto\u0161i satiksmei bija sl\u0113gta v\u0113rien\u012bgo remontdarbu d\u0113\u013c. &#8220;<\/p>\n<p>\u201cAppl\u016bda ne tikai O. Kalpaka iela, bet ar\u012b tikko atkl\u0101t\u0101 Rai\u0146a iela, kur ta\u010du ieguld\u012btas jaunas komunik\u0101cijas! Par ko maks\u0101jam naudu?&#8221; uz redakciju Liep\u0101j\u0101 ir zvan\u012bjis k\u0101ds liep\u0101jnieks.<\/p>\n<p>Koment\u0101ri internet\u0101 ar\u012b nav saudz\u0113jo\u0161i, raksturojot <a href=\"https:\/\/nra.lv\/tautaruna\/citi\/528375-bernu-uzvediba-liepajas-kino-soke-apmekletajus.htm\" data-item-link=\"true\" data-item-id=\"528375\" rel=\"nofollow noopener\" target=\"_blank\">Liep\u0101jas situ\u0101ciju<\/a>:<\/p>\n<p>&#8211; Un nu jau pie patst\u0101v\u012bgi appl\u016bdo\u0161\u0101m iel\u0101m ir pieskait\u0101ma ar\u012b nesen atjaunot\u0101 R\u012bgas iela. Tur pat no notek\u016bde\u0146u ak\u0101m uz aug\u0161u spied\u0101s \u016bdens \u0161altis.<\/p>\n<p>&#8211; R\u012bgas iela nekad t\u0101 nav p\u0101rpl\u016bdusi k\u0101 \u0161odien. R\u012bgas un Tirgus ielas krustojums tik stipra straume, ka ejot p\u0101ri krustojumam var\u0113ja sajust t\u0101s sp\u0113ku un \u016bdens p\u0101ri pot\u012bt\u0113m. Nesen visu p\u0101rb\u016bv\u0113ja, un t\u0101 ir lieki iz\u0161\u0137\u0113rd\u0113ta nauda atkal k\u0101rt\u0113jo reizi. Sac\u012bja, ka tramvaja sliedes nep\u0101rpl\u016bd\u012bs pat stipr\u0101 liet\u016b. Izg\u0101\u0161an\u0101s k\u0101rt\u0113ja un tikai sol\u012bjumi cilv\u0113kiem.<\/p>\n<p>&#8211; \u0160is v\u0113l bija \u012bss lietus. Kas b\u016bs, kad b\u016bs 2-3h garum\u0101 ? Kas notiek maina trubas un paliek tikai slikt\u0101k.<\/p>\n<p>&#8211; Si\u013c\u0137u iel\u0101 ar\u012b pl\u016bdi&#8230;,bet tur jau tas ir hroniski!<\/p>\n<p>K\u0101ds liep\u0101jnieks ir ielicis video sav\u0101 &#8220;Facebook&#8221; kont\u0101, kur\u0101 redzams, k\u0101 nopl\u016bdusi ir viena no centr\u0101laj\u0101m Laumas rajona iel\u0101m &#8211; Si\u013c\u0137u iela. Ma\u0161\u012bnas \u016bden\u012b ir l\u012bdz pusei.<\/p>\n","protected":false},"excerpt":{"rendered":"\u0160odien liep\u0101jniekus lietus burtiski aizskaloja pa iel\u0101m. Stipr\u0101s lietavas dienas pirmaj\u0101 pus\u0113 jau k\u0101rt\u0113jo reizi p\u0101rpludin\u0101ja Liep\u0101jas ielas,&hellip;\n","protected":false},"author":2,"featured_media":282493,"comment_status":"","ping_status":"","sticky":false,"template":"","format":"standard","meta":{"footnotes":"","_share_on_mastodon":"0"},"categories":[5],"tags":[23,28,29,32,33,22,30,31,35,39,38,36,37,34,40,20,26,27,24,25,21],"class_list":["post-282492","post","type-post","status-publish","format-standard","has-post-thumbnail","category-aktualitates","tag-aktualitates","tag-breaking-news","tag-breakingnews","tag-featured-news","tag-featurednews","tag-headlines","tag-latest-news","tag-latestnews","tag-latvia","tag-latvian","tag-latviesu","tag-latviesu-valoda","tag-latviesuvaloda","tag-latvija","tag-lv","tag-news","tag-popularakas-zinas","tag-popularakaszinas","tag-top-stories","tag-topstories","tag-zinas"],"share_on_mastodon":{"url":"https:\/\/pubeurope.com\/@lv\/117197640001867336","error":""},"_links":{"self":[{"href":"https:\/\/www.europesays.com\/lv\/wp-json\/wp\/v2\/posts\/282492","targetHints":{"allow":["GET"]}}],"collection":[{"href":"https:\/\/www.europesays.com\/lv\/wp-json\/wp\/v2\/posts"}],"about":[{"href":"https:\/\/www.europesays.com\/lv\/wp-json\/wp\/v2\/types\/post"}],"author":[{"embeddable":true,"href":"https:\/\/www.europesays.com\/lv\/wp-json\/wp\/v2\/users\/2"}],"replies":[{"embeddable":true,"href":"https:\/\/www.europesays.com\/lv\/wp-json\/wp\/v2\/comments?post=282492"}],"version-history":[{"count":0,"href":"https:\/\/www.europesays.com\/lv\/wp-json\/wp\/v2\/posts\/282492\/revisions"}],"wp:featuredmedia":[{"embeddable":true,"href":"https:\/\/www.europesays.com\/lv\/wp-json\/wp\/v2\/media\/282493"}],"wp:attachment":[{"href":"https:\/\/www.europesays.com\/lv\/wp-json\/wp\/v2\/media?parent=282492"}],"wp:term":[{"taxonomy":"category","embeddable":true,"href":"https:\/\/www.europesays.com\/lv\/wp-json\/wp\/v2\/categories?post=282492"},{"taxonomy":"post_tag","embeddable":true,"href":"https:\/\/www.europesays.com\/lv\/wp-json\/wp\/v2\/tags?post=282492"}],"curies":[{"name":"wp","href":"https:\/\/api.w.org\/{rel}","templated":true}]}}