{"id":282496,"date":"2026-09-01T20:25:20","date_gmt":"2026-09-01T20:25:20","guid":{"rendered":"https:\/\/www.europesays.com\/lv\/282496\/"},"modified":"2026-09-01T20:25:20","modified_gmt":"2026-09-01T20:25:20","slug":"lsm-galvenajai-redaktorei-un-latvijas-radio-zinu-dienesta-vaditajai-piemero-disciplinarsodu","status":"publish","type":"post","link":"https:\/\/www.europesays.com\/lv\/282496\/","title":{"rendered":"LSM galvenajai redaktorei un Latvijas Radio Zi\u0146u dienesta vad\u012bt\u0101jai piem\u0113ro disciplin\u0101rsodu"},"content":{"rendered":"<p>    <img decoding=\"async\" src=\"https:\/\/www.europesays.com\/lv\/wp-content\/uploads\/2026\/09\/LET_14906562-1024x648.jpg\" alt=\"&#10;\"\/><\/p>\n<p>Latvijas Radio m\u0101ja Doma laukum\u0101. FOTO: LETA\n<\/p>\n<p>                                                <a href=\"https:\/\/news.google.com\/publications\/CAAqHQgKIhdDQklTQ3dnTWFnY0tCV3hoTG14MktBQVAB?hl=lv&amp;gl=LV&amp;ceid=LV%3Alv\" target=\"_blank\" style=\"font-family:SF Pro Display, Roboto, serif;font-size:12px;font-weight:bold;text-transform:uppercase;color:#000;text-decoration:none;line-height:34px;height:32px;display:block\" rel=\"nofollow noopener\"><br \/>\n                            Pievieno LA.LV<br \/>\n                            <img loading=\"lazy\" decoding=\"async\" src=\"https:\/\/www.la.lv\/assets\/images\/icon\/logo-google.svg\" style=\"margin-left:4px;vertical-align: -5px;\" width=\"18\" height=\"18\"\/><br \/>\n                        <\/a><br \/>\n                                                                        <a href=\"https:\/\/whatsapp.com\/channel\/0029VbCMJEF2v1IwTt54UN0u\" target=\"_blank\" class=\"whatsapp-channel-follow\" rel=\"nofollow noopener\"><br \/>\n                            Seko WhatsApp<\/p>\n<p>                        <\/a><\/p>\n<p>18:06, 1. septembris 2026<\/p>\n<p>Latvijas Sabiedrisk\u0101 medija (LSM) galvenajai redaktorei Anitai Braunai un Latvijas Radio Zi\u0146u dienesta galvenajai redaktorei Zanei Eni\u0146ai piem\u0113rots disciplin\u0101rsods par amata atbild\u012bbas l\u012bmenim neatbilsto\u0161u profesion\u0101lo r\u012bc\u012bbu augusta v\u0113tras laik\u0101, a\u0123ent\u016bru LETA inform\u0113ja LSM komunik\u0101cijas speci\u0101liste Ilze Luj\u0101ne.<\/p>\n<p>        Las\u012bt\u0101kie<br \/>\n        <a data-imagesrc=\"{&quot;300&quot;:&quot;https:\\\/\\\/lastatic.ams3.cdn.digitaloceanspaces.com\\\/2026\\\/04\\\/7d2454ee-bef0-45ad-a83e-51609e13d709-300x200.jpg&quot;,&quot;1024&quot;:&quot;https:\\\/\\\/lastatic.ams3.cdn.digitaloceanspaces.com\\\/2026\\\/04\\\/7d2454ee-bef0-45ad-a83e-51609e13d709-1024x683.jpg&quot;,&quot;1536&quot;:&quot;https:\\\/\\\/lastatic.ams3.cdn.digitaloceanspaces.com\\\/2026\\\/04\\\/7d2454ee-bef0-45ad-a83e-51609e13d709-1536x1024.jpg&quot;,&quot;500&quot;:&quot;https:\\\/\\\/lastatic.ams3.cdn.digitaloceanspaces.com\\\/2026\\\/04\\\/7d2454ee-bef0-45ad-a83e-51609e13d709-500x333.jpg&quot;,&quot;800&quot;:&quot;https:\\\/\\\/lastatic.ams3.cdn.digitaloceanspaces.com\\\/2026\\\/04\\\/7d2454ee-bef0-45ad-a83e-51609e13d709-800x533.jpg&quot;,&quot;1800&quot;:&quot;https:\\\/\\\/lastatic.ams3.cdn.digitaloceanspaces.com\\\/2026\\\/04\\\/7d2454ee-bef0-45ad-a83e-51609e13d709.jpg&quot;}\" data-focuspoint=\"&quot;&quot;\" data-p=\"2602452\" href=\"https:\/\/www.la.lv\/tomatu-sezona-rit-pilna-spara-bet-est-tos-katru-dienu-var-but-bistami-eksperti-nosauc-5-riskus\" class=\"content-item lazy-load\" wp_automatic_readability=\"27\" rel=\"nofollow noopener\" target=\"_blank\"><\/p>\n<p>                                <img decoding=\"async\" src=\"\" alt=\"\" style=\"\" data-imageid=\"\"\/><\/p>\n<p>                                Veselam<\/p>\n<p>\n                                                                                Tom\u0101tu sezona rit piln\u0101 spar\u0101, bet \u0113st tos katru dienu var b\u016bt b\u012bstami. Eksperti nosauc 5 riskus\n                            <\/p>\n<p><\/a><a data-imagesrc=\"{&quot;300&quot;:&quot;https:\\\/\\\/lastatic.ams3.cdn.digitaloceanspaces.com\\\/2026\\\/09\\\/Ekranuznemums-2026-09-01-113314-300x199.png&quot;,&quot;1024&quot;:&quot;https:\\\/\\\/lastatic.ams3.cdn.digitaloceanspaces.com\\\/2026\\\/09\\\/Ekranuznemums-2026-09-01-113314-1024x679.png&quot;,&quot;1536&quot;:&quot;https:\\\/\\\/lastatic.ams3.cdn.digitaloceanspaces.com\\\/2026\\\/09\\\/Ekranuznemums-2026-09-01-113314-1536x1018.png&quot;,&quot;500&quot;:&quot;https:\\\/\\\/lastatic.ams3.cdn.digitaloceanspaces.com\\\/2026\\\/09\\\/Ekranuznemums-2026-09-01-113314-500x331.png&quot;,&quot;800&quot;:&quot;https:\\\/\\\/lastatic.ams3.cdn.digitaloceanspaces.com\\\/2026\\\/09\\\/Ekranuznemums-2026-09-01-113314-800x530.png&quot;,&quot;1934&quot;:&quot;https:\\\/\\\/lastatic.ams3.cdn.digitaloceanspaces.com\\\/2026\\\/09\\\/Ekranuznemums-2026-09-01-113314.png&quot;}\" data-focuspoint=\"&quot;&quot;\" data-p=\"2602429\" href=\"https:\/\/www.la.lv\/8-lietas-kas-80-un-90-gados-bija-pilnigi-normalas-bet-musdienas-skistu-loti-divainas\" class=\"content-item lazy-load\" wp_automatic_readability=\"27\" rel=\"nofollow noopener\" target=\"_blank\"><\/p>\n<p>                                <img decoding=\"async\" src=\"\" alt=\"\" style=\"\" data-imageid=\"\"\/><\/p>\n<p>                                Kokteilis<\/p>\n<p>\n                                                                                8 lietas, kas 80. un 90. gados bija piln\u012bgi norm\u0101las, bet m\u016bsdien\u0101s \u0161\u0137istu \u013coti d\u012bvainas\n                            <\/p>\n<p><\/a><a data-imagesrc=\"{&quot;300&quot;:&quot;https:\\\/\\\/lastatic.ams3.cdn.digitaloceanspaces.com\\\/2019\\\/06\\\/47RS190625A627-1-300x201.jpg&quot;,&quot;768&quot;:&quot;https:\\\/\\\/lastatic.ams3.cdn.digitaloceanspaces.com\\\/2019\\\/06\\\/47RS190625A627-1-768x515.jpg&quot;,&quot;200&quot;:&quot;https:\\\/\\\/lastatic.ams3.cdn.digitaloceanspaces.com\\\/2019\\\/06\\\/47RS190625A627-1-200x134.jpg&quot;,&quot;400&quot;:&quot;https:\\\/\\\/lastatic.ams3.cdn.digitaloceanspaces.com\\\/2019\\\/06\\\/47RS190625A627-1-400x268.jpg&quot;,&quot;500&quot;:&quot;https:\\\/\\\/lastatic.ams3.cdn.digitaloceanspaces.com\\\/2019\\\/06\\\/47RS190625A627-1-500x335.jpg&quot;,&quot;800&quot;:&quot;https:\\\/\\\/lastatic.ams3.cdn.digitaloceanspaces.com\\\/2019\\\/06\\\/47RS190625A627-1-800x536.jpg&quot;,&quot;1000&quot;:&quot;https:\\\/\\\/lastatic.ams3.cdn.digitaloceanspaces.com\\\/2019\\\/06\\\/47RS190625A627-1.jpg&quot;}\" data-focuspoint=\"&quot;&quot;\" data-p=\"2602366\" href=\"https:\/\/www.la.lv\/trampa-administracijas-negaidits-solis-sadusmo-eiropu-ministri-piesaka-boikotu\" class=\"content-item lazy-load\" wp_automatic_readability=\"26\" rel=\"nofollow noopener\" target=\"_blank\"><\/p>\n<p>                                <img decoding=\"async\" src=\"\" alt=\"\" style=\"\" data-imageid=\"\"\/><\/p>\n<p>\n                                                                                Trampa administr\u0101cijas negaid\u012bts solis sadusmo Eiropu; ministri piesaka boikotu\n                            <\/p>\n<p><\/a><br \/>\n        <a class=\"read-more\" href=\"https:\/\/www.la.lv\/top\" rel=\"nofollow noopener\" target=\"_blank\">Las\u012bt citas zi\u0146as<\/a><\/p>\n<p>LSM valde izv\u0113rt\u0113jusi v\u0113tras laik\u0101 satura veido\u0161an\u0101 iesaist\u012bto atbild\u012bgo darbinieku r\u012bc\u012bbu, \u0146emot v\u0113r\u0101 katra darbinieka amata pien\u0101kumus, pilnvaras, profesion\u0101lo atbild\u012bbu, faktisko r\u012bc\u012bbu konkr\u0113taj\u0101 situ\u0101cij\u0101 un sniegtos paskaidrojumus.<\/p>\n<p>P\u0101r\u0113jiem izv\u0113rt\u0113\u0161an\u0101 iesaist\u012btajiem darbiniekiem izteikti mutiski aizr\u0101d\u012bjumi. Izv\u0113rt\u0113jot katra darbinieka r\u012bc\u012bbu un atbild\u012bbu, valde nav konstat\u0113jusi pamatu darba tiesisko attiec\u012bbu izbeig\u0161anai.<\/p>\n<p>    CITI \u0160OBR\u012aD LASA<\/p>\n<p>Izv\u0113rt\u0113jum\u0101 secin\u0101ts, ka v\u0113tras laik\u0101 situ\u0101cijas nopietn\u012bba netika nov\u0113rt\u0113ta pietiekami \u0101tri un laikus netika pie\u0146emti l\u0113mumi par satura un programmu piel\u0101go\u0161anu.<\/p>\n<p>Reiz\u0113 valde secin\u0101jusi, ka notiku\u0161ais nav saist\u0101ms tikai ar atsevi\u0161\u0137u darbinieku r\u012bc\u012bbu. V\u0113tras laik\u0101 atkl\u0101ju\u0161\u0101s ar\u012b nepiln\u012bbas LSM iek\u0161\u0113j\u0101 sadarb\u012bb\u0101, l\u0113mumu pie\u0146em\u0161an\u0101 un sp\u0113j\u0101 operat\u012bvi piel\u0101got programmu situ\u0101cijas att\u012bst\u012bbai.<\/p>\n<p>T\u0101d\u0113\u013c l\u012bdztekus darbinieku individu\u0101l\u0101s atbild\u012bbas izv\u0113rt\u0113\u0161anai LSM p\u0101rskata kr\u012bzes situ\u0101ciju vad\u012bbas, l\u0113mumu pie\u0146em\u0161anas un redakciju sadarb\u012bbas k\u0101rt\u012bbu.<\/p>\n<p>Jau p\u0113c v\u0113tras LSM atzina, ka Latvijas Radio 1 kr\u012bzes s\u0101kum\u0101 nebija pien\u0101c\u012bgi nov\u0113rt\u0113jis situ\u0101cijas nopietn\u012bbu un nep\u0101rk\u0101rtoja darbu atbilsto\u0161i t\u0101s m\u0113rogam. Zi\u0146u izlaidumi tika nodro\u0161in\u0101ti un v\u0113l\u0101k to bie\u017eums palielin\u0101ts, tom\u0113r Latvijas Radio 1 programmai vajadz\u0113ja b\u016btiski \u0101tr\u0101k p\u0101riet uz pastiprin\u0101tu informat\u012bvo re\u017e\u012bmu.<\/p>\n<p>LSM uzsver, ka tas bija \u012bpa\u0161i noz\u012bm\u012bgi re\u0123ionos, kuros elektroapg\u0101des un elektronisko sakaru trauc\u0113jumu d\u0113\u013c radio bija teju vien\u012bgais pieejamais inform\u0101cijas avots.<\/p>\n<p>LSM pazi\u0146ojum\u0101 pau\u017e, ka turpina darbu pie izmai\u0146\u0101m, lai stiprin\u0101tu savstarp\u0113jo koordin\u0101ciju un l\u0113mumu pie\u0146em\u0161anu, k\u0101 ar\u012b kr\u012bzes situ\u0101cij\u0101s sp\u0113tu atbilsto\u0161i rea\u0123\u0113t uz notikumu att\u012bst\u012bbu un sabiedr\u012bbas vajadz\u012bbu p\u0113c inform\u0101cijas.<\/p>\n<p>K\u0101 v\u0113st\u012bts, jaut\u0101jums par sabiedrisk\u0101 medija darb\u012bbu kr\u012bzes situ\u0101cij\u0101s aktualiz\u0113jies p\u0113c diskusij\u0101m par LSM darbu v\u0113tras laik\u0101. Latvijas Radio Zi\u0146u dienesta kolekt\u012bvs atkl\u0101t\u0101 v\u0113stul\u0113 aicin\u0101ja izv\u0113rt\u0113t ne tikai dienesta un t\u0101 l\u012bdz\u0161in\u0113j\u0101 vad\u012bt\u0101ja U\u0123a L\u012bbie\u0161a, bet ar\u012b LSM valdes un galven\u0101s redaktores Braunas atbild\u012bbu par sabiedrisk\u0101 medija darbu kr\u012bzes laik\u0101. Ar Braunu v\u0113tras laik\u0101 bija p\u0101rtr\u016bku\u0161i sakari.<\/p>\n<p>V\u0113stul\u0113 kolekt\u012bvs atzinis, ka sabiedr\u012bba pietiekami \u0101tri un pilnv\u0113rt\u012bgi nesa\u0146\u0113ma inform\u0101ciju par notikumiem, reiz\u0113 uzsverot, ka probl\u0113mas esot biju\u0161as pla\u0161\u0101kas par viena cilv\u0113ka atbild\u012bbu. Darbinieki nor\u0101d\u012bju\u0161i uz nepiln\u012bb\u0101m darba koordin\u0113\u0161an\u0101, l\u0113mumu pie\u0146em\u0161an\u0101 un kr\u012bzes komunik\u0101cijas organiz\u0113\u0161an\u0101 p\u0113c Latvijas Radio un Latvijas Telev\u012bzijas apvieno\u0161anas.<\/p>\n<p>LSM iepriek\u0161 veiktaj\u0101 izv\u0113rt\u0113jum\u0101 secin\u0101ts, ka radio zi\u0146u segums sabiedr\u012bbas inform\u0113\u0161an\u0101 v\u0113tras izrais\u012bt\u0101s kr\u012bzes laik\u0101 nav bijis apmierino\u0161s. Uz\u0146emoties atbild\u012bbu par Latvijas Radio Zi\u0146u dienesta darbu \u0161aj\u0101 situ\u0101cij\u0101, L\u012bbietis pazi\u0146oja par atk\u0101p\u0161anos no amata.<\/p>\n<p>Latvij\u0101 22. august\u0101 un tai sekoju\u0161aj\u0101 nakt\u012b plos\u012bj\u0101s p\u0113d\u0113j\u0101s desmitgad\u0113s stipr\u0101k\u0101 vasaras v\u0113tra, kur\u0101 v\u0113ja \u0101trums viet\u0101m p\u0101rsniedza 30 metrus sekund\u0113. Negaiss izrais\u012bja pla\u0161us boj\u0101jumus gan sadales, gan p\u0101rvades elektrot\u012bkl\u0101, kuru rezult\u0101t\u0101 s\u0101kotn\u0113ji elektroapg\u0101de bija p\u0101rtraukta aptuveni 277 000 klientu Latvij\u0101, bet elektrot\u012bklu p\u0101rr\u0101vumiem daudzviet sekoja nepieejami sakari, degvielas uzpildes stacijas un viet\u0101m ar\u012b veikali.<\/p>\n<p>T\u0113mas<\/p>\n<p>    SAIST\u012aTIE RAKSTI<\/p>\n","protected":false},"excerpt":{"rendered":"Latvijas Radio m\u0101ja Doma laukum\u0101. FOTO: LETA Pievieno LA.LV Seko WhatsApp 18:06, 1. septembris 2026 Latvijas Sabiedrisk\u0101 medija&hellip;\n","protected":false},"author":2,"featured_media":282497,"comment_status":"","ping_status":"","sticky":false,"template":"","format":"standard","meta":{"footnotes":"","_share_on_mastodon":"0"},"categories":[5],"tags":[23,28,29,32,33,22,30,31,35,39,38,36,37,34,40,20,26,27,24,25,21],"class_list":["post-282496","post","type-post","status-publish","format-standard","has-post-thumbnail","category-aktualitates","tag-aktualitates","tag-breaking-news","tag-breakingnews","tag-featured-news","tag-featurednews","tag-headlines","tag-latest-news","tag-latestnews","tag-latvia","tag-latvian","tag-latviesu","tag-latviesu-valoda","tag-latviesuvaloda","tag-latvija","tag-lv","tag-news","tag-popularakas-zinas","tag-popularakaszinas","tag-top-stories","tag-topstories","tag-zinas"],"share_on_mastodon":{"url":"https:\/\/pubeurope.com\/@lv\/117197663985862918","error":""},"_links":{"self":[{"href":"https:\/\/www.europesays.com\/lv\/wp-json\/wp\/v2\/posts\/282496","targetHints":{"allow":["GET"]}}],"collection":[{"href":"https:\/\/www.europesays.com\/lv\/wp-json\/wp\/v2\/posts"}],"about":[{"href":"https:\/\/www.europesays.com\/lv\/wp-json\/wp\/v2\/types\/post"}],"author":[{"embeddable":true,"href":"https:\/\/www.europesays.com\/lv\/wp-json\/wp\/v2\/users\/2"}],"replies":[{"embeddable":true,"href":"https:\/\/www.europesays.com\/lv\/wp-json\/wp\/v2\/comments?post=282496"}],"version-history":[{"count":0,"href":"https:\/\/www.europesays.com\/lv\/wp-json\/wp\/v2\/posts\/282496\/revisions"}],"wp:featuredmedia":[{"embeddable":true,"href":"https:\/\/www.europesays.com\/lv\/wp-json\/wp\/v2\/media\/282497"}],"wp:attachment":[{"href":"https:\/\/www.europesays.com\/lv\/wp-json\/wp\/v2\/media?parent=282496"}],"wp:term":[{"taxonomy":"category","embeddable":true,"href":"https:\/\/www.europesays.com\/lv\/wp-json\/wp\/v2\/categories?post=282496"},{"taxonomy":"post_tag","embeddable":true,"href":"https:\/\/www.europesays.com\/lv\/wp-json\/wp\/v2\/tags?post=282496"}],"curies":[{"name":"wp","href":"https:\/\/api.w.org\/{rel}","templated":true}]}}