{"id":282504,"date":"2026-09-01T20:31:20","date_gmt":"2026-09-01T20:31:20","guid":{"rendered":"https:\/\/www.europesays.com\/lv\/282504\/"},"modified":"2026-09-01T20:31:20","modified_gmt":"2026-09-01T20:31:20","slug":"merkis-ir-viens-atgriezties-francijas-cempione-tomer-padodas-un-saks-jaunu-celu-no-pagraba","status":"publish","type":"post","link":"https:\/\/www.europesays.com\/lv\/282504\/","title":{"rendered":"\u201cM\u0113r\u0137is ir viens &#8211; atgriezties\u201d \u2013 Francijas \u010dempione tom\u0113r padodas un s\u0101ks jaunu ce\u013cu no \u201cpagraba\u201d"},"content":{"rendered":"<p>                                <img decoding=\"async\" src=\"https:\/\/www.europesays.com\/lv\/wp-content\/uploads\/2026\/09\/monaco-sportazinas-com-4-750x450.jpg\"   alt=\"Monaco\" class=\"post-featured-image\"\/><\/p>\n<p>Foto: &#8220;Monaco&#8221;<\/p>\n<p class=\"wp-block-paragraph\">Francijas \u010dempione basketbol\u0101 <a href=\"https:\/\/www.sportazinas.com\/atsl%C4%93gv%C4%81rdi\/monaco\/\" rel=\"nofollow noopener\" target=\"_blank\">\u201cMonaco\u201d<\/a> gaid\u0101maj\u0101 sezon\u0101 sp\u0113l\u0113s valsts p\u0113c sp\u0113ka tre\u0161aj\u0101 l\u012bg\u0101, <a href=\"https:\/\/basketnews.com\/news-254756-as-monaco-release-an-official-statement-after-eurocup-exit.html\" target=\"_blank\" rel=\"noreferrer noopener nofollow\">v\u0113sta<\/a> pazi\u0146ojums kluba m\u0101jaslap\u0101.<\/p>\n<p class=\"wp-block-paragraph\">Pazi\u0146ojum\u0101 teikts, ka klubs uzs\u0101cis sportisko, ekonomisko un soci\u0101lo p\u0101rb\u016bvi, kur\u0101 liela noz\u012bme b\u016bs \u201cMonaco\u201d jaunatnes akad\u0113mijai, un ka klubam ir viens m\u0113r\u0137is \u2013 atgriezties. \u201cCe\u013c\u0161 b\u016bs gar\u0161. Vajadz\u0113s daudz darba, paciet\u012bbas un vienot\u012bbas \u2013 vair\u0101k k\u0101 nekad. Bet apst\u0101k\u013ci var main\u012bties, nemainoties kluba identit\u0101tei, v\u0113rt\u012bb\u0101m un amb\u012bcij\u0101m,\u201d rakst\u012bts pazi\u0146ojum\u0101.<\/p>\n<p class=\"wp-block-paragraph\">Iepriek\u0161 v\u0113st\u012bts, ka jau pag\u0101ju\u0161\u0101s sezonas beig\u0101s \u201cMonaco\u201d saskar\u0101s ar nopietn\u0101m finansi\u0101l\u0101m probl\u0113m\u0101m \u2013 iemesls t\u0101m bija pret kluba \u012bpa\u0161nieku Alekseju Fedori\u010devu Ukrain\u0101 izvirz\u012btas aps\u016bdz\u012bbas par naudas atmazg\u0101\u0161anu un korupciju, kas noveda pie vi\u0146a kontu iesald\u0113\u0161anas un l\u012bdzek\u013cu konfisc\u0113\u0161anas.<\/p>\n<p class=\"wp-block-paragraph\">\u201cMonaco\u201d sp\u0113l\u0113t\u0101ji ilgsto\u0161i nesa\u0146\u0113ma algas, k\u0101 ar\u012b klubs nebija nor\u0113\u0137in\u0101jies ar pakalpojumu sniedz\u0113jiem un sp\u0113l\u0113t\u0101ju a\u0123entiem. \u0145emot v\u0113r\u0101 situ\u0101ciju, sezonas izska\u0146\u0101 vair\u0101ki sp\u0113l\u0113t\u0101ji, tostarp komandas l\u012bderis Maiks D\u017eeimss, boikot\u0113ja sp\u0113les, tom\u0113r par sp\u012bti tam klubs izc\u012bn\u012bja Francijas l\u012bgas \u010dempiontitulu.<\/p>\n<p class=\"wp-block-paragraph\">Augusta beig\u0101s k\u013cuva zin\u0101ms, ka Francijas basketbola feder\u0101cija (FFBB) izsl\u0113gusi \u201cMonaco\u201d no Francijas augst\u0101k\u0101s l\u012bgas dal\u012bbnieku saraksta, liedzot dal\u012bbu ar\u012b valsts p\u0113c sp\u0113ka otraj\u0101 l\u012bg\u0101, lai gan klubs apgalvoja, ka t\u0101 finansi\u0101lais st\u0101voklis ir iev\u0113rojami uzlabojies. Savuk\u0101rt \u0161odien k\u013cuva zin\u0101ms, ka klubs zaud\u0113jis savu vietu ar\u012b ULEB Eirokaus\u0101.<\/p>\n","protected":false},"excerpt":{"rendered":"Foto: &#8220;Monaco&#8221; Francijas \u010dempione basketbol\u0101 \u201cMonaco\u201d gaid\u0101maj\u0101 sezon\u0101 sp\u0113l\u0113s valsts p\u0113c sp\u0113ka tre\u0161aj\u0101 l\u012bg\u0101, v\u0113sta pazi\u0146ojums kluba m\u0101jaslap\u0101.&hellip;\n","protected":false},"author":2,"featured_media":282505,"comment_status":"","ping_status":"","sticky":false,"template":"","format":"standard","meta":{"footnotes":"","_share_on_mastodon":"0"},"categories":[5],"tags":[23,28,29,32,33,22,30,31,35,39,38,36,37,34,40,41811,20,26,27,24,25,21],"class_list":["post-282504","post","type-post","status-publish","format-standard","has-post-thumbnail","category-aktualitates","tag-aktualitates","tag-breaking-news","tag-breakingnews","tag-featured-news","tag-featurednews","tag-headlines","tag-latest-news","tag-latestnews","tag-latvia","tag-latvian","tag-latviesu","tag-latviesu-valoda","tag-latviesuvaloda","tag-latvija","tag-lv","tag-monaco","tag-news","tag-popularakas-zinas","tag-popularakaszinas","tag-top-stories","tag-topstories","tag-zinas"],"share_on_mastodon":{"url":"https:\/\/pubeurope.com\/@lv\/117197687261646638","error":""},"_links":{"self":[{"href":"https:\/\/www.europesays.com\/lv\/wp-json\/wp\/v2\/posts\/282504","targetHints":{"allow":["GET"]}}],"collection":[{"href":"https:\/\/www.europesays.com\/lv\/wp-json\/wp\/v2\/posts"}],"about":[{"href":"https:\/\/www.europesays.com\/lv\/wp-json\/wp\/v2\/types\/post"}],"author":[{"embeddable":true,"href":"https:\/\/www.europesays.com\/lv\/wp-json\/wp\/v2\/users\/2"}],"replies":[{"embeddable":true,"href":"https:\/\/www.europesays.com\/lv\/wp-json\/wp\/v2\/comments?post=282504"}],"version-history":[{"count":0,"href":"https:\/\/www.europesays.com\/lv\/wp-json\/wp\/v2\/posts\/282504\/revisions"}],"wp:featuredmedia":[{"embeddable":true,"href":"https:\/\/www.europesays.com\/lv\/wp-json\/wp\/v2\/media\/282505"}],"wp:attachment":[{"href":"https:\/\/www.europesays.com\/lv\/wp-json\/wp\/v2\/media?parent=282504"}],"wp:term":[{"taxonomy":"category","embeddable":true,"href":"https:\/\/www.europesays.com\/lv\/wp-json\/wp\/v2\/categories?post=282504"},{"taxonomy":"post_tag","embeddable":true,"href":"https:\/\/www.europesays.com\/lv\/wp-json\/wp\/v2\/tags?post=282504"}],"curies":[{"name":"wp","href":"https:\/\/api.w.org\/{rel}","templated":true}]}}