{"id":282528,"date":"2026-09-01T20:54:17","date_gmt":"2026-09-01T20:54:17","guid":{"rendered":"https:\/\/www.europesays.com\/lv\/282528\/"},"modified":"2026-09-01T20:54:17","modified_gmt":"2026-09-01T20:54:17","slug":"iespejams-nonavets-latvijas-motokrosa-legenda-normunds-erkulis-2","status":"publish","type":"post","link":"https:\/\/www.europesays.com\/lv\/282528\/","title":{"rendered":"Iesp\u0113jams, non\u0101v\u0113ts Latvijas motokrosa le\u0123enda Normunds \u0112rkulis"},"content":{"rendered":"<p>1960. gad\u0101 dzimu\u0161ais \u0112rkulis 1978. gad\u0101 k\u013cuva par PSRS \u010dempionu motokros\u0101 125 kubikcentimetru klas\u0113.<\/p>\n<p>Izdevniec\u012bbas &#8220;Kurzemes V\u0101rds&#8221; port\u0101ls &#8220;Liep\u0101jniekiem.lv&#8221;, atsaucoties uz t\u0101 r\u012bc\u012bb\u0101 non\u0101ku\u0161u neofici\u0101lu inform\u0101ciju, v\u0113sta, ka \u0112rkulis, iesp\u0113jams, non\u0101v\u0113ts ar vair\u0101kiem na\u017ea d\u016brieniem C\u012bravas pus\u0113.<\/p>\n<p>Valsts policij\u0101 a\u0123ent\u016bru LETA inform\u0113ja, ka 29. august\u0101 sa\u0146emta inform\u0101cija par l\u012b\u0137a atra\u0161anu Dienvidkurzemes novada La\u017eas pagast\u0101. Notikuma viet\u0101 konstat\u0113ts 1960. gad\u0101 dzimis v\u012brietis bez dz\u012bv\u012bbas paz\u012bm\u0113m. Par notiku\u0161o policij\u0101 s\u0101kts krimin\u0101lprocess un ir aiztur\u0113ta viena persona, kurai k\u0101 dro\u0161\u012bbas l\u012bdzeklis piem\u0113rots apcietin\u0101jums.<\/p>\n<p>Izmekl\u0113\u0161anas interes\u0113s policija patlaban no pla\u0161\u0101kiem koment\u0101riem atturas.<\/p>\n<p>&#8220;Liep\u0101jniekiem.lv&#8221; v\u0113sta, ka \u0112rkulis 20. gadsimta 70. un 80. gados se\u0161reiz k\u013cuvis par Latvijas \u010dempionu, ir izc\u012bn\u012bjis sudraba godalgu PSRS pieaugu\u0161o \u010dempion\u0101t\u0101, k\u0101 ar\u012b ticis pie visu triju kalumu meda\u013c\u0101m PSRS armijas meistarsac\u012bkst\u0113s.<\/p>\n<p>K\u0101 inform\u0113 LaMSF, atvad\u012b\u0161an\u0101s no \u0112rku\u013ca notiks piektdien, 4. septembr\u012b, plkst. 15 Liep\u0101j\u0101 L\u012bvas kaps\u0113tas kapli\u010d\u0101 Cenkones iel\u0101 18\/20.<\/p>\n","protected":false},"excerpt":{"rendered":"1960. gad\u0101 dzimu\u0161ais \u0112rkulis 1978. gad\u0101 k\u013cuva par PSRS \u010dempionu motokros\u0101 125 kubikcentimetru klas\u0113. Izdevniec\u012bbas &#8220;Kurzemes V\u0101rds&#8221; port\u0101ls&hellip;\n","protected":false},"author":2,"featured_media":282529,"comment_status":"","ping_status":"","sticky":false,"template":"","format":"standard","meta":{"footnotes":"","_share_on_mastodon":"0"},"categories":[12],"tags":[23,28,29,32,33,22,2161,30,31,35,39,38,36,37,34,40,578,165,20,26,27,24,25,21],"class_list":["post-282528","post","type-post","status-publish","format-standard","has-post-thumbnail","category-latvija","tag-aktualitates","tag-breaking-news","tag-breakingnews","tag-featured-news","tag-featurednews","tag-headlines","tag-in-memoriam","tag-latest-news","tag-latestnews","tag-latvia","tag-latvian","tag-latviesu","tag-latviesu-valoda","tag-latviesuvaloda","tag-latvija","tag-lv","tag-motokross","tag-motoru-sports","tag-news","tag-popularakas-zinas","tag-popularakaszinas","tag-top-stories","tag-topstories","tag-zinas"],"share_on_mastodon":{"url":"https:\/\/pubeurope.com\/@lv\/117197777608650358","error":""},"_links":{"self":[{"href":"https:\/\/www.europesays.com\/lv\/wp-json\/wp\/v2\/posts\/282528","targetHints":{"allow":["GET"]}}],"collection":[{"href":"https:\/\/www.europesays.com\/lv\/wp-json\/wp\/v2\/posts"}],"about":[{"href":"https:\/\/www.europesays.com\/lv\/wp-json\/wp\/v2\/types\/post"}],"author":[{"embeddable":true,"href":"https:\/\/www.europesays.com\/lv\/wp-json\/wp\/v2\/users\/2"}],"replies":[{"embeddable":true,"href":"https:\/\/www.europesays.com\/lv\/wp-json\/wp\/v2\/comments?post=282528"}],"version-history":[{"count":0,"href":"https:\/\/www.europesays.com\/lv\/wp-json\/wp\/v2\/posts\/282528\/revisions"}],"wp:featuredmedia":[{"embeddable":true,"href":"https:\/\/www.europesays.com\/lv\/wp-json\/wp\/v2\/media\/282529"}],"wp:attachment":[{"href":"https:\/\/www.europesays.com\/lv\/wp-json\/wp\/v2\/media?parent=282528"}],"wp:term":[{"taxonomy":"category","embeddable":true,"href":"https:\/\/www.europesays.com\/lv\/wp-json\/wp\/v2\/categories?post=282528"},{"taxonomy":"post_tag","embeddable":true,"href":"https:\/\/www.europesays.com\/lv\/wp-json\/wp\/v2\/tags?post=282528"}],"curies":[{"name":"wp","href":"https:\/\/api.w.org\/{rel}","templated":true}]}}