{"id":282544,"date":"2026-09-01T21:06:29","date_gmt":"2026-09-01T21:06:29","guid":{"rendered":"https:\/\/www.europesays.com\/lv\/282544\/"},"modified":"2026-09-01T21:06:29","modified_gmt":"2026-09-01T21:06:29","slug":"es-kritize-serbijas-planus-apglabat-mladicu-ar-valsts-godu","status":"publish","type":"post","link":"https:\/\/www.europesays.com\/lv\/282544\/","title":{"rendered":"ES kritiz\u0113 Serbijas pl\u0101nus apglab\u0101t Mladi\u010du ar valsts godu"},"content":{"rendered":"<p>Mladi\u010ds nomira ceturtdien, izcie\u0161ot m\u016b\u017ea ieslodz\u012bjumu H\u0101g\u0101 par kara noziegumiem, kas pastr\u0101d\u0101ti Bosnijas kar\u0101 devi\u0146desmitajos gados.<\/p>\n<p>&#8220;Attiec\u012bb\u0101 uz Ratko Mladi\u010du &#8211; kara noziedznieku glorific\u0113\u0161ana ir pretrun\u0101 Eiropas pamatv\u0113rt\u012bb\u0101m, un tai nav vietas nedz ES, nedz valst\u012bs, kas v\u0113las k\u013c\u016bt par t\u0101s dal\u012bbvalst\u012bm,&#8221; konferenc\u0113 Slov\u0113nij\u0101 \u017eurn\u0101listiem sac\u012bja Kosa.<\/p>\n<p>Serbijas tieslietu ministrs Nenads Vuji\u010ds piektdien pazi\u0146oja, ka Mladi\u010ds tiks apbed\u012bts &#8220;ar visu milit\u0101ro un valsts godu, kas vi\u0146am pien\u0101kas&#8221;.<\/p>\n<p>Serbijas amatpersonas gaida s\u012bk\u0101ku inform\u0101ciju par to, kad H\u0101gas iest\u0101des nodos miru\u0161\u0101 \u0137ermeni, pauda ministrs.<\/p>\n<p><a href=\"https:\/\/www.tvnet.lv\/term\/556893\/serbija\" class=\"topicLink\" target=\"_blank\" rel=\"nofollow noopener\">Serbija<\/a> ir viena no Balk\u0101nu valst\u012bm, kas v\u0113las pievienoties ES.<\/p>\n<p>Kosa sac\u012bja, ka 9. septembr\u012b dosies viz\u012bt\u0113 uz Serbiju.<\/p>\n<p>&#8220;Ratko Mladi\u010ds bija noties\u0101ts kara noziedznieks, kas izcieta m\u016b\u017ea ieslodz\u012bjumu par genoc\u012bdu Srebrenic\u0101 un noziegumiem pret cilv\u0113ci. Un tie\u0161i uz \u0161\u0101 pamata m\u0113s ar\u012b izv\u0113rt\u0113sim turpm\u0101ko situ\u0101cijas att\u012bst\u012bbu,&#8221; kl\u0101st\u012bja ES komis\u0101re.<\/p>\n","protected":false},"excerpt":{"rendered":"Mladi\u010ds nomira ceturtdien, izcie\u0161ot m\u016b\u017ea ieslodz\u012bjumu H\u0101g\u0101 par kara noziegumiem, kas pastr\u0101d\u0101ti Bosnijas kar\u0101 devi\u0146desmitajos gados. &#8220;Attiec\u012bb\u0101 uz&hellip;\n","protected":false},"author":2,"featured_media":282545,"comment_status":"","ping_status":"","sticky":false,"template":"","format":"standard","meta":{"footnotes":"","_share_on_mastodon":"0"},"categories":[14],"tags":[23,57,28,29,514,32,33,22,30,31,35,39,38,36,37,34,40,20,26,27,243,24,25,54,55,56,21,58],"class_list":["post-282544","post","type-post","status-publish","format-standard","has-post-thumbnail","category-zinas-no-arvalstim","tag-aktualitates","tag-arvalstim","tag-breaking-news","tag-breakingnews","tag-eiropas-savieniba","tag-featured-news","tag-featurednews","tag-headlines","tag-latest-news","tag-latestnews","tag-latvia","tag-latvian","tag-latviesu","tag-latviesu-valoda","tag-latviesuvaloda","tag-latvija","tag-lv","tag-news","tag-popularakas-zinas","tag-popularakaszinas","tag-serbija","tag-top-stories","tag-topstories","tag-world","tag-world-news","tag-worldnews","tag-zinas","tag-zinas-no-arvalstim"],"share_on_mastodon":{"url":"https:\/\/pubeurope.com\/@lv\/117197824762216756","error":""},"_links":{"self":[{"href":"https:\/\/www.europesays.com\/lv\/wp-json\/wp\/v2\/posts\/282544","targetHints":{"allow":["GET"]}}],"collection":[{"href":"https:\/\/www.europesays.com\/lv\/wp-json\/wp\/v2\/posts"}],"about":[{"href":"https:\/\/www.europesays.com\/lv\/wp-json\/wp\/v2\/types\/post"}],"author":[{"embeddable":true,"href":"https:\/\/www.europesays.com\/lv\/wp-json\/wp\/v2\/users\/2"}],"replies":[{"embeddable":true,"href":"https:\/\/www.europesays.com\/lv\/wp-json\/wp\/v2\/comments?post=282544"}],"version-history":[{"count":0,"href":"https:\/\/www.europesays.com\/lv\/wp-json\/wp\/v2\/posts\/282544\/revisions"}],"wp:featuredmedia":[{"embeddable":true,"href":"https:\/\/www.europesays.com\/lv\/wp-json\/wp\/v2\/media\/282545"}],"wp:attachment":[{"href":"https:\/\/www.europesays.com\/lv\/wp-json\/wp\/v2\/media?parent=282544"}],"wp:term":[{"taxonomy":"category","embeddable":true,"href":"https:\/\/www.europesays.com\/lv\/wp-json\/wp\/v2\/categories?post=282544"},{"taxonomy":"post_tag","embeddable":true,"href":"https:\/\/www.europesays.com\/lv\/wp-json\/wp\/v2\/tags?post=282544"}],"curies":[{"name":"wp","href":"https:\/\/api.w.org\/{rel}","templated":true}]}}