{"id":282674,"date":"2026-09-02T00:05:21","date_gmt":"2026-09-02T00:05:21","guid":{"rendered":"https:\/\/www.europesays.com\/lv\/282674\/"},"modified":"2026-09-02T00:05:21","modified_gmt":"2026-09-02T00:05:21","slug":"latvija-visus-titulus-sakrajusais-centrs-karjeru-turpinas-urugvajas-cempionata-basketbols-sportacentrs-com","status":"publish","type":"post","link":"https:\/\/www.europesays.com\/lv\/282674\/","title":{"rendered":"Latvij\u0101 visus titulus sakr\u0101ju\u0161ais centrs karjeru turpin\u0101s Urugvajas \u010dempion\u0101t\u0101 \u2013 Basketbols \u2013 Sportacentrs.com"},"content":{"rendered":"<p>Eidz\u0113js Pekers pag\u0101ju\u0161aj\u0101 sezon\u0101 k\u013cuva par p\u0113d\u0113jo &#8220;Valmiera Glass\/ViA&#8221; sast\u0101va papildin\u0101jumu. Jau sav\u0101 otraj\u0101 sp\u0113l\u0113 Latvijas kluba rind\u0101s Pekers k\u013cuva par Latvijas kausa ieguv\u0113ju. P\u0113c\u0101k sezonas gait\u0101 208 centimetrus garais basketbolists pal\u012bdz\u0113ja vidzemniekiem izc\u012bn\u012bt gan Latvijas &#8211; Igaunijas apvienot\u0101s l\u012bgas zeltu, gan ar\u012b Latvijas Basketbola l\u012bgas \u010dempiontitulu.<\/p>\n<p>34 gadus vec\u0101 basketbolista r\u0101d\u012bt\u0101ji apvienot\u0101s l\u012bgas turn\u012bra 12 aizvad\u012btaj\u0101s sp\u0113l\u0113s sniedz\u0101s l\u012bdz 14,1 punktam un 4,8 izc\u012bn\u012bt\u0101m atl\u0113ku\u0161aj\u0101m bumb\u0101m. Savuk\u0101rt LBL izsl\u0113g\u0161anas sp\u0113l\u0113s amerik\u0101\u0146u centrs izc\u0113l\u0101s ar 16,4 punktiem un 7,0 atl\u0113ku\u0161aj\u0101m bumb\u0101m devi\u0146\u0101s meda\u013cu c\u012b\u0146\u0101s. Pag\u0101ju\u0161\u0101s sezonas izska\u0146\u0101 amerik\u0101nis <a href=\"https:\/\/sportacentrs.com\/basketbols\/lbl\/14052026-pekers_zakis_nedara_neko_netiru_vins_vien\" target=\"_blank\" rel=\"nofollow noopener\">intervij\u0101 port\u0101lam Sportacentrs.com <\/a>atzina, ka iepriek\u0161 asto\u0146us gadus kop\u0101 ar \u0123imeni dz\u012bvojot It\u0101lij\u0101 ir iem\u012bl\u0113jis eiropejisko dz\u012bvesveidu.<\/p>\n<p>Tagad Pekers sav\u0101 Instagram kont\u0101 pav\u0113st\u012bjis par pievieno\u0161anos &#8220;Urunday Universitario&#8221; komandai, kas sp\u0113l\u0113 Urugvajas basketbola l\u012bg\u0101 (LUB). Iepriek\u0161\u0113j\u0101s divas sezonas Pekera jaun\u0101 komanda turn\u012br\u0101 ie\u0146\u0113ma dev\u012bto vietu.<\/p>\n<p>No pag\u0101ju\u0161aj\u0101 sezon\u0101 valmierie\u0161iem titulu izc\u012bn\u012bt pal\u012bdz\u0113ju\u0161ajiem basketbolistiem bosnie\u0161u centrs Omars Paji\u010ds devies uz V\u0101cijas p\u0113c sp\u0113ka otr\u0101s l\u012bgas komandu &#8220;G\u00f6ttingen&#8221;. Savuk\u0101rt viet\u0113jais sasp\u0113les vad\u012bt\u0101js Kristofers Karlsons devies uz &#8220;Ventspili&#8221;. Tikm\u0113r valmierie\u0161u pag\u0101ju\u0161\u0101s sezonas divi spo\u017e\u0101kie viessp\u0113l\u0113t\u0101ji Dominiks Ste\u0146onis un Anivaniva Teits-D\u017eounss l\u012bdz \u0161im p\u0113c publiski pieejam\u0101s inform\u0101cijas pie jauniem klubiem v\u0113l nav tiku\u0161i.<\/p>\n","protected":false},"excerpt":{"rendered":"Eidz\u0113js Pekers pag\u0101ju\u0161aj\u0101 sezon\u0101 k\u013cuva par p\u0113d\u0113jo &#8220;Valmiera Glass\/ViA&#8221; sast\u0101va papildin\u0101jumu. Jau sav\u0101 otraj\u0101 sp\u0113l\u0113 Latvijas kluba rind\u0101s&hellip;\n","protected":false},"author":2,"featured_media":282675,"comment_status":"","ping_status":"","sticky":false,"template":"","format":"standard","meta":{"footnotes":"","_share_on_mastodon":"0"},"categories":[17],"tags":[145,35,39,38,36,37,34,1313,1314,1312,40,67],"class_list":["post-282674","post","type-post","status-publish","format-standard","has-post-thumbnail","category-sports","tag-basketbols","tag-latvia","tag-latvian","tag-latviesu","tag-latviesu-valoda","tag-latviesuvaloda","tag-latvija","tag-latvijas-basketbola-liga","tag-latvijas-basketbols","tag-lbl","tag-lv","tag-sports"],"share_on_mastodon":{"url":"https:\/\/pubeurope.com\/@lv\/117198528575549794","error":""},"_links":{"self":[{"href":"https:\/\/www.europesays.com\/lv\/wp-json\/wp\/v2\/posts\/282674","targetHints":{"allow":["GET"]}}],"collection":[{"href":"https:\/\/www.europesays.com\/lv\/wp-json\/wp\/v2\/posts"}],"about":[{"href":"https:\/\/www.europesays.com\/lv\/wp-json\/wp\/v2\/types\/post"}],"author":[{"embeddable":true,"href":"https:\/\/www.europesays.com\/lv\/wp-json\/wp\/v2\/users\/2"}],"replies":[{"embeddable":true,"href":"https:\/\/www.europesays.com\/lv\/wp-json\/wp\/v2\/comments?post=282674"}],"version-history":[{"count":0,"href":"https:\/\/www.europesays.com\/lv\/wp-json\/wp\/v2\/posts\/282674\/revisions"}],"wp:featuredmedia":[{"embeddable":true,"href":"https:\/\/www.europesays.com\/lv\/wp-json\/wp\/v2\/media\/282675"}],"wp:attachment":[{"href":"https:\/\/www.europesays.com\/lv\/wp-json\/wp\/v2\/media?parent=282674"}],"wp:term":[{"taxonomy":"category","embeddable":true,"href":"https:\/\/www.europesays.com\/lv\/wp-json\/wp\/v2\/categories?post=282674"},{"taxonomy":"post_tag","embeddable":true,"href":"https:\/\/www.europesays.com\/lv\/wp-json\/wp\/v2\/tags?post=282674"}],"curies":[{"name":"wp","href":"https:\/\/api.w.org\/{rel}","templated":true}]}}