{"id":28270,"date":"2025-10-22T13:48:03","date_gmt":"2025-10-22T13:48:03","guid":{"rendered":"https:\/\/www.europesays.com\/lv\/28270\/"},"modified":"2025-10-22T13:48:03","modified_gmt":"2025-10-22T13:48:03","slug":"bijuso-francijas-prezidentu-cietuma-sarga-drosibas-dienests","status":"publish","type":"post","link":"https:\/\/www.europesays.com\/lv\/28270\/","title":{"rendered":"Biju\u0161o Francijas prezidentu cietum\u0101 sarg\u0101 dro\u0161\u012bbas dienests"},"content":{"rendered":"<p class=\"descr\">Francijas biju\u0161o prezidentu Nikol\u0101 Sarkoz\u012b, kas nule s\u0101cis izciest tiesas piespriesto sodu par nelikum\u012bgu priek\u0161v\u0113l\u0113\u0161anu kampa\u0146as finans\u0113\u0161anu, cietum\u0101 apsarg\u0101 divi dro\u0161\u012bbas dienesta darbinieki, tre\u0161dien pav\u0113st\u012bja iek\u0161lietu ministrs Lor\u0101ns Nunjess.<\/p>\n<p>Biju\u0161ajam valsts vad\u012bt\u0101jam parastos apst\u0101k\u013cos tiek nodro\u0161in\u0101ta &#8220;aizsardz\u012bba, \u0146emot v\u0113r\u0101 vi\u0146a statusu un pret vi\u0146u v\u0113rstos draudus&#8221;, un \u0161\u012b k\u0101rt\u012bba &#8220;patie\u0161\u0101m ir saglab\u0101ta apcietin\u0101jum\u0101&#8221;, <a href=\"https:\/\/nra.lv\/birka\/francija\/\" target=\"_blank\" rel=\"noopener nofollow\">Francijas<\/a> medijiem apliecin\u0101ja ministrs, apstiprinot to, ko avoti iepriek\u0161 bija paudu\u0161i zi\u0146u a\u0123ent\u016brai AFP.<\/p>\n<p>Sant\u0113 <a href=\"https:\/\/nra.lv\/birka\/cietums\/\" target=\"_blank\" rel=\"noopener nofollow\">cietum\u0101<\/a> Par\u012bz\u0113, kur Sarkoz\u012b tika ieslodz\u012bts otrdien, divi apsardzes darbinieki atrodas blakus kamer\u0101.<\/p>\n<p>Paredz\u0113ts, ka <a href=\"https:\/\/nra.lv\/birka\/nikola-sarkozi\/\" target=\"_blank\" rel=\"noopener nofollow\">Sarkoz\u012b<\/a> tiks tur\u0113ts devi\u0146u kvadr\u0101tmetru liel\u0101 vieninieka kamer\u0101, lai izvair\u012btos no kontakta ar citiem ieslodz\u012btajiem, AFP pav\u0113st\u012bja cietuma darbinieki.<\/p>\n<p>Vieninieka kamer\u0101 <a href=\"https:\/\/nra.lv\/birka\/ieslodzitie\/\" target=\"_blank\" rel=\"noopener nofollow\">ieslodz\u012btajiem<\/a> at\u013cauts iziet no kameras vienu reizi dien\u0101 un vienatn\u0113 pastaig\u0101ties neliel\u0101 pagalm\u0101. Sarkoz\u012b ar\u012b tr\u012bs reizes ned\u0113\u013c\u0101 b\u016bs at\u013cauti apmekl\u0113jumi.<\/p>\n<p>Cietumsodu Sarkoz\u012b s\u0101ka izciest otrdien.<\/p>\n<p>K\u0101 zi\u0146ots, <a href=\"https:\/\/nra.lv\/birka\/parize\/\" target=\"_blank\" rel=\"noopener nofollow\">Par\u012bzes<\/a> tiesa 25. septembr\u012b piesprieda 70 gadus vecajam Sarkoz\u012b piecu gadu cietumsodu, atz\u012bstot vi\u0146u par vain\u012bgu noziedz\u012bg\u0101 sazv\u0113rest\u012bb\u0101 saist\u012bb\u0101 ar nelikum\u012bga priek\u0161v\u0113l\u0113\u0161anu kampa\u0146as finans\u0113juma sa\u0146em\u0161anu no L\u012bbijas diktatora Muamara Kadafi.<\/p>\n<p>Vi\u0146\u0161 k\u013cuvis par pirmo biju\u0161o Francijas prezidentu p\u0113c Otr\u0101 pasaules kara un par pirmo Eiropas Savien\u012bbas (<a href=\"https:\/\/nra.lv\/birka\/eiropas-savieniba\/\" target=\"_blank\" rel=\"noopener nofollow\">ES<\/a>) dal\u012bbvalsts galvu, kas non\u0101cis aiz rest\u0113m.<\/p>\n<p>Sarkoz\u012b ir noliedzis savu vainu un <a href=\"https:\/\/nra.lv\/birka\/tiesas-spriedums\/\" target=\"_blank\" rel=\"noopener nofollow\">spriedumu<\/a> p\u0101rs\u016bdz\u0113jis jau t\u016bl\u012bt p\u0113c t\u0101 pasludin\u0101\u0161ana, un tuv\u0101ko m\u0113ne\u0161u laik\u0101 sagaid\u0101ma vi\u0146a lietas atk\u0101rtota izskat\u012b\u0161ana.<\/p>\n<p>Sant\u0113 cietum\u0101 ir atsevi\u0161\u0137a zona ieslodz\u012btajiem, kam nepiecie\u0161ama \u012bpa\u0161a aizsardz\u012bba, piem\u0113ram, <a href=\"https:\/\/nra.lv\/birka\/slavenibas\/\" target=\"_blank\" rel=\"noopener nofollow\">slaven\u012bb\u0101m<\/a>.<\/p>\n<p>\u0145emot v\u0113r\u0101 vi\u0146a vecumu, Sarkoz\u012b var pieteikties nosac\u012btai atbr\u012bvo\u0161anai uzreiz p\u0113c non\u0101k\u0161anas cietum\u0101. Francij\u0101 \u0161\u0101da iesp\u0113ja ir ieslodz\u012btajiem, kas ir vec\u0101ki par 70 gadiem.<\/p>\n<p>Francijas prezidents <a href=\"https:\/\/nra.lv\/birka\/emanuels-makrons\/\" target=\"_blank\" rel=\"noopener nofollow\">Emanuels Makrons<\/a> piektdien uz\u0146\u0113ma Sarkoz\u012b Elizejas pil\u012b, un Francijas tieslietu ministrs \u017deralds Darman\u0113ns sol\u012bjis apmekl\u0113t vi\u0146u cietum\u0101.<\/p>\n<p>\t\t\t\t\t\tinfo<\/p>\n<p>Uzzini pirmais<br \/>kas interesants noticis Latvij\u0101 un pasaul\u0113,<br \/>pievienojoties mums <a href=\"https:\/\/t.me\/neatkariga\" rel=\"nofollow\">Telegram<\/a> vai <a href=\"https:\/\/whatsapp.com\/channel\/0029VaMLFUH5K3zLU5s4wm3y\" rel=\"nofollow noopener\" target=\"_blank\">Whatsapp<\/a> kan\u0101l\u0101<\/p>\n","protected":false},"excerpt":{"rendered":"Francijas biju\u0161o prezidentu Nikol\u0101 Sarkoz\u012b, kas nule s\u0101cis izciest tiesas piespriesto sodu par nelikum\u012bgu priek\u0161v\u0113l\u0113\u0161anu kampa\u0146as finans\u0113\u0161anu, cietum\u0101&hellip;\n","protected":false},"author":2,"featured_media":28271,"comment_status":"","ping_status":"","sticky":false,"template":"","format":"standard","meta":{"footnotes":""},"categories":[14],"tags":[23,57,28,29,32,33,22,30,31,35,39,38,36,37,34,40,20,26,27,24,25,54,55,56,21,58],"class_list":{"0":"post-28270","1":"post","2":"type-post","3":"status-publish","4":"format-standard","5":"has-post-thumbnail","7":"category-zinas-no-arvalstim","8":"tag-aktualitates","9":"tag-arvalstim","10":"tag-breaking-news","11":"tag-breakingnews","12":"tag-featured-news","13":"tag-featurednews","14":"tag-headlines","15":"tag-latest-news","16":"tag-latestnews","17":"tag-latvia","18":"tag-latvian","19":"tag-latviesu","20":"tag-latviesu-valoda","21":"tag-latviesuvaloda","22":"tag-latvija","23":"tag-lv","24":"tag-news","25":"tag-popularakas-zinas","26":"tag-popularakaszinas","27":"tag-top-stories","28":"tag-topstories","29":"tag-world","30":"tag-world-news","31":"tag-worldnews","32":"tag-zinas","33":"tag-zinas-no-arvalstim"},"share_on_mastodon":{"url":"","error":""},"_links":{"self":[{"href":"https:\/\/www.europesays.com\/lv\/wp-json\/wp\/v2\/posts\/28270","targetHints":{"allow":["GET"]}}],"collection":[{"href":"https:\/\/www.europesays.com\/lv\/wp-json\/wp\/v2\/posts"}],"about":[{"href":"https:\/\/www.europesays.com\/lv\/wp-json\/wp\/v2\/types\/post"}],"author":[{"embeddable":true,"href":"https:\/\/www.europesays.com\/lv\/wp-json\/wp\/v2\/users\/2"}],"replies":[{"embeddable":true,"href":"https:\/\/www.europesays.com\/lv\/wp-json\/wp\/v2\/comments?post=28270"}],"version-history":[{"count":0,"href":"https:\/\/www.europesays.com\/lv\/wp-json\/wp\/v2\/posts\/28270\/revisions"}],"wp:featuredmedia":[{"embeddable":true,"href":"https:\/\/www.europesays.com\/lv\/wp-json\/wp\/v2\/media\/28271"}],"wp:attachment":[{"href":"https:\/\/www.europesays.com\/lv\/wp-json\/wp\/v2\/media?parent=28270"}],"wp:term":[{"taxonomy":"category","embeddable":true,"href":"https:\/\/www.europesays.com\/lv\/wp-json\/wp\/v2\/categories?post=28270"},{"taxonomy":"post_tag","embeddable":true,"href":"https:\/\/www.europesays.com\/lv\/wp-json\/wp\/v2\/tags?post=28270"}],"curies":[{"name":"wp","href":"https:\/\/api.w.org\/{rel}","templated":true}]}}