{"id":282766,"date":"2026-09-02T02:26:25","date_gmt":"2026-09-02T02:26:25","guid":{"rendered":"https:\/\/www.europesays.com\/lv\/282766\/"},"modified":"2026-09-02T02:26:25","modified_gmt":"2026-09-02T02:26:25","slug":"pirmie-signali-ka-bernam-skola-klajas-grutak-ka-tos-laikus-pamanit","status":"publish","type":"post","link":"https:\/\/www.europesays.com\/lv\/282766\/","title":{"rendered":"Pirmie sign\u0101li, ka b\u0113rnam skol\u0101 kl\u0101jas gr\u016bt\u0101k: k\u0101 tos laikus paman\u012bt?"},"content":{"rendered":"<p>Skolas darbinieki un \u0123imene b\u0113rnu redz piln\u012bgi cit\u0101 vid\u0113 nek\u0101 m\u0101j\u0101s, at\u0161\u0137ir\u012bg\u0101s situ\u0101cij\u0101s, t\u0101p\u0113c abu pu\u0161u nov\u0113rojumi var papildin\u0101t viens otru. Skolot\u0101ji b\u0113rnu ikdien\u0101 redz struktur\u0113t\u0101 vid\u0113 un vienaud\u017eu grup\u0101, t\u0101d\u0113\u013c nereti pirmie pamana, piem\u0113ram, soci\u0101lo izol\u0113\u0161anos, izmai\u0146as draugu lok\u0101, gr\u016bt\u012bbas sadarboties, uzman\u012bbas notur\u0113\u0161anas probl\u0113mas, motiv\u0101cijas zudumu vai bie\u017e\u0101kus konfliktus. Savuk\u0101rt m\u0101j\u0101s b\u0113rns var justies dro\u0161\u0101k un uzvesties cit\u0101di, t\u0101p\u0113c vec\u0101kiem \u0161\u012bs p\u0101rmai\u0146as var neb\u016bt tik ac\u012bmredzamas.<\/p>\n<p>Veiksm\u012bga sadarb\u012bba pal\u012bdz p\u0101rmai\u0146as paman\u012bt savlaic\u012bgi<\/p>\n<p>\u201cVisefekt\u012bv\u0101kie risin\u0101jumi rodas tad, kad <a href=\"https:\/\/www.tvnet.lv\/term\/555665\/skola\" class=\"topicLink\" target=\"_blank\" rel=\"nofollow noopener\">skola<\/a> un \u0123imene darbojas k\u0101 viena komanda. Veiksm\u012bga sadarb\u012bba noz\u012bm\u0113 regul\u0101ru, savlaic\u012bgu un abpus\u0113ji cie\u0146pilnu inform\u0101cijas apmai\u0146u. Svar\u012bgi, lai gan vec\u0101ki, gan skola negaida probl\u0113mu saasin\u0101\u0161anos, bet dal\u0101s nov\u0113rojumos jau pie pirmaj\u0101m ba\u017e\u0101m,\u201d uzsver projekta \u201cSkola-kopien\u0101\u201d eksperte Liesma Ose.<\/p>\n<p>Ne katra b\u0113rna uzved\u012bbas izmai\u0146a liecina par nopietn\u0101m gr\u016bt\u012bb\u0101m. Piel\u0101go\u0161an\u0101s skolas ritmam var pras\u012bt divas l\u012bdz \u010detras ned\u0113\u013cas, t\u0101p\u0113c b\u016btiski v\u0113rt\u0113t nevis vienu atsevi\u0161\u0137u epizodi, bet gan to, cik ilgi p\u0101rmai\u0146as saglab\u0101jas un k\u0101 t\u0101s ietekm\u0113 b\u0113rna ikdienu. Skol\u0101 t\u0101s var izpausties k\u0101 nev\u0113l\u0113\u0161an\u0101s iesaist\u012bties m\u0101c\u012bb\u0101s, gr\u016bt\u012bbas koncentr\u0113ties, bie\u017e\u0101ki konflikti, nosl\u0113g\u0161an\u0101s vai sekmju pasliktin\u0101\u0161an\u0101s. Ta\u010du svar\u012bg\u0101kais ir nevis atsevi\u0161\u0137s sign\u0101ls, bet p\u0101rmai\u0146as kopum\u0101 un tas, vai t\u0101s saglab\u0101jas ilg\u0101k\u0101 laik\u0101. \u0160eit \u012bpa\u0161i noz\u012bm\u012bga ir vec\u0101ku un skolas savstarp\u0113j\u0101 sazi\u0146a, jo vien\u0101 vid\u0113 paman\u012btais var pal\u012bdz\u0113t lab\u0101k izprast b\u0113rna uzved\u012bbu ar\u012b otr\u0101 un r\u012bkoties savlaic\u012bgi.<\/p>\n","protected":false},"excerpt":{"rendered":"Skolas darbinieki un \u0123imene b\u0113rnu redz piln\u012bgi cit\u0101 vid\u0113 nek\u0101 m\u0101j\u0101s, at\u0161\u0137ir\u012bg\u0101s situ\u0101cij\u0101s, t\u0101p\u0113c abu pu\u0161u nov\u0113rojumi var&hellip;\n","protected":false},"author":2,"featured_media":282767,"comment_status":"","ping_status":"","sticky":false,"template":"","format":"standard","meta":{"footnotes":"","_share_on_mastodon":"0"},"categories":[5],"tags":[42285,23,28,29,32,33,22,30,31,35,39,38,36,37,34,40,20,26,27,49,24,25,21,42224],"class_list":["post-282766","post","type-post","status-publish","format-standard","has-post-thumbnail","category-aktualitates","tag-1-septembris","tag-aktualitates","tag-breaking-news","tag-breakingnews","tag-featured-news","tag-featurednews","tag-headlines","tag-latest-news","tag-latestnews","tag-latvia","tag-latvian","tag-latviesu","tag-latviesu-valoda","tag-latviesuvaloda","tag-latvija","tag-lv","tag-news","tag-popularakas-zinas","tag-popularakaszinas","tag-skola","tag-top-stories","tag-topstories","tag-zinas","tag-zinibu-diena"],"share_on_mastodon":{"url":"https:\/\/pubeurope.com\/@lv\/117199082890504292","error":""},"_links":{"self":[{"href":"https:\/\/www.europesays.com\/lv\/wp-json\/wp\/v2\/posts\/282766","targetHints":{"allow":["GET"]}}],"collection":[{"href":"https:\/\/www.europesays.com\/lv\/wp-json\/wp\/v2\/posts"}],"about":[{"href":"https:\/\/www.europesays.com\/lv\/wp-json\/wp\/v2\/types\/post"}],"author":[{"embeddable":true,"href":"https:\/\/www.europesays.com\/lv\/wp-json\/wp\/v2\/users\/2"}],"replies":[{"embeddable":true,"href":"https:\/\/www.europesays.com\/lv\/wp-json\/wp\/v2\/comments?post=282766"}],"version-history":[{"count":0,"href":"https:\/\/www.europesays.com\/lv\/wp-json\/wp\/v2\/posts\/282766\/revisions"}],"wp:featuredmedia":[{"embeddable":true,"href":"https:\/\/www.europesays.com\/lv\/wp-json\/wp\/v2\/media\/282767"}],"wp:attachment":[{"href":"https:\/\/www.europesays.com\/lv\/wp-json\/wp\/v2\/media?parent=282766"}],"wp:term":[{"taxonomy":"category","embeddable":true,"href":"https:\/\/www.europesays.com\/lv\/wp-json\/wp\/v2\/categories?post=282766"},{"taxonomy":"post_tag","embeddable":true,"href":"https:\/\/www.europesays.com\/lv\/wp-json\/wp\/v2\/tags?post=282766"}],"curies":[{"name":"wp","href":"https:\/\/api.w.org\/{rel}","templated":true}]}}