{"id":282824,"date":"2026-09-02T05:02:08","date_gmt":"2026-09-02T05:02:08","guid":{"rendered":"https:\/\/www.europesays.com\/lv\/282824\/"},"modified":"2026-09-02T05:02:08","modified_gmt":"2026-09-02T05:02:08","slug":"vacijas-meklets-narkotiku-kontrabandas-magnats-notverts-malaga","status":"publish","type":"post","link":"https:\/\/www.europesays.com\/lv\/282824\/","title":{"rendered":"V\u0101cijas mekl\u0113ts narkotiku kontrabandas magn\u0101ts notverts Malag\u0101"},"content":{"rendered":"<p>V\u012brietis, uz kuru attiecas V\u0101cijas izdots Eiropas aiztur\u0113\u0161anas orderis par narkotiku kontrabandu un organiz\u0113to noziedz\u012bbu, tika notverts Sp\u0101nijas dienvidu pils\u0113t\u0101 Malag\u0101 sadarb\u012bb\u0101 ar V\u0101cijas Feder\u0101lo krimin\u0101lpolicijas biroju (BKA).<\/p>\n<p>Ofici\u0101la inform\u0101cija par vi\u0146a identit\u0101ti netika public\u0113ta, bet telekan\u0101ls &#8220;Telecinco&#8221; un citi Sp\u0101nijas mediji zi\u0146oja, ka \u0161is v\u012brietis ir 38 gadus vecs un c\u0113lies no Pakist\u0101nas. Netika ar\u012b izpausts, kurai V\u0101cijas prokurat\u016brai ir jurisdikcija \u0161aj\u0101 liet\u0101.<\/p>\n<p>Izmekl\u0113\u0161ana s\u0101k\u0101s 2025. gad\u0101, kad tika ieg\u016btas nor\u0101des, ka \u0161is b\u0113gu\u013cojo\u0161ais v\u012brietis var\u0113tu b\u016bt Sp\u0101nij\u0101, kur vi\u0146\u0161 iepriek\u0161 bija dz\u012bvojis. Vi\u0146a vad\u012btajai noziedz\u012bgajai organiz\u0101cijai tur ar\u012b bija noliktava, kur <a href=\"https:\/\/www.apollo.lv\/term\/555889\/narkotikas\" class=\"topicLink\" target=\"_blank\" rel=\"nofollow noopener\">narkotikas<\/a> tika iekrautas kravas ma\u0161\u012bn\u0101s un caur Franciju tika aizvestas uz V\u0101ciju.<\/p>\n<p>Narkotiku magn\u0101ts bija \u012bstenojis gal\u0113jus piesardz\u012bbas pas\u0101kumus, lai netiktu atrasts. Vi\u0146\u0161 ik pa div\u0101m ned\u0113\u013c\u0101m main\u012bja sava t\u0101lru\u0146a numuru, k\u0101 ar\u012b reizi tr\u012bs m\u0113ne\u0161os main\u012bja savu identit\u0101ti.<\/p>\n<p>Vi\u0146\u0161 ar\u012b bija pabeidzis kiberdro\u0161\u012bbas kursu Turcij\u0101, kur bija apguvis metodes, kas \u013c\u0101va nov\u0113rst vi\u0146a atra\u0161an\u0101s vietas izseko\u0161anu caur oper\u0101ciju sist\u0113m\u0101m, ier\u012bc\u0113m un soci\u0101lajiem medijiem.<\/p>\n<p>Izmekl\u0113\u0161ana s\u0101kotn\u0113ji aizveda detekt\u012bvus pie \u0161\u012b v\u012brie\u0161a br\u0101\u013ca. P\u0113c vair\u0101kas dienas ilgas nov\u0113ro\u0161anas un izseko\u0161anas da\u017e\u0101d\u0101s Sp\u0101nijas provinc\u0113s \u0161\u012bs v\u012brietis tika atrasts k\u0101 pasa\u017eieris sava br\u0101\u013ca automobil\u012b Malag\u0101 un tika aiztur\u0113ts 24. august\u0101.<\/p>\n","protected":false},"excerpt":{"rendered":"V\u012brietis, uz kuru attiecas V\u0101cijas izdots Eiropas aiztur\u0113\u0161anas orderis par narkotiku kontrabandu un organiz\u0113to noziedz\u012bbu, tika notverts Sp\u0101nijas&hellip;\n","protected":false},"author":2,"featured_media":282825,"comment_status":"","ping_status":"","sticky":false,"template":"","format":"standard","meta":{"footnotes":"","_share_on_mastodon":"0"},"categories":[14],"tags":[23,57,28,29,32,33,22,995,30,31,35,39,38,36,37,34,40,359,20,26,27,1670,24,25,299,54,55,56,21,58],"class_list":["post-282824","post","type-post","status-publish","format-standard","has-post-thumbnail","category-zinas-no-arvalstim","tag-aktualitates","tag-arvalstim","tag-breaking-news","tag-breakingnews","tag-featured-news","tag-featurednews","tag-headlines","tag-kontrabanda","tag-latest-news","tag-latestnews","tag-latvia","tag-latvian","tag-latviesu","tag-latviesu-valoda","tag-latviesuvaloda","tag-latvija","tag-lv","tag-narkotikas","tag-news","tag-popularakas-zinas","tag-popularakaszinas","tag-spanija","tag-top-stories","tag-topstories","tag-vacija","tag-world","tag-world-news","tag-worldnews","tag-zinas","tag-zinas-no-arvalstim"],"share_on_mastodon":{"url":"https:\/\/pubeurope.com\/@lv\/117199696353108587","error":""},"_links":{"self":[{"href":"https:\/\/www.europesays.com\/lv\/wp-json\/wp\/v2\/posts\/282824","targetHints":{"allow":["GET"]}}],"collection":[{"href":"https:\/\/www.europesays.com\/lv\/wp-json\/wp\/v2\/posts"}],"about":[{"href":"https:\/\/www.europesays.com\/lv\/wp-json\/wp\/v2\/types\/post"}],"author":[{"embeddable":true,"href":"https:\/\/www.europesays.com\/lv\/wp-json\/wp\/v2\/users\/2"}],"replies":[{"embeddable":true,"href":"https:\/\/www.europesays.com\/lv\/wp-json\/wp\/v2\/comments?post=282824"}],"version-history":[{"count":0,"href":"https:\/\/www.europesays.com\/lv\/wp-json\/wp\/v2\/posts\/282824\/revisions"}],"wp:featuredmedia":[{"embeddable":true,"href":"https:\/\/www.europesays.com\/lv\/wp-json\/wp\/v2\/media\/282825"}],"wp:attachment":[{"href":"https:\/\/www.europesays.com\/lv\/wp-json\/wp\/v2\/media?parent=282824"}],"wp:term":[{"taxonomy":"category","embeddable":true,"href":"https:\/\/www.europesays.com\/lv\/wp-json\/wp\/v2\/categories?post=282824"},{"taxonomy":"post_tag","embeddable":true,"href":"https:\/\/www.europesays.com\/lv\/wp-json\/wp\/v2\/tags?post=282824"}],"curies":[{"name":"wp","href":"https:\/\/api.w.org\/{rel}","templated":true}]}}