{"id":283018,"date":"2026-09-02T08:17:08","date_gmt":"2026-09-02T08:17:08","guid":{"rendered":"https:\/\/www.europesays.com\/lv\/283018\/"},"modified":"2026-09-02T08:17:08","modified_gmt":"2026-09-02T08:17:08","slug":"arlietu-ministrija-sniedz-jaunako-informaciju-par-pedejo-sazinu-ar-latvijas-turistu-grupu-nepala","status":"publish","type":"post","link":"https:\/\/www.europesays.com\/lv\/283018\/","title":{"rendered":"\u0100rlietu ministrija sniedz jaun\u0101ko inform\u0101ciju par p\u0113d\u0113jo sazi\u0146u ar Latvijas t\u016bristu grupu Nep\u0101l\u0101"},"content":{"rendered":"<p>Medne inform\u0113, ka Goda konsuls vakardienas atskait\u0113 zi\u0146ojis, ka pirms sakaru pazu\u0161anas p\u0113d\u0113j\u0101 sazi\u0146a ar liel\u0101k\u0101s Latvijas t\u016bristu grupas gidu notikusi pulksten 8.38, kad gids pa telefonu sazin\u0101jies ar savu br\u0101li Katmandu. Tas noticis robe\u017epunkt\u0101 \u0136\u012bnas pus\u0113. Tikm\u0113r Eiropas Savien\u012bbas dienesti zi\u0146o, ka p\u0113d\u0113j\u0101 sazi\u0146a notikusi pulksten 8.41.<\/p>\n<p>Nep\u0101l\u0101 \u0161obr\u012bd izveidota ar\u012b vien\u012bba, kas nodarbojas ar pazudu\u0161ajiem \u0101rzemniekiem, zi\u0146o Konsul\u0101r\u0101 departamenta direktore. Ar\u012b Latvijas konsul\u0101r\u0101 departamenta darbinieks ir ieradies Nep\u0101l\u0101, s\u0101ks darbu un dr\u012bz zi\u0146os kaut ko vair\u0101k.<\/p>\n<p>Latvijas Valsts policija zi\u0146o, ka DNS paraugus potenci\u0101lai boj\u0101g\u0101ju\u0161o identific\u0113\u0161anai nodevis 31 cilv\u0113ks.<\/p>\n<p>A\u0123ent\u016bra LETA jau v\u0113st\u012bja, ka 26. august\u0101 led\u0101ja sabrukums izrais\u012bja ledus atl\u016bzu pl\u016bsmu, k\u0101 rezult\u0101t\u0101 no glaci\u0101l\u0101 ezera s\u0101k\u0101s \u016bdens un dub\u013cu <a class=\"topicLink\" target=\"_blank\" rel=\"noopener noreferrer nofollow\" href=\"https:\/\/www.apollo.lv\/term\/555930\/pludi\">pl\u016bdi<\/a>, Nep\u0101l\u0101 un \u0136\u012bn\u0101 izraisot pla\u0161us post\u012bjumus. L\u012bdz 31. augusta r\u012btam bija apzin\u0101ts, ka dabas katastrof\u0101 g\u0101ju\u0161i boj\u0101 vismaz 900 cilv\u0113ki, bet bez v\u0113sts pazudu\u0161i ap 4200.<\/p>\n<p>Tuvu negad\u012bjuma epicentram atrad\u0101s ar\u012b liela Latvijas t\u016bristu grupa, kuru bija organiz\u0113ju\u0161i jogas interesenti no &#8220;Yantra&#8221;, bet maz\u0101ks Latvijas t\u016bristu skaits dabas katastrofas zon\u0101 atrad\u0101s viet\u0113j\u0101s firmas &#8220;Mighty Himalayan Trek&#8221; grup\u0101. \u0100rlietu ministrijai zin\u0101ms, ka tr\u012bs Latvijas iedz\u012bvot\u0101ji, kuri tobr\u012bd atrad\u0101s re\u0123ion\u0101, nav cietu\u0161i pl\u016bdu izrais\u012btaj\u0101 dub\u013cu nogruvum\u0101 Nep\u0101l\u0101, bet 33 patlaban tiek uzskat\u012bti par bezv\u0113sts pazudu\u0161iem.<\/p>\n","protected":false},"excerpt":{"rendered":"Medne inform\u0113, ka Goda konsuls vakardienas atskait\u0113 zi\u0146ojis, ka pirms sakaru pazu\u0161anas p\u0113d\u0113j\u0101 sazi\u0146a ar liel\u0101k\u0101s Latvijas t\u016bristu&hellip;\n","protected":false},"author":2,"featured_media":283019,"comment_status":"","ping_status":"","sticky":false,"template":"","format":"standard","meta":{"footnotes":"","_share_on_mastodon":"0"},"categories":[12],"tags":[23,28,29,32,33,22,11563,30,31,35,39,38,36,37,34,40,5418,20,4821,26,27,24,25,21],"class_list":["post-283018","post","type-post","status-publish","format-standard","has-post-thumbnail","category-latvija","tag-aktualitates","tag-breaking-news","tag-breakingnews","tag-featured-news","tag-featurednews","tag-headlines","tag-himalaji","tag-latest-news","tag-latestnews","tag-latvia","tag-latvian","tag-latviesu","tag-latviesu-valoda","tag-latviesuvaloda","tag-latvija","tag-lv","tag-nepala","tag-news","tag-pludi","tag-popularakas-zinas","tag-popularakaszinas","tag-top-stories","tag-topstories","tag-zinas"],"share_on_mastodon":{"url":"https:\/\/pubeurope.com\/@lv\/117200463494558658","error":""},"_links":{"self":[{"href":"https:\/\/www.europesays.com\/lv\/wp-json\/wp\/v2\/posts\/283018","targetHints":{"allow":["GET"]}}],"collection":[{"href":"https:\/\/www.europesays.com\/lv\/wp-json\/wp\/v2\/posts"}],"about":[{"href":"https:\/\/www.europesays.com\/lv\/wp-json\/wp\/v2\/types\/post"}],"author":[{"embeddable":true,"href":"https:\/\/www.europesays.com\/lv\/wp-json\/wp\/v2\/users\/2"}],"replies":[{"embeddable":true,"href":"https:\/\/www.europesays.com\/lv\/wp-json\/wp\/v2\/comments?post=283018"}],"version-history":[{"count":0,"href":"https:\/\/www.europesays.com\/lv\/wp-json\/wp\/v2\/posts\/283018\/revisions"}],"wp:featuredmedia":[{"embeddable":true,"href":"https:\/\/www.europesays.com\/lv\/wp-json\/wp\/v2\/media\/283019"}],"wp:attachment":[{"href":"https:\/\/www.europesays.com\/lv\/wp-json\/wp\/v2\/media?parent=283018"}],"wp:term":[{"taxonomy":"category","embeddable":true,"href":"https:\/\/www.europesays.com\/lv\/wp-json\/wp\/v2\/categories?post=283018"},{"taxonomy":"post_tag","embeddable":true,"href":"https:\/\/www.europesays.com\/lv\/wp-json\/wp\/v2\/tags?post=283018"}],"curies":[{"name":"wp","href":"https:\/\/api.w.org\/{rel}","templated":true}]}}