{"id":28305,"date":"2025-10-22T14:44:10","date_gmt":"2025-10-22T14:44:10","guid":{"rendered":"https:\/\/www.europesays.com\/lv\/28305\/"},"modified":"2025-10-22T14:44:10","modified_gmt":"2025-10-22T14:44:10","slug":"identifice-no-hamas-atguto-izraeliesu-gusteknu-mirstigas-atliekas-raksts","status":"publish","type":"post","link":"https:\/\/www.europesays.com\/lv\/28305\/","title":{"rendered":"Identific\u0113 no \u00abHam\u0101s\u00bb atg\u016bto izra\u0113lie\u0161u g\u016bstek\u0146u mirst\u012bg\u0101s atliekas \/ Raksts"},"content":{"rendered":"<p>Izra\u0113las armija tre\u0161dienas r\u012bt\u0101 pazi\u0146oja, ka ir identific\u0113tas no teroristu grup\u0113juma &#8220;Ham\u0101s&#8221; atg\u016bt\u0101s divu izra\u0113lie\u0161u g\u016bstek\u0146u mirst\u012bg\u0101s atliekas.\u00a0<\/p>\n<p>Viens no nelai\u0137iem ir Arje Zalmanovi\u010ds, kuru 2023. gada 7. oktobr\u012b teroristi nolaup\u012bja no vi\u0146a dz\u012bvesvietas Nirozas kibuc\u0101 un aizveda uz Gazas joslu. L\u012b\u0137a ekspert\u012bz\u0113 noskaidrots, ka tobr\u012bd 85 gadus vecais Zalmanovi\u010ds nomira g\u016bst\u0101 2023. gada 17. novembr\u012b.\u00a0<\/p>\n<p>Otrs miru\u0161ais ir izra\u0113lie\u0161u karav\u012brs Tamirs Adars, kuru nogalin\u0101ja, aizst\u0101vot Nirozas kibucu 2023. gada 7. oktobra iebrukuma laik\u0101. Adaram tobr\u012bd bija 38 gadi.\u00a0<\/p>\n<p>Kop\u0161 10. oktobra, kad sp\u0113k\u0101 st\u0101j\u0101s pamiers starp &#8220;Ham\u0101s&#8221; un Izra\u0113lu, teroristi ir atdevu\u0161i Izra\u0113lai 15 no 28 g\u016bstek\u0146u mirst\u012bgaj\u0101m atliek\u0101m. Saska\u0146\u0101 ar vieno\u0161anos &#8220;Ham\u0101s&#8221; l\u012bdz 13. oktobrim bija j\u0101atdot Izra\u0113lai visu miru\u0161o g\u016bstek\u0146u l\u012b\u0137i, ta\u010du grup\u0113jums apgalvo, ka da\u013ca no tiem ir aprakti zem kara laik\u0101 izn\u012bcin\u0101tajiem pazemes tune\u013ciem un \u0113k\u0101m, t\u0101p\u0113c tos ir gr\u016bti atrast.<\/p>\n<p>                    Valodas k\u013c\u016bda rakst\u0101?<\/p>\n<p class=\"d-none d-md-block\">Iez\u012bm\u0113jiet tekstu un spiediet Ctrl+Enter, lai nos\u016bt\u012btu labojamo teksta fragmentu redaktoram! Par faktu k\u013c\u016bd\u0101m l\u016bdzam zi\u0146ot e-past\u0101 <a href=\"https:\/\/www.lsm.lv\/cdn-cgi\/l\/email-protection\" class=\"__cf_email__\" data-cfemail=\"e7958283868c848e8d86a78b948ac98b91\" rel=\"nofollow noopener\" target=\"_blank\">[email\u00a0protected]<\/a>.<\/p>\n<p class=\"d-md-none\">Iez\u012bm\u0113jiet tekstu un spiediet uz Zi\u0146ot par k\u013c\u016bdu pogas, lai nos\u016bt\u012btu labojamo teksta fragmentu redaktoram!<\/p>\n<p>\n                    Zi\u0146ot par k\u013c\u016bdu\n                <\/p>\n","protected":false},"excerpt":{"rendered":"Izra\u0113las armija tre\u0161dienas r\u012bt\u0101 pazi\u0146oja, ka ir identific\u0113tas no teroristu grup\u0113juma &#8220;Ham\u0101s&#8221; atg\u016bt\u0101s divu izra\u0113lie\u0161u g\u016bstek\u0146u mirst\u012bg\u0101s atliekas.\u00a0&hellip;\n","protected":false},"author":2,"featured_media":22083,"comment_status":"","ping_status":"","sticky":false,"template":"","format":"standard","meta":{"footnotes":""},"categories":[5],"tags":[23,28,29,32,33,22,30,31,35,39,38,36,37,34,40,20,26,27,24,25,21],"class_list":{"0":"post-28305","1":"post","2":"type-post","3":"status-publish","4":"format-standard","5":"has-post-thumbnail","7":"category-aktualitates","8":"tag-aktualitates","9":"tag-breaking-news","10":"tag-breakingnews","11":"tag-featured-news","12":"tag-featurednews","13":"tag-headlines","14":"tag-latest-news","15":"tag-latestnews","16":"tag-latvia","17":"tag-latvian","18":"tag-latviesu","19":"tag-latviesu-valoda","20":"tag-latviesuvaloda","21":"tag-latvija","22":"tag-lv","23":"tag-news","24":"tag-popularakas-zinas","25":"tag-popularakaszinas","26":"tag-top-stories","27":"tag-topstories","28":"tag-zinas"},"share_on_mastodon":{"url":"","error":""},"_links":{"self":[{"href":"https:\/\/www.europesays.com\/lv\/wp-json\/wp\/v2\/posts\/28305","targetHints":{"allow":["GET"]}}],"collection":[{"href":"https:\/\/www.europesays.com\/lv\/wp-json\/wp\/v2\/posts"}],"about":[{"href":"https:\/\/www.europesays.com\/lv\/wp-json\/wp\/v2\/types\/post"}],"author":[{"embeddable":true,"href":"https:\/\/www.europesays.com\/lv\/wp-json\/wp\/v2\/users\/2"}],"replies":[{"embeddable":true,"href":"https:\/\/www.europesays.com\/lv\/wp-json\/wp\/v2\/comments?post=28305"}],"version-history":[{"count":0,"href":"https:\/\/www.europesays.com\/lv\/wp-json\/wp\/v2\/posts\/28305\/revisions"}],"wp:featuredmedia":[{"embeddable":true,"href":"https:\/\/www.europesays.com\/lv\/wp-json\/wp\/v2\/media\/22083"}],"wp:attachment":[{"href":"https:\/\/www.europesays.com\/lv\/wp-json\/wp\/v2\/media?parent=28305"}],"wp:term":[{"taxonomy":"category","embeddable":true,"href":"https:\/\/www.europesays.com\/lv\/wp-json\/wp\/v2\/categories?post=28305"},{"taxonomy":"post_tag","embeddable":true,"href":"https:\/\/www.europesays.com\/lv\/wp-json\/wp\/v2\/tags?post=28305"}],"curies":[{"name":"wp","href":"https:\/\/api.w.org\/{rel}","templated":true}]}}