{"id":283098,"date":"2026-09-02T09:22:12","date_gmt":"2026-09-02T09:22:12","guid":{"rendered":"https:\/\/www.europesays.com\/lv\/283098\/"},"modified":"2026-09-02T09:22:12","modified_gmt":"2026-09-02T09:22:12","slug":"prometey-atskanas-riga-roza-komanda-papildinas-ar-ukrainas-izlases-uzbruceju-basketbols-sportacentrs-com","status":"publish","type":"post","link":"https:\/\/www.europesays.com\/lv\/283098\/","title":{"rendered":"&#8220;Prometey&#8221; atska\u0146as R\u012bg\u0101: roz\u0101 komanda papildin\u0101s ar Ukrainas izlases uzbruc\u0113ju \u2013 Basketbols \u2013 Sportacentrs.com"},"content":{"rendered":"<p>Ivans Tka\u010denko bija &#8220;Prometey&#8221; komandas ierind\u0101 ab\u0101s div\u0101s sezon\u0101s, kad \u0161is ukrai\u0146u klubs b\u0101z\u0113j\u0101s R\u012bg\u0101, gan 2023., gan 2024. gad\u0101 k\u013c\u016bstot par Latvijas &#8211; Igaunijas apvienot\u0101s basketbola l\u012bgas \u010dempioniem. Otraj\u0101 no \u0161\u012bm sezon\u0101m Tka\u010denko piedal\u012bj\u0101s 34 apvienot\u0101s l\u012bgas sp\u0113l\u0113s, caurm\u0113r\u0101 g\u016bstot 5,9 punktus un izc\u012bnot 2,8 atl\u0113ku\u0161\u0101s bumbas zem groziem.<\/p>\n<p>P\u0113c diviem R\u012bg\u0101 pavad\u012btajiem gadiem Tka\u010denko karjeru turpin\u0101ja V\u0101cijas Bundesl\u012bg\u0101, sp\u0113l\u0113jot pie J\u0101\u0146a Gail\u012b\u0161a &#8220;Syntainics MBC&#8221; komandas rind\u0101s. Savuk\u0101rt pag\u0101ju\u0161o sezonu ukrai\u0146u uzbruc\u0113js aizvad\u012bja Horv\u0101tijas \u010dempion\u0101ta komand\u0101 &#8220;Zadar&#8221;, atz\u012bm\u0113joties ar 6,3 punktiem un 3,0 izc\u012bn\u012bt\u0101m bumb\u0101m 21 turn\u012bra sp\u0113l\u0113.<\/p>\n<p>Roka Kondratavi\u010da koment\u0101rs: &#8220;Ivans ir sp\u0113l\u0113t\u0101js ar lielu pieredzi Eiropas basketbol\u0101. Vi\u0146\u0161 ir atl\u0113tisks un fizisks, sp\u0113j aizsardz\u012bb\u0101 segt pretinieku komandu lab\u0101kos sp\u0113l\u0113t\u0101jus, k\u0101 ar\u012b apvelt\u012bts ar labu metienu. Vi\u0146\u0161 \u013coti labi iederas m\u016bsu sp\u0113les sist\u0113m\u0101, kur\u0101 v\u0113lamies b\u016bt agres\u012bvi aizsardz\u012bb\u0101 un uzbrukum\u0101 sp\u0113l\u0113t \u0101tru basketbolu.&#8221;<\/p>\n<p>&#8220;Lai ar\u012b akt\u012bvo komplekt\u0101ciju bij\u0101m nosl\u0113gu\u0161i, Toma Skujas savainojums mazliet main\u012bja pl\u0101nus,\u201d jaun\u0101ko papildin\u0101jumu koment\u0113ja  Edgars Bu\u013cs: \u201cKop\u0101 ar treneriem noskat\u012bj\u0101mies vair\u0101kas Ukrainas izlases sp\u0113les, un mums patika tas, ko redz\u0113j\u0101m Tka\u010denko darb\u012bb\u0101s. Turkl\u0101t Ivans lika man\u012bt, ka grib\u0113tu palikt R\u012bg\u0101, t\u0101p\u0113c sp\u0113j\u0101m \u0101tri vienoties. Esam priec\u012bgi papildin\u0101t sast\u0101vu ar augsta l\u012bme\u0146a sp\u0113l\u0113t\u0101ju, kur\u0161 var darboties vair\u0101k\u0101s poz\u012bcij\u0101s un dot b\u016btisku pienesumu, sp\u0113l\u0113jot bez bumbas. Turkl\u0101t vi\u0146\u0161 viet\u0113jos turn\u012bros tiek klasific\u0113ts k\u0101 latvie\u0161u sp\u0113l\u0113t\u0101js, kas ar\u012b ir svar\u012bgs faktors, jau dom\u0101jot par c\u012b\u0146\u0101m pavasar\u012b.&#8221;<\/p>\n<p>Cits biju\u0161ais &#8220;Prometey&#8221; basketbolists Isufs Sanons \u0161aj\u0101 sezon\u0101 atgriezies Vefi\u0146a sast\u0101v\u0101. Ar\u012b iepriek\u0161\u0113j\u0101s sezon\u0101 R\u012bgas klubos sp\u0113l\u0113ju\u0161i vair\u0101ki biju\u0161ie &#8220;Prometey&#8221; sp\u0113l\u0113t\u0101ji. P\u0113rn &#8220;R\u012bgas Ze\u013c\u013cus&#8221; p\u0101rst\u0101v\u0113ja Deniss Luka\u0161ovs, kam\u0113r VEF kr\u0101sas p\u0101rst\u0101v\u0113ja I\u013cja Sidorovs. Ar\u012b Vja\u010deslavs Bobrovs iepriek\u0161 sp\u0113l\u0113jis Vefi\u0146a krekl\u0101.<\/p>\n<p>&#8220;Rigas Ze\u013c\u013cu&#8221; sast\u0101vs<\/p>\n<tr>Sp\u0113l\u0113t\u0101jsPoz.AugumsDzimisValstsKlubs 2026&#8242;<\/tr>\n<tr class=\"even\">\n<td>Tonijs P\u0113rkinss<\/td>\n<td>PG<\/td>\n<td>193 cm<\/td>\n<td>2001.<\/td>\n<td>ASV<\/td>\n<td>Nymburk (\u010cehija)<\/td>\n<\/tr>\n<tr class=\"odd\">\n<td>Toms Skuja<\/td>\n<td>PG<\/td>\n<td>190 cm<\/td>\n<td>2002.<\/td>\n<td>Latvija<\/td>\n<td>Ludwigsburg (V\u0101cija)<\/td>\n<\/tr>\n<tr class=\"even\">\n<td>Bens \u0160ungu<\/td>\n<td>SG<\/td>\n<td>190 cm<\/td>\n<td>1997.<\/td>\n<td>ASV<\/td>\n<td>Krosno (Polija)<\/td>\n<\/tr>\n<tr class=\"odd\">\n<td>Rolands \u0160ulcs<\/td>\n<td>SG<\/td>\n<td>190 cm<\/td>\n<td>2006.<\/td>\n<td>Latvija<\/td>\n<td>R\u012bgas Ze\u013c\u013ci<\/td>\n<\/tr>\n<tr class=\"even\">\n<td>Gustavs Kampuss<\/td>\n<td>SG<\/td>\n<td>186 cm<\/td>\n<td>1999.<\/td>\n<td>Latvija<\/td>\n<td>Ogre<\/td>\n<\/tr>\n<tr class=\"odd\">\n<td>J\u0101nis B\u0113rzi\u0146\u0161<\/td>\n<td>SF<\/td>\n<td>201 cm<\/td>\n<td>1993.<\/td>\n<td>Latvija<\/td>\n<td>R\u012bgas Ze\u013c\u013ci<\/td>\n<\/tr>\n<tr class=\"even\">\n<td>Mart\u012bns Varns<\/td>\n<td>SF<\/td>\n<td>196 cm<\/td>\n<td>1997.<\/td>\n<td>Lietuva<\/td>\n<td\/><\/tr>\n<tr class=\"odd\">\n<td>Ivans Tka\u010denko<\/td>\n<td>SF<\/td>\n<td>197 cm<\/td>\n<td>1997.<\/td>\n<td>Ukraina<\/td>\n<td>Zadar (Horv\u0101tija)<\/td>\n<\/tr>\n<tr class=\"even\">\n<td>Tomas Talcis<\/td>\n<td>SF<\/td>\n<td>198 cm<\/td>\n<td>2007.<\/td>\n<td>Latvija<\/td>\n<td>Valencia (Sp\u0101nija U22)<\/td>\n<\/tr>\n<tr class=\"odd\">\n<td>Ritvars Nikolajevs<\/td>\n<td>SF<\/td>\n<td>202 cm<\/td>\n<td>2007.<\/td>\n<td>Latvija<\/td>\n<td>R\u012bgas Ze\u013c\u013ci<\/td>\n<\/tr>\n<tr class=\"even\">\n<td>Kristers \u0136ikusts<\/td>\n<td>PF<\/td>\n<td>202 cm<\/td>\n<td>2007.<\/td>\n<td>Latvija<\/td>\n<td>Gulbenes Buki<\/td>\n<\/tr>\n<tr class=\"odd\">\n<td>Kristians Feierbergs<\/td>\n<td>PF<\/td>\n<td>203 cm<\/td>\n<td>2002.<\/td>\n<td>Latvija<\/td>\n<td>Liep\u0101ja<\/td>\n<\/tr>\n<tr class=\"even\">\n<td>Tailers Vols<\/td>\n<td>PF<\/td>\n<td>206 cm<\/td>\n<td>2001.<\/td>\n<td>ASV<\/td>\n<td>Anwil Wloclawek (Polija)<\/td>\n<\/tr>\n<tr class=\"odd\">\n<td>Kl\u0101vs \u010cavars<\/td>\n<td>C<\/td>\n<td>208 cm<\/td>\n<td>1996.<\/td>\n<td>Latvija<\/td>\n<td>Sabah (Azerbaid\u017e\u0101na)<\/td>\n<\/tr>\n<tr class=\"even\">\n<td>\u012azaks D\u017eonsons<\/td>\n<td>C<\/td>\n<td>213 cm<\/td>\n<td>2000.<\/td>\n<td>ASV<\/td>\n<td>Hawaii (NCAA)<\/td>\n<\/tr>\n<blockquote class=\"twitter-tweet\">\n<p lang=\"lv\" dir=\"ltr\">\ud83c\uddfa\ud83c\udde6 Ivans Tka\u010denko atgrie\u017eas R\u012bg\u0101 &#8211; \u0161oreiz \u201cR\u012bgas Ze\u013c\u013ci\u201d rind\u0101s! \ud83d\udc9c\ud83c\udfc0<\/p>\n<p>Ukrainas valstsvien\u012bbas uzbruc\u0113js pievienojas m\u016bsu komandai, l\u012bdzi \u0146emot Eirakausa pieredzi un divus Latvija &#8211; Igaunijas l\u012bgas \u010dempiontitulus.<\/p>\n<p>Tagad &#8211; m\u016bsu pus\u0113! \ud83d\udd25<a href=\"https:\/\/x.com\/hashtag\/R%C4%ABgasze%C4%BC%C4%BCi?src=hash&amp;ref_src=twsrc%5Etfw\" rel=\"nofollow\">#R\u012bgasze\u013c\u013ci<\/a> <a href=\"https:\/\/x.com\/hashtag\/eurocup?src=hash&amp;ref_src=twsrc%5Etfw\" rel=\"nofollow\">#eurocup<\/a> <a href=\"https:\/\/x.com\/hashtag\/basketball?src=hash&amp;ref_src=twsrc%5Etfw\" rel=\"nofollow\">#basketball<\/a> <a href=\"https:\/\/t.co\/5868VUnP0W\" rel=\"nofollow\">pic.twitter.com\/5868VUnP0W<\/a><\/p>\n<p>\u2014 R\u012bgas Ze\u013c\u013ci (@RigasZelli) <a href=\"https:\/\/x.com\/RigasZelli\/status\/2095059478420889679?ref_src=twsrc%5Etfw\" rel=\"nofollow\">September 2, 2026<\/a><\/p><\/blockquote>\n<p>                    <script async src=\"https:\/\/platform.twitter.com\/widgets.js\" charset=\"utf-8\"><\/script><\/p>\n","protected":false},"excerpt":{"rendered":"Ivans Tka\u010denko bija &#8220;Prometey&#8221; komandas ierind\u0101 ab\u0101s div\u0101s sezon\u0101s, kad \u0161is ukrai\u0146u klubs b\u0101z\u0113j\u0101s R\u012bg\u0101, gan 2023., gan&hellip;\n","protected":false},"author":2,"featured_media":283099,"comment_status":"","ping_status":"","sticky":false,"template":"","format":"standard","meta":{"footnotes":"","_share_on_mastodon":"0"},"categories":[17],"tags":[145,35,39,38,36,37,34,1313,1314,1312,40,67],"class_list":["post-283098","post","type-post","status-publish","format-standard","has-post-thumbnail","category-sports","tag-basketbols","tag-latvia","tag-latvian","tag-latviesu","tag-latviesu-valoda","tag-latviesuvaloda","tag-latvija","tag-latvijas-basketbola-liga","tag-latvijas-basketbols","tag-lbl","tag-lv","tag-sports"],"share_on_mastodon":{"url":"https:\/\/pubeurope.com\/@lv\/117200718578934293","error":""},"_links":{"self":[{"href":"https:\/\/www.europesays.com\/lv\/wp-json\/wp\/v2\/posts\/283098","targetHints":{"allow":["GET"]}}],"collection":[{"href":"https:\/\/www.europesays.com\/lv\/wp-json\/wp\/v2\/posts"}],"about":[{"href":"https:\/\/www.europesays.com\/lv\/wp-json\/wp\/v2\/types\/post"}],"author":[{"embeddable":true,"href":"https:\/\/www.europesays.com\/lv\/wp-json\/wp\/v2\/users\/2"}],"replies":[{"embeddable":true,"href":"https:\/\/www.europesays.com\/lv\/wp-json\/wp\/v2\/comments?post=283098"}],"version-history":[{"count":0,"href":"https:\/\/www.europesays.com\/lv\/wp-json\/wp\/v2\/posts\/283098\/revisions"}],"wp:featuredmedia":[{"embeddable":true,"href":"https:\/\/www.europesays.com\/lv\/wp-json\/wp\/v2\/media\/283099"}],"wp:attachment":[{"href":"https:\/\/www.europesays.com\/lv\/wp-json\/wp\/v2\/media?parent=283098"}],"wp:term":[{"taxonomy":"category","embeddable":true,"href":"https:\/\/www.europesays.com\/lv\/wp-json\/wp\/v2\/categories?post=283098"},{"taxonomy":"post_tag","embeddable":true,"href":"https:\/\/www.europesays.com\/lv\/wp-json\/wp\/v2\/tags?post=283098"}],"curies":[{"name":"wp","href":"https:\/\/api.w.org\/{rel}","templated":true}]}}