{"id":2831,"date":"2025-09-23T10:45:07","date_gmt":"2025-09-23T10:45:07","guid":{"rendered":"https:\/\/www.europesays.com\/lv\/2831\/"},"modified":"2025-09-23T10:45:07","modified_gmt":"2025-09-23T10:45:07","slug":"lietuvas-prezidents-neuzskata-ka-palestinas-atzisana-bus-miera-garantija","status":"publish","type":"post","link":"https:\/\/www.europesays.com\/lv\/2831\/","title":{"rendered":"Lietuvas prezidents neuzskata, ka Palest\u012bnas atz\u012b\u0161ana b\u016bs miera garantija"},"content":{"rendered":"<p>Uzst\u0101joties samit\u0101, kur\u0101 nepiedal\u012bj\u0101s Izra\u0113la un ASV, vi\u0146\u0161 aicin\u0101ja izbeigt karu Gazas josl\u0101.<\/p>\n<p>Pirmdien no ANO \u0122ener\u0101l\u0101s asamblejas trib\u012bnes par Palest\u012bnas atz\u012b\u0161anu pazi\u0146oja ar\u012b Monako, Be\u013c\u0123ija, Andora, Malta un Luksemburga.<\/p>\n<p>Sv\u0113tdien Lielbrit\u0101nija, Kan\u0101da, Austr\u0101lija un Portug\u0101le <a href=\"https:\/\/www.tvnet.lv\/8328092\/lielbritanija-australija-kanada-un-portugale-atzist-palestinas-valsti\" target=\"_blank\" rel=\"nofollow noopener\">atzina Palest\u012bnas valsti<\/a>, t\u0101d\u0113j\u0101di palielinot diplom\u0101tisko spiedienu uz Izra\u0113lu, kas turpina karu Gazas josl\u0101.<\/p>\n<p>Pa\u0161laik tr\u012bs ceturtda\u013cas ANO dal\u012bbvalstu ir atzinu\u0161as Palest\u012bnas valsti.<\/p>\n<p>Sp\u0101nija, \u012arija un Norv\u0113\u0123ija Palest\u012bnas valsti atzina 2024.gada maij\u0101, bet Zviedrija to izdar\u012bja pirms vair\u0101k nek\u0101 desmit gadiem.<\/p>\n<p>Izra\u0113la uzs\u0101ka milit\u0101ro oper\u0101ciju Gazas josl\u0101, rea\u0123\u0113jot uz palest\u012bnie\u0161u teroristisk\u0101s organiz\u0101cijas &#8220;Ham\u0101s&#8221; sar\u012bkoto slakti\u0146u Izra\u0113l\u0101 2023.gada 7.oktobr\u012b, kura laik\u0101 tika noslepkavoti 1219 cilv\u0113ki, pamat\u0101 civiliedz\u012bvot\u0101ji.<\/p>\n","protected":false},"excerpt":{"rendered":"Uzst\u0101joties samit\u0101, kur\u0101 nepiedal\u012bj\u0101s Izra\u0113la un ASV, vi\u0146\u0161 aicin\u0101ja izbeigt karu Gazas josl\u0101. Pirmdien no ANO \u0122ener\u0101l\u0101s asamblejas&hellip;\n","protected":false},"author":2,"featured_media":2832,"comment_status":"","ping_status":"","sticky":false,"template":"","format":"standard","meta":{"footnotes":""},"categories":[14],"tags":[23,57,28,29,1310,32,33,1274,22,493,503,30,31,35,39,38,36,37,34,1464,40,20,488,26,27,24,25,54,55,56,21,58],"class_list":{"0":"post-2831","1":"post","2":"type-post","3":"status-publish","4":"format-standard","5":"has-post-thumbnail","7":"category-zinas-no-arvalstim","8":"tag-aktualitates","9":"tag-arvalstim","10":"tag-breaking-news","11":"tag-breakingnews","12":"tag-emanuels-makrons","13":"tag-featured-news","14":"tag-featurednews","15":"tag-gazas-josla","16":"tag-headlines","17":"tag-izraela","18":"tag-izraelas-palestiniesu-konflikts","19":"tag-latest-news","20":"tag-latestnews","21":"tag-latvia","22":"tag-latvian","23":"tag-latviesu","24":"tag-latviesu-valoda","25":"tag-latviesuvaloda","26":"tag-latvija","27":"tag-lietuva","28":"tag-lv","29":"tag-news","30":"tag-palestina","31":"tag-popularakas-zinas","32":"tag-popularakaszinas","33":"tag-top-stories","34":"tag-topstories","35":"tag-world","36":"tag-world-news","37":"tag-worldnews","38":"tag-zinas","39":"tag-zinas-no-arvalstim"},"share_on_mastodon":{"url":"","error":""},"_links":{"self":[{"href":"https:\/\/www.europesays.com\/lv\/wp-json\/wp\/v2\/posts\/2831","targetHints":{"allow":["GET"]}}],"collection":[{"href":"https:\/\/www.europesays.com\/lv\/wp-json\/wp\/v2\/posts"}],"about":[{"href":"https:\/\/www.europesays.com\/lv\/wp-json\/wp\/v2\/types\/post"}],"author":[{"embeddable":true,"href":"https:\/\/www.europesays.com\/lv\/wp-json\/wp\/v2\/users\/2"}],"replies":[{"embeddable":true,"href":"https:\/\/www.europesays.com\/lv\/wp-json\/wp\/v2\/comments?post=2831"}],"version-history":[{"count":0,"href":"https:\/\/www.europesays.com\/lv\/wp-json\/wp\/v2\/posts\/2831\/revisions"}],"wp:featuredmedia":[{"embeddable":true,"href":"https:\/\/www.europesays.com\/lv\/wp-json\/wp\/v2\/media\/2832"}],"wp:attachment":[{"href":"https:\/\/www.europesays.com\/lv\/wp-json\/wp\/v2\/media?parent=2831"}],"wp:term":[{"taxonomy":"category","embeddable":true,"href":"https:\/\/www.europesays.com\/lv\/wp-json\/wp\/v2\/categories?post=2831"},{"taxonomy":"post_tag","embeddable":true,"href":"https:\/\/www.europesays.com\/lv\/wp-json\/wp\/v2\/tags?post=2831"}],"curies":[{"name":"wp","href":"https:\/\/api.w.org\/{rel}","templated":true}]}}