{"id":28312,"date":"2025-10-22T14:50:12","date_gmt":"2025-10-22T14:50:12","guid":{"rendered":"https:\/\/www.europesays.com\/lv\/28312\/"},"modified":"2025-10-22T14:50:12","modified_gmt":"2025-10-22T14:50:12","slug":"aiz-propagandas-priekskara-nacistiska-latvija-un-ceriga-budapesta-jauns-lv","status":"publish","type":"post","link":"https:\/\/www.europesays.com\/lv\/28312\/","title":{"rendered":"Aiz propagandas priek\u0161kara: nacistisk\u0101 Latvija un cer\u012bg\u0101 Budape\u0161ta &#8211; Jauns.lv"},"content":{"rendered":"<ol>\n<li><a href=\"https:\/\/news.google.com\/rss\/articles\/CBMipwFBVV95cUxNdndDRi1UQ21hWmNmM0NVb0pqakIxNWJ6cVA3elFmRDJmQ3ZINkJ0NHJWOGxhTW5jQzBaaWRHUDVVa1VremdkQjBPU01NMHNuMlM0WmIwaHc1YmVYR3Q0VlVFWXVFcjB4VXlFTXZEcmtmVXJNVGFzeXVmYW5xeXVYQS0zU0J4ODhOalkyR3JLY1BBYW1ueEJvQzdXSnpfX05EcDVrSTdqZw?oc=5\" target=\"_blank\" rel=\"nofollow noopener\">Aiz propagandas priek\u0161kara: nacistisk\u0101 Latvija un cer\u012bg\u0101 Budape\u0161ta<\/a>&nbsp;&nbsp;Jauns.lv<\/li>\n<li><a href=\"https:\/\/news.google.com\/rss\/articles\/CBMiuAFBVV95cUxPaTVRYVlIZ1NnR082aHM5Nkxnei0yWVVfOEJmQXlCamV3WVVqeFQzVE9oUDBITFpLRHgyaU9KQnpmYTdWb1JmcnNZMkdSYUdMY1lyNVI2aFlKMnFNUFFXU2REeERfNjhwU0pUdl9uWFdaOXkwR29OSmQ0aFRKdWJmQkRNTFNNSVdhMk1WLWdMRE5LQUVVcm9kcHI2cnVEcGd4M1V2cHlERGE4U2E4VE9PRzB0WElYTy1T?oc=5\" target=\"_blank\" rel=\"nofollow noopener\">Tramps atsaka Zelenskim. Igaunijas v\u0113l\u0113\u0161anu rezult\u0101ti. Gruzija att\u0101lin\u0101s no ES<\/a>&nbsp;&nbsp;Latvijas Radio 1<\/li>\n<li><a href=\"https:\/\/news.google.com\/rss\/articles\/CBMirAFBVV95cUxPejM3emxIWDBha3gwMEtid3Nidk9oWC1MTkFkcGpiVDgwcExqZC16akJZTDFWbk0zZENhYUhGZnN4WlNjLW1nUVR6QWVqdmNBT2xCSGpRR0dfX2kwWjZjVnVxb0ZVbXREZXdiOUJpMlNYTWZjS2RXdDl0Z1B3cGlKUHBqQnFiYlJQYWQxbjRmb0UyNmpHY09PRVcwb0ZpQmlIZmI1cGVxWVRXWVNM?oc=5\" target=\"_blank\" rel=\"nofollow noopener\">Medijs: Krievijas propaganda berz\u0113 rokas un gatavojas p\u0101rdal\u012bt pasauli Budape\u0161t\u0101<\/a>&nbsp;&nbsp;TVNET<\/li>\n<li><a href=\"https:\/\/news.google.com\/rss\/articles\/CBMivgFBVV95cUxPVm1La18zbEttQ0p0cU8wVS13bGpwcnZNd1VlOE5VaEdINmdrY3d3S3Z0VmFiUGNwVDdKaUY2OEtRVjVQMm50bDhHOWdPbVR0bTNWNWRMVjEzcm9yY0c3V1dvZzkyb0tCeTV6T18tRTFvbkx2VzZ2X081Q2duTzRFOGZsRlVZME9WdnkwaXo1TzdGYUxVdlpKS3BZejdtSWdTOE1QV3N3eUtsZUo4TnRiY1RtdVhrT3RPUVlPSEp3?oc=5\" target=\"_blank\" rel=\"nofollow noopener\">VIDEO Aiz priek\u0161kara: &#8220;Zaud\u0113t\u0101js&#8221; Zelenskis, &#8220;pazemojums Eiropai&#8221; Budape\u0161t\u0101 un &#8220;nacistisk\u0101&#8221; Latvija<\/a>&nbsp;&nbsp;Apollo.lv<\/li>\n<li><a href=\"https:\/\/news.google.com\/rss\/articles\/CBMi1gFBVV95cUxPUGNXdlNZUnpkVmdqZUU1eXNFV0JEMWdqZmNUbkNSdW9Mek9kcWFLVXFtQUpPWmc2em85YVpoN0w4WjlqN1Q5a19oRHB1QWRXaDJicko4SDlabFkwVXVZWVFIR2RDakN0QzdXbGRKLVpVNGpfTEM4Y1l3SXBlOXpPOF9fLUhaZU5jQTFxZ19GdVdTN2tFRThYdGtRWFBSZlpCQ0FOcklUeTJuSDc3LTdrQ2k0dnQ3eDFfeENBYVFxMWtWeGtwZXo4RlNPcWdLWU56eTZSTXln?oc=5\" target=\"_blank\" rel=\"nofollow noopener\">Luksemburgas princese Aleksandra sagaida otro mazuli, kas ir dev\u012btais uz Luksemburgas troni<\/a>&nbsp;&nbsp;tv3.lv<\/li>\n<\/ol>\n","protected":false},"excerpt":{"rendered":"Aiz propagandas priek\u0161kara: nacistisk\u0101 Latvija un cer\u012bg\u0101 Budape\u0161ta&nbsp;&nbsp;Jauns.lv Tramps atsaka Zelenskim. Igaunijas v\u0113l\u0113\u0161anu rezult\u0101ti. Gruzija att\u0101lin\u0101s no ES&nbsp;&nbsp;Latvijas&hellip;\n","protected":false},"author":2,"featured_media":28313,"comment_status":"","ping_status":"","sticky":false,"template":"","format":"standard","meta":{"footnotes":""},"categories":[5],"tags":[23,28,29,32,33,22,30,31,35,39,38,36,37,34,40,20,26,27,24,25,21],"class_list":{"0":"post-28312","1":"post","2":"type-post","3":"status-publish","4":"format-standard","5":"has-post-thumbnail","7":"category-aktualitates","8":"tag-aktualitates","9":"tag-breaking-news","10":"tag-breakingnews","11":"tag-featured-news","12":"tag-featurednews","13":"tag-headlines","14":"tag-latest-news","15":"tag-latestnews","16":"tag-latvia","17":"tag-latvian","18":"tag-latviesu","19":"tag-latviesu-valoda","20":"tag-latviesuvaloda","21":"tag-latvija","22":"tag-lv","23":"tag-news","24":"tag-popularakas-zinas","25":"tag-popularakaszinas","26":"tag-top-stories","27":"tag-topstories","28":"tag-zinas"},"share_on_mastodon":{"url":"","error":""},"_links":{"self":[{"href":"https:\/\/www.europesays.com\/lv\/wp-json\/wp\/v2\/posts\/28312","targetHints":{"allow":["GET"]}}],"collection":[{"href":"https:\/\/www.europesays.com\/lv\/wp-json\/wp\/v2\/posts"}],"about":[{"href":"https:\/\/www.europesays.com\/lv\/wp-json\/wp\/v2\/types\/post"}],"author":[{"embeddable":true,"href":"https:\/\/www.europesays.com\/lv\/wp-json\/wp\/v2\/users\/2"}],"replies":[{"embeddable":true,"href":"https:\/\/www.europesays.com\/lv\/wp-json\/wp\/v2\/comments?post=28312"}],"version-history":[{"count":0,"href":"https:\/\/www.europesays.com\/lv\/wp-json\/wp\/v2\/posts\/28312\/revisions"}],"wp:featuredmedia":[{"embeddable":true,"href":"https:\/\/www.europesays.com\/lv\/wp-json\/wp\/v2\/media\/28313"}],"wp:attachment":[{"href":"https:\/\/www.europesays.com\/lv\/wp-json\/wp\/v2\/media?parent=28312"}],"wp:term":[{"taxonomy":"category","embeddable":true,"href":"https:\/\/www.europesays.com\/lv\/wp-json\/wp\/v2\/categories?post=28312"},{"taxonomy":"post_tag","embeddable":true,"href":"https:\/\/www.europesays.com\/lv\/wp-json\/wp\/v2\/tags?post=28312"}],"curies":[{"name":"wp","href":"https:\/\/api.w.org\/{rel}","templated":true}]}}