{"id":283186,"date":"2026-09-02T10:48:47","date_gmt":"2026-09-02T10:48:47","guid":{"rendered":"https:\/\/www.europesays.com\/lv\/283186\/"},"modified":"2026-09-02T10:48:47","modified_gmt":"2026-09-02T10:48:47","slug":"tramps-apgalvo-ka-putins-neuzbruks-nato","status":"publish","type":"post","link":"https:\/\/www.europesays.com\/lv\/283186\/","title":{"rendered":"Tramps apgalvo, ka Putins neuzbruks NATO"},"content":{"rendered":"<p>&#8220;Man bija labas sarunas ar vi\u0146u. Vi\u0146\u0161 neuzbruks <a href=\"https:\/\/www.tvnet.lv\/term\/9898\/nato\" class=\"topicLink\" target=\"_blank\" rel=\"nofollow noopener\">NATO<\/a> teritorijai,&#8221; Tramps teica \u017eurn\u0101listiem Ov\u0101laj\u0101 kabinet\u0101, kad vi\u0146am jaut\u0101ja, vai Putins ir piekritis to nedar\u012bt.<\/p>\n<p>L\u016bgts apstiprin\u0101t zi\u0146as par to, ka ASV Centr\u0101l\u0101s izl\u016bko\u0161anas p\u0101rvaldes (<a href=\"https:\/\/www.tvnet.lv\/term\/569659\/cip\" class=\"topicLink\" target=\"_blank\" rel=\"nofollow noopener\">CIP<\/a>) direktors D\u017eons Retklifs ir izteicis br\u012bdin\u0101jumu krieviem, Tramps atbild\u0113ja: &#8220;Es nev\u0113los to koment\u0113t, bet vi\u0146i neuzbruks.&#8221;<\/p>\n<p>Tramps ar\u012b mazin\u0101ja nepiecie\u0161am\u012bbu sod\u012bt Krieviju par tirdzniec\u012bbu ar t\u0101s sabiedroto Ir\u0101nu p\u0113c vi\u0146a administr\u0101cijas pasludin\u0101t\u0101s &#8220;ekonomisk\u0101s D-dienas&#8221; pret Teher\u0101nu, ja t\u0101 atteiksies atv\u0113rt Hormuza \u0161aurumu.<\/p>\n<p>&#8220;L\u012bdz \u0161im, manupr\u0101t, <a href=\"https:\/\/www.tvnet.lv\/term\/555452\/krievija\" class=\"topicLink\" target=\"_blank\" rel=\"nofollow noopener\">Krievija<\/a> ir r\u012bkojusies diezgan labi saist\u012bb\u0101 ar Hormuza \u0161aurumu,&#8221; vi\u0146\u0161 teica.<\/p>\n<p>K\u0101 v\u0113st\u012bts, ASV Centr\u0101l\u0101s izl\u016bko\u0161anas p\u0101rvaldes (CIP) direktors D\u017eons Retklifs viz\u012btes laik\u0101 Maskav\u0101 br\u012bdin\u0101jis Krievijas amatpersonas no konflikta eskal\u0101cijas ar NATO, \u012bpa\u0161i ar Igauniju, Latviju un Lietuvu, t\u012bmek\u013ca izdevumam &#8220;Politico&#8221; tre\u0161dien apgalvoju\u0161as divas inform\u0113tas personas.<\/p>\n<p>Retklifa &#8220;viz\u012btes galvenais m\u0113r\u0137is bija br\u012bdin\u0101t no eskal\u0113jo\u0161\u0101m darb\u012bb\u0101m pret Baltijas valst\u012bm&#8221;, izteicies viens no avotiem.<\/p>\n","protected":false},"excerpt":{"rendered":"&#8220;Man bija labas sarunas ar vi\u0146u. Vi\u0146\u0161 neuzbruks NATO teritorijai,&#8221; Tramps teica \u017eurn\u0101listiem Ov\u0101laj\u0101 kabinet\u0101, kad vi\u0146am jaut\u0101ja,&hellip;\n","protected":false},"author":2,"featured_media":283187,"comment_status":"","ping_status":"","sticky":false,"template":"","format":"standard","meta":{"footnotes":"","_share_on_mastodon":"0"},"categories":[14],"tags":[23,57,28,29,36822,42302,542,32,33,22,234,30,31,35,39,38,36,37,34,40,71,20,26,27,24,25,235,54,55,56,21,58],"class_list":["post-283186","post","type-post","status-publish","format-standard","has-post-thumbnail","category-zinas-no-arvalstim","tag-aktualitates","tag-arvalstim","tag-breaking-news","tag-breakingnews","tag-cip","tag-daniels-redklifs","tag-donalds-tramps","tag-featured-news","tag-featurednews","tag-headlines","tag-krievija","tag-latest-news","tag-latestnews","tag-latvia","tag-latvian","tag-latviesu","tag-latviesu-valoda","tag-latviesuvaloda","tag-latvija","tag-lv","tag-nato","tag-news","tag-popularakas-zinas","tag-popularakaszinas","tag-top-stories","tag-topstories","tag-vladimirs-putins","tag-world","tag-world-news","tag-worldnews","tag-zinas","tag-zinas-no-arvalstim"],"share_on_mastodon":{"url":"https:\/\/pubeurope.com\/@lv\/117201057175727749","error":""},"_links":{"self":[{"href":"https:\/\/www.europesays.com\/lv\/wp-json\/wp\/v2\/posts\/283186","targetHints":{"allow":["GET"]}}],"collection":[{"href":"https:\/\/www.europesays.com\/lv\/wp-json\/wp\/v2\/posts"}],"about":[{"href":"https:\/\/www.europesays.com\/lv\/wp-json\/wp\/v2\/types\/post"}],"author":[{"embeddable":true,"href":"https:\/\/www.europesays.com\/lv\/wp-json\/wp\/v2\/users\/2"}],"replies":[{"embeddable":true,"href":"https:\/\/www.europesays.com\/lv\/wp-json\/wp\/v2\/comments?post=283186"}],"version-history":[{"count":0,"href":"https:\/\/www.europesays.com\/lv\/wp-json\/wp\/v2\/posts\/283186\/revisions"}],"wp:featuredmedia":[{"embeddable":true,"href":"https:\/\/www.europesays.com\/lv\/wp-json\/wp\/v2\/media\/283187"}],"wp:attachment":[{"href":"https:\/\/www.europesays.com\/lv\/wp-json\/wp\/v2\/media?parent=283186"}],"wp:term":[{"taxonomy":"category","embeddable":true,"href":"https:\/\/www.europesays.com\/lv\/wp-json\/wp\/v2\/categories?post=283186"},{"taxonomy":"post_tag","embeddable":true,"href":"https:\/\/www.europesays.com\/lv\/wp-json\/wp\/v2\/tags?post=283186"}],"curies":[{"name":"wp","href":"https:\/\/api.w.org\/{rel}","templated":true}]}}