{"id":283254,"date":"2026-09-02T12:05:21","date_gmt":"2026-09-02T12:05:21","guid":{"rendered":"https:\/\/www.europesays.com\/lv\/283254\/"},"modified":"2026-09-02T12:05:21","modified_gmt":"2026-09-02T12:05:21","slug":"ilona-balode-udre-atgriezisies-uz-ekraniem-ar-galveno-lomu-melnaja-komedija","status":"publish","type":"post","link":"https:\/\/www.europesays.com\/lv\/283254\/","title":{"rendered":"Ilona Balode-\u016adre\u00a0atgriez\u012bsies uz ekr\u0101niem ar galveno lomu melnaj\u0101 kom\u0113dij\u0101"},"content":{"rendered":"<p style=\"text-align: justify;\">Vi\u0146a grib dar\u012bt sev galu. Vi\u0146am vajag apprec\u0113ties. T\u0101 s\u0101kas visai neparasts dar\u012bjums starp diviem sve\u0161iniekiem bez noteiktas dz\u012bvesvietas. N\u0101v\u012bgi noska\u0146ot\u0101 A\u0146a un smaid\u012bgais gaisagr\u0101bslis Zigis ir galvenie t\u0113li Elzas Gaujas jaunaj\u0101 sp\u0113lfilm\u0101 \u201cApprec\u0113ties un mirt\u201d, kuras film\u0113\u0161ana s\u0101kusies S\u0101rem\u0101, Igaunij\u0101. <\/p>\n<p style=\"text-align: justify;\">Galvenaj\u0101s lom\u0101s \u2013 paz\u012bstam\u0101 gr\u0101matu autore, m\u016bzi\u0137e un aktrise Ilona Balode-\u016adre un Dailes te\u0101tra aktieris Gints Gr\u0101velis.<\/p>\n<p style=\"text-align: justify;\">K\u0101 atkl\u0101j filmas re\u017eisore un scen\u0101riste Elza Gauja, idejas s\u0101kumpunkts bijis pavisam \u012bsts un sav\u0101 absurdum\u0101 gandr\u012bz neticams notikums. Divi bezpajumtnieki, kas bija nol\u0113mu\u0161i kop\u0101 nomirt, aplaup\u012bja veikalu, lai nosvin\u0113tu p\u0113d\u0113jo vakaru \u0161aj\u0101 pasaul\u0113. Tom\u0113r abi tik \u013coti sasvin\u0113ju\u0161ies, ka turpat pie dzelzce\u013ca slied\u0113m saldi iemigu\u0161i un non\u0101ku\u0161i policijas kamer\u0101.<\/p>\n<p style=\"text-align: justify;\">No \u0161\u012b re\u0101l\u0101 notikuma \u010detru gadu laik\u0101 izaudzis daudz dzi\u013c\u0101ks un pla\u0161\u0101ks st\u0101sts. Mazrun\u012bg\u0101 A\u0146a p\u0113c v\u012bra n\u0101ves ir zaud\u0113jusi dz\u012bvesprieku un v\u0113las nomirt. Ta\u010du vi\u0146as pl\u0101nus izjauc reta neirolo\u0123iska kaite \u2013 sve\u0161\u0101s rokas sindroms: br\u012bd\u012b, kad lab\u0101 roka cen\u0161as \u012bstenot A\u0146as nodomu, kreis\u0101 nedod tai va\u013cu. Savuk\u0101rt p\u013c\u0101p\u012bgais sap\u0146ot\u0101js, sh\u0113mot\u0101js un par\u0101dnieks Zigis dz\u012bvo sav\u0101 vecaj\u0101\u00a0opel\u012b\u00a0un cer mantot mirsto\u0161\u0101s vecm\u0101mi\u0146as m\u0101ju. Ir tikai viens nep\u0101rvarams omes nosac\u012bjums \u2013 vi\u0146am j\u0101apprecas. T\u0101 rodas dar\u012bjums: A\u0146a piekrit\u012bs apprec\u0113t Zigi, ja vi\u0146\u0161 p\u0113c k\u0101z\u0101m pal\u012bdz\u0113s vi\u0146ai nomirt.<\/p>\n<p style=\"text-align: justify;\">Re\u017eisore Elza Gauja atz\u012bst, ka \u201cfilmas tonis b\u016bs viegls un gai\u0161s \u2013 t\u0101 b\u016bs k\u0101 p\u0101rlaic\u012bga pasaka par diviem mazliet apjuku\u0161iem cilv\u0113kiem, kuri ar zobiem un nagiem cen\u0161as pan\u0101kt kaut ko savu, bet tad k\u0101d\u0101 br\u012bd\u012b ar lielu p\u0101rsteigumu atsk\u0101r\u0161, ka, izr\u0101d\u0101s, negaid\u012btu prieku var sag\u0101d\u0101t kaut vai neliela piep\u016ble citu cilv\u0113ku lab\u0101.\u201d<\/p>\n<p style=\"text-align: justify;\">K\u0101 piebilst filmas producents Uldis Cekulis, \u201cfilma run\u0101 par m\u016bsu noklus\u0113to dal\u012bjumu sabiedr\u012bb\u0101 \u2014 \u201cpareizie\u201d un \u201cnepareizie\u201d, \u201cveiksm\u012bgie\u201d un \u201cneveiksm\u012bgie\u201d; t\u0101 run\u0101 par vientul\u012bbu, zaud\u0113jumu un sp\u0113ju atg\u016bties, ta\u010du dara to ar Elzas Gaujas kino rakstur\u012bgo ironiju, siltumu un sp\u0113ju smag\u0101s situ\u0101cij\u0101s ieraudz\u012bt komisko.\u201d<\/p>\n<blockquote>\n<p style=\"text-align: center;\">Filmas uz\u0146em\u0161ana s\u0101kusies ar film\u0113\u0161anas posmu S\u0101rem\u0101, Igaunij\u0101, un turpin\u0101sies n\u0101kamajos film\u0113\u0161anas posmos Latvij\u0101. Filmas pabeig\u0161ana pl\u0101nota 2027. gad\u0101.<\/p>\n<\/blockquote>\n<p style=\"text-align: justify;\">\u201cApprec\u0113ties un mirt\u201d ir Elzas Gaujas tre\u0161\u0101 pilnmetr\u0101\u017eas sp\u0113lfilma p\u0113c \u201cPastkartes no Romas\u201d (2024, prod. Picture House), kas sa\u0146\u0113musi Nacion\u0101lo kino balvu \u201cLielais Kristaps\u201d k\u0101 gada lab\u0101k\u0101 pilnmetr\u0101\u017eas sp\u0113lfilma, un \u201cMamma v\u0113l smaida\u201d (2022, prod. Riverbed), kas izpeln\u012bj\u0101s pla\u0161u skat\u012bt\u0101ju atzin\u012bbu.<\/p>\n<p style=\"text-align: justify;\">Lasiet ar\u012b:\u00a0<\/p>\n<p style=\"text-align: justify;\"><a style=\"color: #800000;\" href=\"https:\/\/bnn.lv\/krapnieki-nesnauz-megina-apkrapt-nepala-pazuduso-latviesu-tuviniekus\/\" target=\"_blank\" rel=\"noopener nofollow\">Kr\u0101pnieki nesnau\u017e! M\u0113\u0123ina apkr\u0101pt Nep\u0101l\u0101 pazudu\u0161o latvie\u0161u tuviniekus<\/a><\/p>\n<p style=\"text-align: justify;\"><a style=\"color: #800000;\" href=\"https:\/\/bnn.lv\/man-ir-sajuta-nepala-pazudusi-latviete-pirms-celojuma-publicejusi-loti-zimigu-vestijumu\/\" target=\"_blank\" rel=\"noopener nofollow\">\u201cMan ir saj\u016bta\u2026\u201d \u2013 Nep\u0101l\u0101 pazudus\u012b latviete pirms ce\u013cojuma public\u0113jusi \u013coti z\u012bm\u012bgu v\u0113st\u012bjumu<\/a><\/p>\n<p style=\"text-align: justify;\"><a style=\"color: #800000;\" href=\"https:\/\/bnn.lv\/video-niks-endzins-manas-kazas-ar-sindiju-tiek-atceltas\/\" target=\"_blank\" rel=\"noopener nofollow\">VIDEO | Niks Endzi\u0146\u0161: Manas k\u0101zas ar Sindiju tiek atceltas<\/a><\/p>\n<p style=\"text-align: justify;\"><a style=\"color: #800000;\" href=\"https:\/\/bnn.lv\/uz-putina-kreisas-rokas-pamana-neveiksmigas-injekcijas-atstata-nospieduma-pedas\/\" target=\"_blank\" rel=\"noopener nofollow\">Uz Putina kreis\u0101s rokas pamana neveiksm\u012bgas injekcijas atst\u0101ta nospieduma p\u0113das<\/a><\/p>\n<p style=\"text-align: justify;\"><a style=\"color: #800000;\" href=\"https:\/\/bnn.lv\/lidz-ar-rudens-iestasanos-tris-zodiaka-zimju-dzive-strauji-ies-augsup\/\" target=\"_blank\" rel=\"noopener nofollow\">L\u012bdz ar rudens iest\u0101\u0161anos tr\u012bs zodiaka z\u012bmju dz\u012bve strauji ies aug\u0161up<\/a><\/p>\n","protected":false},"excerpt":{"rendered":"Vi\u0146a grib dar\u012bt sev galu. Vi\u0146am vajag apprec\u0113ties. T\u0101 s\u0101kas visai neparasts dar\u012bjums starp diviem sve\u0161iniekiem bez noteiktas&hellip;\n","protected":false},"author":2,"featured_media":283255,"comment_status":"","ping_status":"","sticky":false,"template":"","format":"standard","meta":{"footnotes":"","_share_on_mastodon":"0"},"categories":[19],"tags":[89,2356,42305,90,1226,35,39,38,36,37,34,40],"class_list":["post-283254","post","type-post","status-publish","format-standard","has-post-thumbnail","category-izklaide","tag-entertainment","tag-filmas","tag-ilona-balode-udre","tag-izklaide","tag-kino","tag-latvia","tag-latvian","tag-latviesu","tag-latviesu-valoda","tag-latviesuvaloda","tag-latvija","tag-lv"],"share_on_mastodon":{"url":"https:\/\/pubeurope.com\/@lv\/117201359551250769","error":""},"_links":{"self":[{"href":"https:\/\/www.europesays.com\/lv\/wp-json\/wp\/v2\/posts\/283254","targetHints":{"allow":["GET"]}}],"collection":[{"href":"https:\/\/www.europesays.com\/lv\/wp-json\/wp\/v2\/posts"}],"about":[{"href":"https:\/\/www.europesays.com\/lv\/wp-json\/wp\/v2\/types\/post"}],"author":[{"embeddable":true,"href":"https:\/\/www.europesays.com\/lv\/wp-json\/wp\/v2\/users\/2"}],"replies":[{"embeddable":true,"href":"https:\/\/www.europesays.com\/lv\/wp-json\/wp\/v2\/comments?post=283254"}],"version-history":[{"count":0,"href":"https:\/\/www.europesays.com\/lv\/wp-json\/wp\/v2\/posts\/283254\/revisions"}],"wp:featuredmedia":[{"embeddable":true,"href":"https:\/\/www.europesays.com\/lv\/wp-json\/wp\/v2\/media\/283255"}],"wp:attachment":[{"href":"https:\/\/www.europesays.com\/lv\/wp-json\/wp\/v2\/media?parent=283254"}],"wp:term":[{"taxonomy":"category","embeddable":true,"href":"https:\/\/www.europesays.com\/lv\/wp-json\/wp\/v2\/categories?post=283254"},{"taxonomy":"post_tag","embeddable":true,"href":"https:\/\/www.europesays.com\/lv\/wp-json\/wp\/v2\/tags?post=283254"}],"curies":[{"name":"wp","href":"https:\/\/api.w.org\/{rel}","templated":true}]}}