{"id":283320,"date":"2026-09-02T12:58:12","date_gmt":"2026-09-02T12:58:12","guid":{"rendered":"https:\/\/www.europesays.com\/lv\/283320\/"},"modified":"2026-09-02T12:58:12","modified_gmt":"2026-09-02T12:58:12","slug":"latvijas-kausa-mvp-tituls-dod-tramplinu-uz-spanijas-acb-ligu-basketbols-sportacentrs-com","status":"publish","type":"post","link":"https:\/\/www.europesays.com\/lv\/283320\/","title":{"rendered":"Latvijas kausa MVP tituls dod trampl\u012bnu uz Sp\u0101nijas ACB l\u012bgu \u2013 Basketbols \u2013 Sportacentrs.com"},"content":{"rendered":"<p>Sp\u0101nijas augst\u0101kaj\u0101 l\u012bg\u0101 &#8220;Girona&#8221; komanda, kuras \u012bpa\u0161nieks ir Marks Gazols, sp\u0113l\u0113s par sp\u0113c\u012bg\u0101ko lok\u0101lo \u010dempion\u0101tu Eirop\u0101 uzskat\u012bt\u0101j\u0101 Sp\u0101nijas ACB l\u012bg\u0101 jau ceturto gadu p\u0113c k\u0101rtas. Pag\u0101ju\u0161aj\u0101 sezon\u0101 Katalonijas komanda sasniedza savu l\u012bdz \u0161im augst\u0101ko vietu Sp\u0101nijas basketbola elit\u0113, ie\u0146emot 12. poz\u012bciju. Labu v\u0101rdu par Ste\u0146oni &#8220;Girona&#8221; komandas \u012bpa\u0161niekam var aizlikt ar\u012b lietuvie\u0161a aizvad\u012bt\u0101s sezonas treneris Kaspars Vecvagars, kur\u0161 2022. gad\u0101 pal\u012bdz\u0113ja komandai pirmo reizi t\u0101s v\u0113stur\u0113 non\u0101kt Sp\u0101nijas augst\u0101kaj\u0101 l\u012bg\u0101.<\/p>\n<p>Dominiks Ste\u0146onis Valmier\u0101 tika pie jauna karjeras uzr\u0101viena. P\u0113c smaga ce\u013cgala savainojuma \u0136\u0113dai\u0146u &#8220;Neve\u017eis&#8221; rind\u0101s un nos\u0113d\u0113tas sezonas uz be\u0146\u0137a t\u0101l\u0101k\u0101 gala Pa\u0146eve\u017eas &#8220;Lietkabelis&#8221; sast\u0101v\u0101, augum\u0101 nelielais lietuvietis tika pie iesp\u0113jas sevi p\u0113c pilnas programmas apliecin\u0101t Valmier\u0101. 28 aizvad\u012bt\u0101s Latvijas &#8211; Igaunijas l\u012bgas sp\u0113l\u0113s lietuvietis tika pie 14,4 punktiem un bija turn\u012bra lab\u0101kais piesp\u0113l\u0113t\u0101js ar 7,6 asistiem vid\u0113ji sp\u0113l\u0113. Latvijas Basketbola l\u012bgas play-off turn\u012br\u0101 Ste\u0146o\u0146a r\u0101d\u012bt\u0101ji devi\u0146os ma\u010dos pieauga l\u012bdz 17,3 punktiem, bet rezultat\u012bvo piesp\u0113\u013cu kategorij\u0101 &#8211; 7,2 asist\u0113\u0161anas vid\u0113ji ma\u010d\u0101.<\/p>\n<p>Latvijas m\u0113rog\u0101 valmierie\u0161i sasniedza visus tr\u012bs iesp\u0113jamos titulus. Ste\u0146onis tika atz\u012bts par Latvijas &#8220;U\u017eavas&#8221; basketbola kausa izc\u012b\u0146as MVP. Savuk\u0101rt Latvijas &#8211; Igaunijas l\u012bgas un Latvijas \u010dempion\u0101ta fin\u0101los lietuvietim priek\u0161\u0101 MVP balvas c\u012b\u0146\u0101s tika Anivaniva Teits-D\u017eounss, kur\u0161 pagaid\u0101m v\u0113l ir bez kluba.<\/p>\n<blockquote class=\"twitter-tweet\">\n<p lang=\"lt\" dir=\"ltr\">\u2705 Benvingut a Fontajau, Dominykas! \ud83e\udd0d\u2764\ufe0f <a href=\"https:\/\/t.co\/W4nrF8CvCd\" rel=\"nofollow\">pic.twitter.com\/W4nrF8CvCd<\/a><\/p>\n<p>\u2014 FIATC Girona (@BasquetGirona) <a href=\"https:\/\/x.com\/BasquetGirona\/status\/2095090177903337932?ref_src=twsrc%5Etfw\" rel=\"nofollow\">September 2, 2026<\/a><\/p><\/blockquote>\n<p>                    <script async src=\"https:\/\/platform.twitter.com\/widgets.js\" charset=\"utf-8\"><\/script><\/p>\n","protected":false},"excerpt":{"rendered":"Sp\u0101nijas augst\u0101kaj\u0101 l\u012bg\u0101 &#8220;Girona&#8221; komanda, kuras \u012bpa\u0161nieks ir Marks Gazols, sp\u0113l\u0113s par sp\u0113c\u012bg\u0101ko lok\u0101lo \u010dempion\u0101tu Eirop\u0101 uzskat\u012bt\u0101j\u0101 Sp\u0101nijas&hellip;\n","protected":false},"author":2,"featured_media":283321,"comment_status":"","ping_status":"","sticky":false,"template":"","format":"standard","meta":{"footnotes":"","_share_on_mastodon":"0"},"categories":[17],"tags":[145,35,39,38,36,37,34,1313,1314,1312,40,67],"class_list":["post-283320","post","type-post","status-publish","format-standard","has-post-thumbnail","category-sports","tag-basketbols","tag-latvia","tag-latvian","tag-latviesu","tag-latviesu-valoda","tag-latviesuvaloda","tag-latvija","tag-latvijas-basketbola-liga","tag-latvijas-basketbols","tag-lbl","tag-lv","tag-sports"],"share_on_mastodon":{"url":"https:\/\/pubeurope.com\/@lv\/117201568058902509","error":""},"_links":{"self":[{"href":"https:\/\/www.europesays.com\/lv\/wp-json\/wp\/v2\/posts\/283320","targetHints":{"allow":["GET"]}}],"collection":[{"href":"https:\/\/www.europesays.com\/lv\/wp-json\/wp\/v2\/posts"}],"about":[{"href":"https:\/\/www.europesays.com\/lv\/wp-json\/wp\/v2\/types\/post"}],"author":[{"embeddable":true,"href":"https:\/\/www.europesays.com\/lv\/wp-json\/wp\/v2\/users\/2"}],"replies":[{"embeddable":true,"href":"https:\/\/www.europesays.com\/lv\/wp-json\/wp\/v2\/comments?post=283320"}],"version-history":[{"count":0,"href":"https:\/\/www.europesays.com\/lv\/wp-json\/wp\/v2\/posts\/283320\/revisions"}],"wp:featuredmedia":[{"embeddable":true,"href":"https:\/\/www.europesays.com\/lv\/wp-json\/wp\/v2\/media\/283321"}],"wp:attachment":[{"href":"https:\/\/www.europesays.com\/lv\/wp-json\/wp\/v2\/media?parent=283320"}],"wp:term":[{"taxonomy":"category","embeddable":true,"href":"https:\/\/www.europesays.com\/lv\/wp-json\/wp\/v2\/categories?post=283320"},{"taxonomy":"post_tag","embeddable":true,"href":"https:\/\/www.europesays.com\/lv\/wp-json\/wp\/v2\/tags?post=283320"}],"curies":[{"name":"wp","href":"https:\/\/api.w.org\/{rel}","templated":true}]}}