{"id":283326,"date":"2026-09-02T13:03:16","date_gmt":"2026-09-02T13:03:16","guid":{"rendered":"https:\/\/www.europesays.com\/lv\/283326\/"},"modified":"2026-09-02T13:03:16","modified_gmt":"2026-09-02T13:03:16","slug":"foto-ka-tauta-zinami-laudis-zinibu-dienu-aizvadija-delfi","status":"publish","type":"post","link":"https:\/\/www.europesays.com\/lv\/283326\/","title":{"rendered":"Foto: K\u0101 taut\u0101 zin\u0101mi \u013caudis Zin\u012bbu dienu aizvad\u012bja &#8211; DELFI"},"content":{"rendered":"<ol>\n<li><a href=\"https:\/\/news.google.com\/rss\/articles\/CBMiqgFBVV95cUxNNndXREpaN3VhQmM1UGsxWnYzOUdZSE9EQlN0eHdHSDhNQnZyMmpPdlY0a0U4ZGxqczUwdHhyNUVwSDZDRG5tUnBaOVRGMFBNRnJnaWlna1otMmJqTmQyNHYxbHJxT2lhaXllMmFoM052bU54LW5ZSzJYTy1JSVIwcjB3RmlCWUZFeFp1emhMeHpGYmhwYkc5S0RvcGlOUmxsTU1wcFU3R1VPQQ?oc=5\" target=\"_blank\" rel=\"nofollow noopener\">Foto: K\u0101 taut\u0101 zin\u0101mi \u013caudis Zin\u012bbu dienu aizvad\u012bja<\/a>&nbsp;&nbsp;DELFI<\/li>\n<li><a href=\"https:\/\/news.google.com\/rss\/articles\/CBMiygFBVV95cUxNT3h0YXlkMjNMenEzVVlTY1ZkOFd4c0xlaW53OTJpRDlfcGFuelBXZ1NlUEd5azQydWozVjdxQjBRd2s1bzlKVFZIRnQ2Mm1ZdmthR0M5RVh1SlpqZjdsNzZjZkdkSzRKTm05dk9maVJHUUlVZi1FMGtUc1U5dE5IWU1PbUl2dnRTQkt6Q0hmeklSRzJiT1h2aHp2aFA5SFZEdThYb25DeFRWdjlkVGg1Tm53TnpBU2VlcGZjRmxoazBmTG5ILVZzR2VR?oc=5\" target=\"_blank\" rel=\"nofollow noopener\">FOTO: Intars Busulis par\u0101da, k\u0101ds paties\u012bb\u0101 izskat\u0101s 1. septembris daudzb\u0113rnu \u0123imen\u0113<\/a>&nbsp;&nbsp;Santa.lv<\/li>\n<li><a href=\"https:\/\/news.google.com\/rss\/articles\/CBMiekFVX3lxTFBuSVpYVnVRZW9LVlJacmliYm15WU5CRDNfR3ZlQnJLUWswQWg1bWZPdVVsa1c0WFpaTW1xamRqZjY2RFM5WmFmSEtCTU5zbnhzdXNoUUhWUnFxU09SY1dwVnIxT2dFbXhCZm9nRUF5TXo5TDhxY211NE5R?oc=5\" target=\"_blank\" rel=\"nofollow noopener\">Intars Busulis un Zin\u012bbu dienas svin\u012bbas<\/a>&nbsp;&nbsp;latvijasslavenibas.lv<\/li>\n<li><a href=\"https:\/\/news.google.com\/rss\/articles\/CBMi4gFBVV95cUxOcmVRUWxtckJzRHY0NWZjYkxrWkprZ0tBOFp2RDBXdkU3VGdzZ1N6RUU1eHRrU3g0Vi1mdzl0MV83R29sMzR3eUJ2M2ZRVzhUVmZFQzlhUXdmOWI4WFhkVF9TR2EtbXJVRjVlM0xDemI2clQ4RzNOUXo4MjBKTS1OZG11Unk1U2ZqdjRvWlhTd01UNWVPSDVQU3VZdC1RTEpRbkloTzZkck80bkNxQ19NVHg2Und2aVI1Q3dzNG1BQkU4MEhWUWxZTVB4TGcwQ29YVnJUXzlmMEJSeUMxRnpRN3hR?oc=5\" target=\"_blank\" rel=\"nofollow noopener\">Foto: Busulis pavada uz skolu savus b\u0113rnus, bet neiztiek ar\u012b bez aspr\u0101t\u012bga joka<\/a>&nbsp;&nbsp;DELFI<\/li>\n<\/ol>\n","protected":false},"excerpt":{"rendered":"Foto: K\u0101 taut\u0101 zin\u0101mi \u013caudis Zin\u012bbu dienu aizvad\u012bja&nbsp;&nbsp;DELFI FOTO: Intars Busulis par\u0101da, k\u0101ds paties\u012bb\u0101 izskat\u0101s 1. septembris daudzb\u0113rnu&hellip;\n","protected":false},"author":2,"featured_media":283327,"comment_status":"","ping_status":"","sticky":false,"template":"","format":"standard","meta":{"footnotes":"","_share_on_mastodon":"0"},"categories":[19],"tags":[42285,521,89,90,7271,35,39,38,36,37,34,40,49,2199,42224],"class_list":["post-283326","post","type-post","status-publish","format-standard","has-post-thumbnail","category-izklaide","tag-1-septembris","tag-berni","tag-entertainment","tag-izklaide","tag-izklaides-topi","tag-latvia","tag-latvian","tag-latviesu","tag-latviesu-valoda","tag-latviesuvaloda","tag-latvija","tag-lv","tag-skola","tag-vecaki","tag-zinibu-diena"],"share_on_mastodon":{"url":"https:\/\/pubeurope.com\/@lv\/117201587821549379","error":""},"_links":{"self":[{"href":"https:\/\/www.europesays.com\/lv\/wp-json\/wp\/v2\/posts\/283326","targetHints":{"allow":["GET"]}}],"collection":[{"href":"https:\/\/www.europesays.com\/lv\/wp-json\/wp\/v2\/posts"}],"about":[{"href":"https:\/\/www.europesays.com\/lv\/wp-json\/wp\/v2\/types\/post"}],"author":[{"embeddable":true,"href":"https:\/\/www.europesays.com\/lv\/wp-json\/wp\/v2\/users\/2"}],"replies":[{"embeddable":true,"href":"https:\/\/www.europesays.com\/lv\/wp-json\/wp\/v2\/comments?post=283326"}],"version-history":[{"count":0,"href":"https:\/\/www.europesays.com\/lv\/wp-json\/wp\/v2\/posts\/283326\/revisions"}],"wp:featuredmedia":[{"embeddable":true,"href":"https:\/\/www.europesays.com\/lv\/wp-json\/wp\/v2\/media\/283327"}],"wp:attachment":[{"href":"https:\/\/www.europesays.com\/lv\/wp-json\/wp\/v2\/media?parent=283326"}],"wp:term":[{"taxonomy":"category","embeddable":true,"href":"https:\/\/www.europesays.com\/lv\/wp-json\/wp\/v2\/categories?post=283326"},{"taxonomy":"post_tag","embeddable":true,"href":"https:\/\/www.europesays.com\/lv\/wp-json\/wp\/v2\/tags?post=283326"}],"curies":[{"name":"wp","href":"https:\/\/api.w.org\/{rel}","templated":true}]}}