{"id":283334,"date":"2026-09-02T13:10:31","date_gmt":"2026-09-02T13:10:31","guid":{"rendered":"https:\/\/www.europesays.com\/lv\/283334\/"},"modified":"2026-09-02T13:10:31","modified_gmt":"2026-09-02T13:10:31","slug":"liepaja-pec-trenera-nomainas-parspej-riga-vienibu-tvnet-sports","status":"publish","type":"post","link":"https:\/\/www.europesays.com\/lv\/283334\/","title":{"rendered":"&quot;Liep\u0101ja&quot; p\u0113c trenera nomai\u0146as p\u0101rsp\u0113j &quot;Riga&quot; vien\u012bbu &#8211; TVNET Sports"},"content":{"rendered":"<ol>\n<li><a href=\"https:\/\/news.google.com\/rss\/articles\/CBMiiAFBVV95cUxQY04tNGM2TU9Pb0EteVN1eDVJbjhjeGZSWVN5cllnWk54Z1V0dEtiYjJtNnlRc0J1U3VTRHRJd2ZVRTBQdmplQkdZdmlKZFVDSWc3RGRTSTk1RGpLeHNxSWdXYWJrR09vbzFoWXhBTTVQTmdPNEdPeFRVdkxaM1o3OVAzeGwybWVo?oc=5\" target=\"_blank\" rel=\"nofollow noopener\">&#8220;Liep\u0101ja&#8221; p\u0113c trenera nomai\u0146as p\u0101rsp\u0113j &#8220;Riga&#8221; vien\u012bbu<\/a>&nbsp;&nbsp;TVNET Sports<\/li>\n<li><a href=\"https:\/\/news.google.com\/rss\/articles\/CBMilwFBVV95cUxOMi1GSWRTSzFxMXFKMGk4aHVxOVhVX0V4VXZDdkw3MWd2M2lONFVEazMwUFZidzE1bS0yWG41S1A4MzNpdXZtMlVtaTVMZFJySWxFcl9aaTZVZE9qN0NYYkt3U253TEVFdTV0WnBMZWdvRm5nZ211X3YtSlh4M3JCa0duRE5LTjNYQUlYX3RxbkZOX1c5c1o0?oc=5\" target=\"_blank\" rel=\"nofollow noopener\">Riga\u2033 p\u0113c Eirokausu eiforijas Virsl\u012bg\u0101 j\u0101atgrie\u017eas ar ma\u010du Liep\u0101j\u0101 \u2013 Futbols<\/a>&nbsp;&nbsp;Sportacentrs.com<\/li>\n<li><a href=\"https:\/\/news.google.com\/rss\/articles\/CBMixwFBVV95cUxPZk41T0JHSEUyVHYyenptSWdZZTVBNmtna2pEdUQwX3FMNTR5LVlKbENVaU4yQzNVTDJpRkl3empuRDM0XzVqQTRlV3hnZ2NVcUl6Rl9aVmNEclQxa0RwalNXaVh5ekN1eDlBZWVlSGFMSXdpVFJzQW9oek1ZSVBubUU4QlFmZW9pYklDcEtNb1Fiam9mMjJyR2pfbnNFVlloYmtqeGVvRkppczVaM0FoeElFWUgzOGhsSS0tM2dpdXEyTGhZcFRv?oc=5\" target=\"_blank\" rel=\"nofollow noopener\">Liep\u0101jnieki futbola virsl\u012bg\u0101 ar uzvaru &#8220;apsveic&#8221; Eirokausos iek\u013cuvu\u0161o &#8220;Riga&#8221;<\/a>&nbsp;&nbsp;Inbox.lv<\/li>\n<li><a href=\"https:\/\/news.google.com\/rss\/articles\/CBMi4gFBVV95cUxOdmd3djE3cnpud0g3Y2kwajZYVGhWRmNUclZrejZLY2RIUnF4ZE8wZ3FJN1Y2ZDk3SVlVNWt6dHYweDdVcGJNTXg2bjVNNEFjMkM5aHM1bDRuTER4cXZMN09IYU1LNjI3N3R0aEJKLTdVS2s1aVBSWlJZYTJjckx1bUdqOGtpLUlkYXZBM3UxZWwwcnN1WmQ5MDFTbGQxMnV6cTVVcVViVmFkMDRFQ2ZyMHJ1RDF6WGsydV91d1c4NDFsaDVqQVlBbzE3X29GT1cwSGZmb29GMEV6OEo3TTBUT1V3?oc=5\" target=\"_blank\" rel=\"nofollow noopener\">Konferences l\u012bg\u0101 iek\u013cuvus\u012b &#8220;Riga&#8221; ar zaud\u0113jumu Liep\u0101j\u0101 att\u0101lin\u0101s no c\u012b\u0146as par Virsl\u012bgas titulu<\/a>&nbsp;&nbsp;Inbox.lv<\/li>\n<li><a href=\"https:\/\/news.google.com\/rss\/articles\/CBMirwFBVV95cUxOeWhJVFg1cFdFTndOaEI5VjhRVFlVS1VwckpzZTg3aG10ak5OSjR2TllxVDRKSEh6OXlJejFrX28xckM4RkloU2RLLVFzVUNWVVgxajlMTHhJS1BXb180amwwbG1WTDVBNkQ5ODB5d0tUMklTNWl2aFVwWWNpVmE0UDh1aWp1cnFsbTNvUDBoWFJqQUQ4SWw0NWFkMnVuN1A2UjduMUtKc3hyVWVrcXZZ?oc=5\" target=\"_blank\" rel=\"nofollow noopener\">Eirokausu sapni piepild\u012bjus\u012b &#8220;Riga&#8221; Liep\u0101j\u0101 m\u0113\u0123in\u0101s turpin\u0101t nezaud\u0113to sp\u0113\u013cu s\u0113riju<\/a>&nbsp;&nbsp;Sportazinas.com<\/li>\n<\/ol>\n","protected":false},"excerpt":{"rendered":"&#8220;Liep\u0101ja&#8221; p\u0113c trenera nomai\u0146as p\u0101rsp\u0113j &#8220;Riga&#8221; vien\u012bbu&nbsp;&nbsp;TVNET Sports Riga\u2033 p\u0113c Eirokausu eiforijas Virsl\u012bg\u0101 j\u0101atgrie\u017eas ar ma\u010du Liep\u0101j\u0101 \u2013&hellip;\n","protected":false},"author":2,"featured_media":283335,"comment_status":"","ping_status":"","sticky":false,"template":"","format":"standard","meta":{"footnotes":"","_share_on_mastodon":"0"},"categories":[17],"tags":[1423,713,35,39,38,36,37,34,40,12233,41863,1422,67,1938,30893,9660],"class_list":["post-283334","post","type-post","status-publish","format-standard","has-post-thumbnail","category-sports","tag-auda","tag-futbola-virsliga","tag-latvia","tag-latvian","tag-latviesu","tag-latviesu-valoda","tag-latviesuvaloda","tag-latvija","tag-lv","tag-ogres-united","tag-oloko-ede","tag-rfs","tag-sports","tag-super-nova","tag-tukums-2000","tag-uefa-konferences-liga"],"share_on_mastodon":{"url":"https:\/\/pubeurope.com\/@lv\/117201615250266958","error":""},"_links":{"self":[{"href":"https:\/\/www.europesays.com\/lv\/wp-json\/wp\/v2\/posts\/283334","targetHints":{"allow":["GET"]}}],"collection":[{"href":"https:\/\/www.europesays.com\/lv\/wp-json\/wp\/v2\/posts"}],"about":[{"href":"https:\/\/www.europesays.com\/lv\/wp-json\/wp\/v2\/types\/post"}],"author":[{"embeddable":true,"href":"https:\/\/www.europesays.com\/lv\/wp-json\/wp\/v2\/users\/2"}],"replies":[{"embeddable":true,"href":"https:\/\/www.europesays.com\/lv\/wp-json\/wp\/v2\/comments?post=283334"}],"version-history":[{"count":0,"href":"https:\/\/www.europesays.com\/lv\/wp-json\/wp\/v2\/posts\/283334\/revisions"}],"wp:featuredmedia":[{"embeddable":true,"href":"https:\/\/www.europesays.com\/lv\/wp-json\/wp\/v2\/media\/283335"}],"wp:attachment":[{"href":"https:\/\/www.europesays.com\/lv\/wp-json\/wp\/v2\/media?parent=283334"}],"wp:term":[{"taxonomy":"category","embeddable":true,"href":"https:\/\/www.europesays.com\/lv\/wp-json\/wp\/v2\/categories?post=283334"},{"taxonomy":"post_tag","embeddable":true,"href":"https:\/\/www.europesays.com\/lv\/wp-json\/wp\/v2\/tags?post=283334"}],"curies":[{"name":"wp","href":"https:\/\/api.w.org\/{rel}","templated":true}]}}