{"id":283358,"date":"2026-09-02T13:32:17","date_gmt":"2026-09-02T13:32:17","guid":{"rendered":"https:\/\/www.europesays.com\/lv\/283358\/"},"modified":"2026-09-02T13:32:17","modified_gmt":"2026-09-02T13:32:17","slug":"katastrofa-nepala-lielakas-latvijas-turistu-grupas-gids-pedejo-reizi-sazinajies-ar-brali-no-robezpunkta-kinas-puse","status":"publish","type":"post","link":"https:\/\/www.europesays.com\/lv\/283358\/","title":{"rendered":"Katastrofa Nep\u0101l\u0101: liel\u0101k\u0101s Latvijas t\u016bristu grupas gids p\u0113d\u0113jo reizi sazin\u0101jies ar br\u0101li no robe\u017epunkta \u0136\u012bnas pus\u0113"},"content":{"rendered":"<p class=\"isSelectedEnd\">\u0160oned\u0113\u013c Valsts policija zi\u0146oja, ka sa\u0146\u0113musi inform\u0101ciju par gad\u012bjumiem, kad kr\u0101pnieki m\u0113\u0123in\u0101ju\u0161i no Nep\u0101l\u0101 bezv\u0113sts pazudu\u0161o latvie\u0161u tuviniekiem izkr\u0101pt naudu.<\/p>\n<p class=\"isSelectedEnd\">Prezidents izteica cer\u012bbu, ka \u0161ie kr\u0101pnieki tiks aiztur\u0113ti un vi\u0146iem tiks piem\u0113roti smag\u0101kie Krimin\u0101llikum\u0101 paredz\u0113tie sodi &#8211; gan lai dotu sign\u0101lu, ka \u0161\u0101da r\u012bc\u012bba nav pie\u013caujama, gan lai attur\u0113tu citus.<\/p>\n<p class=\"isSelectedEnd\">Kulbergs atzina, ka kr\u0101pnieki izmanto jebkuru nelaimi, lai iedz\u012bvotos, t\u0101p\u0113c iedz\u012bvot\u0101jiem j\u0101b\u016bt uzman\u012bgiem, lai neiekristu \u013caundaru lamat\u0101s.<\/p>\n<p class=\"isSelectedEnd\">Jau v\u0113st\u012bts, ka 26. august\u0101 led\u0101ja sabrukums izrais\u012bja ledus atl\u016bzu pl\u016bsmu, k\u0101 rezult\u0101t\u0101 no glaci\u0101l\u0101 ezera s\u0101k\u0101s \u016bdens un dub\u013cu pl\u016bdi, Nep\u0101l\u0101 un \u0136\u012bn\u0101 izraisot pla\u0161us post\u012bjumus. L\u012bdz 31. augusta r\u012btam bija apzin\u0101ts, ka dabas katastrof\u0101 g\u0101ju\u0161i boj\u0101 vismaz 900 cilv\u0113ki, bet bez v\u0113sts pazudu\u0161i ap 4200.<\/p>\n<p class=\"isSelectedEnd\">Tuvu katastrofas epicentram atrad\u0101s ar\u012b liela Latvijas t\u016bristu grupa, kuru bija organiz\u0113ju\u0161i jogas interesenti no &#8220;Yantra&#8221;, bet maz\u0101ks Latvijas t\u016bristu skaits <a href=\"https:\/\/www.tvnet.lv\/term\/556513\/dabas-katastrofas\" class=\"topicLink\" target=\"_blank\" rel=\"nofollow noopener\">dabas katastrofas<\/a> zon\u0101 atrad\u0101s viet\u0113j\u0101s firmas &#8220;Mighty Himalayan Trek&#8221; grup\u0101.<\/p>\n<p>\u0100rlietu ministrijai zin\u0101ms, ka tr\u012bs Latvijas iedz\u012bvot\u0101ji, kuri tobr\u012bd atrad\u0101s re\u0123ion\u0101, nav cietu\u0161i pl\u016bdu izrais\u012btaj\u0101 dub\u013cu nogruvum\u0101 Nep\u0101l\u0101, bet 33 patlaban tiek uzskat\u012bti par bezv\u0113sts pazudu\u0161iem.<\/p>\n","protected":false},"excerpt":{"rendered":"\u0160oned\u0113\u013c Valsts policija zi\u0146oja, ka sa\u0146\u0113musi inform\u0101ciju par gad\u012bjumiem, kad kr\u0101pnieki m\u0113\u0123in\u0101ju\u0161i no Nep\u0101l\u0101 bezv\u0113sts pazudu\u0161o latvie\u0161u tuviniekiem&hellip;\n","protected":false},"author":2,"featured_media":283359,"comment_status":"","ping_status":"","sticky":false,"template":"","format":"standard","meta":{"footnotes":"","_share_on_mastodon":"0"},"categories":[5],"tags":[23,464,28,29,3005,32,33,22,30,31,35,39,38,36,37,34,40,5418,20,26,27,24,25,21],"class_list":["post-283358","post","type-post","status-publish","format-standard","has-post-thumbnail","category-aktualitates","tag-aktualitates","tag-arlietu-ministrija","tag-breaking-news","tag-breakingnews","tag-dabas-katastrofas","tag-featured-news","tag-featurednews","tag-headlines","tag-latest-news","tag-latestnews","tag-latvia","tag-latvian","tag-latviesu","tag-latviesu-valoda","tag-latviesuvaloda","tag-latvija","tag-lv","tag-nepala","tag-news","tag-popularakas-zinas","tag-popularakaszinas","tag-top-stories","tag-topstories","tag-zinas"],"share_on_mastodon":{"url":"https:\/\/pubeurope.com\/@lv\/117201701976847009","error":""},"_links":{"self":[{"href":"https:\/\/www.europesays.com\/lv\/wp-json\/wp\/v2\/posts\/283358","targetHints":{"allow":["GET"]}}],"collection":[{"href":"https:\/\/www.europesays.com\/lv\/wp-json\/wp\/v2\/posts"}],"about":[{"href":"https:\/\/www.europesays.com\/lv\/wp-json\/wp\/v2\/types\/post"}],"author":[{"embeddable":true,"href":"https:\/\/www.europesays.com\/lv\/wp-json\/wp\/v2\/users\/2"}],"replies":[{"embeddable":true,"href":"https:\/\/www.europesays.com\/lv\/wp-json\/wp\/v2\/comments?post=283358"}],"version-history":[{"count":0,"href":"https:\/\/www.europesays.com\/lv\/wp-json\/wp\/v2\/posts\/283358\/revisions"}],"wp:featuredmedia":[{"embeddable":true,"href":"https:\/\/www.europesays.com\/lv\/wp-json\/wp\/v2\/media\/283359"}],"wp:attachment":[{"href":"https:\/\/www.europesays.com\/lv\/wp-json\/wp\/v2\/media?parent=283358"}],"wp:term":[{"taxonomy":"category","embeddable":true,"href":"https:\/\/www.europesays.com\/lv\/wp-json\/wp\/v2\/categories?post=283358"},{"taxonomy":"post_tag","embeddable":true,"href":"https:\/\/www.europesays.com\/lv\/wp-json\/wp\/v2\/tags?post=283358"}],"curies":[{"name":"wp","href":"https:\/\/api.w.org\/{rel}","templated":true}]}}