{"id":28353,"date":"2025-10-22T16:23:11","date_gmt":"2025-10-22T16:23:11","guid":{"rendered":"https:\/\/www.europesays.com\/lv\/28353\/"},"modified":"2025-10-22T16:23:11","modified_gmt":"2025-10-22T16:23:11","slug":"muziba-aiziet-legendarais-trimdas-latviesu-dziedatajs-ilmars-dzenis-lente-lv","status":"publish","type":"post","link":"https:\/\/www.europesays.com\/lv\/28353\/","title":{"rendered":"M\u016b\u017e\u012bb\u0101 aiziet le\u0123end\u0101rais trimdas latvie\u0161u dzied\u0101t\u0101js Ilm\u0101rs Dzenis\u00a0\u2014\u00a0Lente.lv"},"content":{"rendered":"<p>M\u016b\u017e\u012bb\u0101 aiziet latvie\u0161u trimdas dzied\u0101t\u0101js Ilm\u0101rs Dzenis<\/p>\n<p>Ar dzi\u013cu s\u0113r\u0101m un klus\u0101m skumj\u0101m Latvijas un pasaules latvie\u0161u kopiena atvad\u0101s no Ilm\u0101ra Dze\u0146a, talant\u012bga dzied\u0101t\u0101ja, dziesmu autora un noz\u012bm\u012bgas latvie\u0161u emigr\u0101cijas kult\u016bras fig\u016bras, kur\u0161 aizg\u0101jis m\u016b\u017e\u012bb\u0101 93 gadu vecum\u0101.. Vi\u0146a sirsn\u012bg\u0101s un melodisk\u0101s dziesmas ilgi skan\u0113ju\u0161as paaud\u017eu sird\u012bs, k\u013c\u016bstot par neatsveramu latvie\u0161u kopienas gar\u012bg\u0101s dz\u012bves sast\u0101vda\u013cu aiz oke\u0101niem..<\/p>\n<p>Ilm\u0101rs Dzenis m\u016b\u017e\u012bb\u0101 devies \u0161\u012b gada 15. septembr\u012b..<\/p>\n<p>Ce\u013c\u0161 no Daugavpils l\u012bdz Amerikas krastiem: dz\u012bvesst\u0101sts<\/p>\n<p>Ilm\u0101ra Dze\u0146a dz\u012bvesst\u0101sts ir st\u0101sts ne tikai par m\u016bziku, bet ar\u012b par izdz\u012bvo\u0161anu, patriotisko garu un nelok\u0101mu notur\u012bbu. Vi\u0146\u0161 dzimis 1931. gada 5. decembr\u012b Daugavpil\u012b, skolot\u0101ju \u0123imen\u0113.. B\u0113rn\u012bbas romantisko gaisotni vi\u0146\u0161 baud\u012bjis Jelgav\u0101.. Tom\u0113r v\u0113stures likte\u0146grie\u017ei, kas sk\u0101ra Eiropu Otr\u0101 pasaules kara laik\u0101, piespieda jauno Ilm\u0101ru kop\u0101 ar m\u0101ti mekl\u0113t patv\u0113rumu nacistiskaj\u0101 V\u0101cij\u0101, kur vi\u0146i non\u0101ca Eslingenes b\u0113g\u013cu nometn\u0113.. Tie\u0161i \u0161aj\u0101 nometn\u0113 aizs\u0101k\u0101s vi\u0146a muzic\u0113\u0161anas gaitas.. Lai gan ofici\u0101li tiek min\u0113ts, ka dzimis 1931. gad\u0101, paties\u012bb\u0101 vi\u0146\u0161 ir par diviem gadiem vec\u0101ks, jo vi\u0146a m\u0101te savulaik main\u012bjusi dzim\u0161anas gadu, lai pagl\u0101btu d\u0113lu no iesauk\u0161anas v\u0101cu armij\u0101..<\/p>\n<p>P\u0113c kara beig\u0101m, izbaud\u012bjis b\u0113g\u013cu gaitas un ilgojoties p\u0113c lab\u0101kas n\u0101kotnes, Ilm\u0101rs Dzenis dev\u0101s t\u0101l\u0101k uz Amerikas Savienotaj\u0101m Valst\u012bm, valsti, kas daudziem k\u013cuva par jaunu s\u0101kumu un cer\u012bbu ostu.. Amerik\u0101 vi\u0146\u0161 ne tikai atrada jaunus dz\u012bves pamatus, bet ar\u012b \u0101tri atrada sav\u0113jos \u2013 tautie\u0161us, kas dedz\u012bgi v\u0113l\u0113j\u0101s saglab\u0101t latviet\u012bbu t\u0101lu no dzimtenes..<\/p>\n<p>S\u0101kotn\u0113ji Ilm\u0101rs Dzenis ASV str\u0101d\u0101ja k\u0101 str\u0101dnieks metalur\u0123ijas uz\u0146\u0113mum\u0101 \u010cik\u0101g\u0101, paral\u0113li stud\u0113jot augstskol\u0101 un ieg\u016bstot b\u016bvin\u017eeniera profesiju.. Tom\u0113r m\u016bzika vienm\u0113r palika vi\u0146a liel\u0101k\u0101 kaisl\u012bba un sirdslieta, ko vi\u0146\u0161 uztur\u0113ja visu m\u016b\u017eu..<\/p>\n<p>Spilgt\u0101 nospieduma \u201c\u010cik\u0101gas piec\u012b\u0161u\u201d rind\u0101s<\/p>\n<p>1961. gad\u0101 Ilm\u0101rs Dzenis pievienoj\u0101s le\u0123end\u0101r\u0101s latvie\u0161u tautas m\u016bzikas grupai \u201c\u010cik\u0101gas piec\u012b\u0161i\u201d, ko bija dibin\u0101jis Alberts Legzdi\u0146\u0161.. \u0160aj\u0101 laik\u0101 vi\u0146\u0161 k\u013cuva par vienu no paz\u012bstam\u0101kajiem grupas dal\u012bbniekiem, dziedot gan solo, gan kop\u0113j\u0101 ansambl\u012b.. Kop\u0101 ar \u201c\u010cik\u0101gas piec\u012b\u0161iem\u201d 11 gadu laik\u0101 tika izdotas se\u0161as ska\u0146uplates un sniegti neskait\u0101mi koncerti trimdas latvie\u0161u kopienai.. Grupa, k\u0101 spilgta zvaigzne latvie\u0161u emigr\u0101cijas kult\u016bras debes\u012bs, d\u0101v\u0101ja klaus\u012bt\u0101jiem neaizmirstamas melodijas, kas vienoja paaudzes un stiprin\u0101ja latvisko identit\u0101ti..<\/p>\n<p>Ilm\u0101ra Dze\u0146a skaisto balsi un talantu iepazina un iem\u012b\u013coja ar\u012b dzimten\u0113 \u2013 Latvij\u0101, lai gan vi\u0146a iedzied\u0101t\u0101s ska\u0146uplates nebija ofici\u0101li pieejamas un Latvij\u0101 non\u0101ca vien pa apk\u0101rtce\u013ciem..<\/p>\n<p>Solo karjera un nemirst\u012bg\u0101s dziesmas<\/p>\n<p>P\u0113c veiksm\u012bg\u0101s sadarb\u012bbas \u201c\u010cik\u0101gas piec\u012b\u0161os\u201d, 1972. gad\u0101 Ilm\u0101rs Dzenis nol\u0113ma doties ar\u012b solo ce\u013c\u0101, lai realiz\u0113tu savu unik\u0101lo m\u0101ksliniecisko redz\u0113jumu.. Vi\u0146a dzied\u0101t\u0101ja un dziesmu autora talants nepalika neiev\u0113rots. Dzenis rad\u012bja un izpild\u012bja virkni dziesmu, kas k\u013cuva par \u012bstiem hitiem latvie\u0161u emigr\u0101cijas vid\u016b un joproj\u0101m tiek m\u012b\u013coti un dzied\u0101ti..<\/p>\n<p>Vi\u0146a dai\u013crad\u0113 bija popul\u0101ras latvie\u0161u dziesmas, k\u0101 ar\u012b \u0101rzemju autoru ska\u0146darbi, ko vi\u0146\u0161 pats p\u0101rc\u0113la uz latvie\u0161u valodu.. Dze\u0146a repertu\u0101r\u0101 bija ne tikai dziesmas no vi\u0146a b\u0113rn\u012bbas un jaun\u012bbas Latvij\u0101, bet ar\u012b latvie\u0161u tautasdziesmas un dziesmas, kas tapa Amerik\u0101..<\/p>\n<p>Da\u017eas no vi\u0146a iem\u012b\u013cot\u0101kaj\u0101m dziesm\u0101m ir \u201cZil\u0101s acis\u201d, \u201cCik dz\u012bv\u0113 viss skaists\u201d, \u201cLai dz\u012bvo tre\u0161\u0101 jaun\u012bba\u201d, \u201cT\u0113va nams\u201d, \u201cKrodzi\u0146\u0101\u201d, \u201cK\u0101 pa miglu\u201d un \u201cDa\u017eu skaistu ziedu\u201d.. \u0160\u012bs dziesmas ir k\u0101 muzik\u0101las d\u0101rgumu l\u0101des, kas glab\u0101 m\u012blest\u012bbu uz dz\u012bvi, dzimteni un nemirst\u012bgiem br\u012b\u017eiem.. T\u0101s sniedz mierin\u0101jumu un iedvesmu, kalpojot k\u0101 tilts starp paaudz\u0113m un saglab\u0101jot latvie\u0161u dv\u0113seli pasaules pla\u0161umos..<\/p>\n<p>Nov\u0113rt\u0113jums un atzin\u012bba<\/p>\n<p>Ilm\u0101ra Dze\u0146a ieguld\u012bjums latvie\u0161u kult\u016br\u0101 un m\u016bzik\u0101 ir nenoliedzams. Vi\u0146\u0161 sa\u0146\u0113mis vair\u0101kus noz\u012bm\u012bgus apbalvojumus, tostarp Atzin\u012bbas krusta V \u0161\u0137iru 2006. gad\u0101 un Latvijas m\u016bzikas ierakstu Gada balvu par m\u016b\u017ea ieguld\u012bjumu 2011. gad\u0101..<\/p>\n<p>Vi\u0146\u0161 bie\u017ei koncert\u0113ja ASV, Kan\u0101d\u0101, Austr\u0101lij\u0101, un p\u0113c Latvijas neatkar\u012bbas atjauno\u0161anas ar\u012b atgriez\u0101s dzimten\u0113 ar koncertiem.. Savu m\u016b\u017ea nogali Ilm\u0101rs Dzenis pavad\u012bjis Florid\u0101, ASV, kur kop\u0101 ar sievu Silviju piedal\u012bj\u0101s Sentp\u012btersbergas latvie\u0161u biedr\u012bbas pas\u0101kumos.. Vi\u0146a sieva Silvija m\u016b\u017e\u012bb\u0101 aizg\u0101ja 2022. gada apr\u012bl\u012b..<\/p>\n<p>Ilm\u0101ra Dze\u0146a balss ir k\u0101 laikmeta elpa, kas aiznesa latvie\u0161u melodiju p\u0101ri oke\u0101nam.. Vi\u0146a dziesmas atbalsoj\u0101s gan \u010cik\u0101gas pievakar\u0113s, gan Latvijas estr\u0101d\u0113s, bet p\u0113d\u0113jos gados \u2013 zem saulainaj\u0101m Floridas palm\u0101m.. Vi\u0146a piemi\u0146a dz\u012bvos m\u016bsu sird\u012bs caur vi\u0146a m\u016b\u017eam za\u013caj\u0101m dziesm\u0101m.<\/p>\n","protected":false},"excerpt":{"rendered":"M\u016b\u017e\u012bb\u0101 aiziet latvie\u0161u trimdas dzied\u0101t\u0101js Ilm\u0101rs Dzenis Ar dzi\u013cu s\u0113r\u0101m un klus\u0101m skumj\u0101m Latvijas un pasaules latvie\u0161u kopiena&hellip;\n","protected":false},"author":2,"featured_media":28354,"comment_status":"","ping_status":"","sticky":false,"template":"","format":"standard","meta":{"footnotes":""},"categories":[19],"tags":[8601,8722,89,8268,90,35,39,38,194,36,37,34,40,8721],"class_list":{"0":"post-28353","1":"post","2":"type-post","3":"status-publish","4":"format-standard","5":"has-post-thumbnail","7":"category-izklaide","8":"tag-cikagas-piecisi","9":"tag-dziesminieks","10":"tag-entertainment","11":"tag-ilmars-dzenis","12":"tag-izklaide","13":"tag-latvia","14":"tag-latvian","15":"tag-latviesu","16":"tag-latviesu-muzika","17":"tag-latviesu-valoda","18":"tag-latviesuvaloda","19":"tag-latvija","20":"tag-lv","21":"tag-trimdas-latvietis"},"share_on_mastodon":{"url":"","error":""},"_links":{"self":[{"href":"https:\/\/www.europesays.com\/lv\/wp-json\/wp\/v2\/posts\/28353","targetHints":{"allow":["GET"]}}],"collection":[{"href":"https:\/\/www.europesays.com\/lv\/wp-json\/wp\/v2\/posts"}],"about":[{"href":"https:\/\/www.europesays.com\/lv\/wp-json\/wp\/v2\/types\/post"}],"author":[{"embeddable":true,"href":"https:\/\/www.europesays.com\/lv\/wp-json\/wp\/v2\/users\/2"}],"replies":[{"embeddable":true,"href":"https:\/\/www.europesays.com\/lv\/wp-json\/wp\/v2\/comments?post=28353"}],"version-history":[{"count":0,"href":"https:\/\/www.europesays.com\/lv\/wp-json\/wp\/v2\/posts\/28353\/revisions"}],"wp:featuredmedia":[{"embeddable":true,"href":"https:\/\/www.europesays.com\/lv\/wp-json\/wp\/v2\/media\/28354"}],"wp:attachment":[{"href":"https:\/\/www.europesays.com\/lv\/wp-json\/wp\/v2\/media?parent=28353"}],"wp:term":[{"taxonomy":"category","embeddable":true,"href":"https:\/\/www.europesays.com\/lv\/wp-json\/wp\/v2\/categories?post=28353"},{"taxonomy":"post_tag","embeddable":true,"href":"https:\/\/www.europesays.com\/lv\/wp-json\/wp\/v2\/tags?post=28353"}],"curies":[{"name":"wp","href":"https:\/\/api.w.org\/{rel}","templated":true}]}}