{"id":28361,"date":"2025-10-22T16:29:07","date_gmt":"2025-10-22T16:29:07","guid":{"rendered":"https:\/\/www.europesays.com\/lv\/28361\/"},"modified":"2025-10-22T16:29:07","modified_gmt":"2025-10-22T16:29:07","slug":"kinodrama-tumszilais-evangelijs-atklaj-90-gadu-rigas-tumso-pusi-lente-lv","status":"publish","type":"post","link":"https:\/\/www.europesays.com\/lv\/28361\/","title":{"rendered":"Kinodr\u0101ma &#8220;Tum\u0161zilais eva\u0146\u0123\u0113lijs&#8221; atkl\u0101j 90. gadu R\u012bgas tum\u0161o pusi\u00a0\u2014\u00a0Lente.lv"},"content":{"rendered":"<p>Filma &#8220;Tum\u0161zilais eva\u0146\u0123\u0113lijs&#8221; atspogu\u013co 90. gadu Latvijas realit\u0101ti<\/p>\n<p>Latvijas kinom\u012b\u013cus priec\u0113 jaunums \u2013 krimin\u0101ldr\u0101ma &#8220;Tum\u0161zilais eva\u0146\u0123\u0113lijs&#8221;, kas aizved skat\u012bt\u0101jus uz 1995. gada R\u012bgu, atainojot &#8220;me\u017eon\u012bgo devi\u0146desmito&#8221; gadu atmosf\u0113ru. Filma, ko veidojusi rado\u0161\u0101 komanda aiz popul\u0101r\u0101s filmas &#8220;Krimin\u0101l\u0101s ekselences fonds&#8221;, pied\u0101v\u0101 autentisku un neizpu\u0161\u0137otu ieskatu laikmet\u0101, kas bija pilns ar noziedz\u012bbu, korupciju un mor\u0101lu nenoteikt\u012bbu. Kaut ar\u012b t\u0113ma ir dr\u016bma, filmas veidot\u0101ji sol\u0101s saglab\u0101t ar\u012b ironiju un humoru, kas raksturo dz\u012bvi.<\/p>\n<p>Filmas centr\u0101 ir jaunais policijas izmekl\u0113t\u0101js Rom\u0101ns Skulte, kur\u0161 ar ide\u0101lismu un ap\u0146\u0113m\u012bbu ien\u0101k R\u012bgas policijas aprit\u0113. Tom\u0113r dr\u012bz vien vi\u0146\u0161 saprot, ka c\u012b\u0146\u0101 pret noziedz\u012bbu un varb\u016bt pat savas noda\u013cas \u0161\u0137\u0113r\u0161\u013ciem, n\u0101ksies p\u0101rk\u0101pt noteiktus principus. \u0160is st\u0101sts par c\u012b\u0146u ar sav\u0101m idej\u0101m un realit\u0101ti ir aktu\u0101ls ikvienam, \u013caujot izdz\u012bvot t\u0101 laika pretrun\u012bgo atmosf\u0113ru.<\/p>\n<p>Pirmizr\u0101de un skat\u012bt\u0101ju nov\u0113rt\u0113jums<\/p>\n<p>Filmas pirmizr\u0101de notika 8. oktobr\u012b kinote\u0101tr\u012b &#8220;Forum Cinemas&#8221;, pulc\u0113jot pilnas z\u0101les un sa\u0146emot karstus aplausus no skat\u012bt\u0101jiem. Kop\u0161 10. oktobra filma ir skat\u0101ma visos Latvijas kinote\u0101tros, un pirmaj\u0101 ned\u0113\u013cas nogal\u0113 to noskat\u012bju\u0161ies jau vair\u0101k nek\u0101 11 000 cilv\u0113ku, apliecinot t\u0101s popularit\u0101ti. Lai veicin\u0101tu saikni ar skat\u012bt\u0101jiem, filmas rado\u0161\u0101 komanda turpina tikties ar publiku \u012bpa\u0161os seansos vis\u0101 Latvij\u0101, daloties iespaidos un atbildot uz jaut\u0101jumiem.<\/p>\n<p>Re\u017eisors Oskars Rupenheits, kur\u0161 pla\u0161\u0101kai publikai paz\u012bstams ar &#8220;Krimin\u0101l\u0101s ekselences fondu&#8221;, ar \u0161o darbu atkal pier\u0101da savu sp\u0113ju rad\u012bt aizraujo\u0161us st\u0101stus, kas dzi\u013ci rezon\u0113 ar skat\u012bt\u0101jiem. K\u0101 apliecin\u0101jis viens no filmas producentiem Sergejs Timo\u0146ins, pilnas z\u0101les un skat\u012bt\u0101ju acu mirdzums ir liel\u0101kais nov\u0113rt\u0113jums vair\u0101ku gadu darbam, un tas apliecina, ka kino joproj\u0101m sp\u0113j vienot cilv\u0113kus.<\/p>\n<p>Starptautisk\u0101 atzin\u012bba un n\u0101kamie so\u013ci<\/p>\n<p>P\u0113c Latvijas pirmizr\u0101des filma uzs\u0101ks savu starptautisko ce\u013cojumu, piedaloties presti\u017eaj\u0101 Tallinas kinofestiv\u0101l\u0101 &#8220;Meln\u0101s naktis&#8221; (P\u00d6FF). Tur t\u0101 tiks demonstr\u0113ta Baltijas filmu konkursa programm\u0101 ar starptautisko pirmizr\u0101di 19. novembr\u012b. \u0160is notikums ir noz\u012bm\u012bgs apliecin\u0101jums filmas kvalit\u0101tei un t\u0101s potenci\u0101lam starptautiskaj\u0101 ar\u0113n\u0101, jo P\u00d6FF ir viens no liel\u0101kajiem Zieme\u013ceiropas kinofestiv\u0101liem, kas ietilpst A kategorij\u0101 kop\u0101 ar Kannu un Berl\u012bnes festiv\u0101liem.<\/p>\n<p>Filma &#8220;Tum\u0161zilais eva\u0146\u0123\u0113lijs&#8221; ir r\u016bp\u012bgi veidots darbs, kur\u0101 lomas atveido neprofesion\u0101li aktieri, pie\u0161\u0137irot st\u0101stam \u012bpa\u0161u autentiskumu. Scen\u0101rija tap\u0161an\u0101 veikta pla\u0161a izp\u0113te, iek\u013caujot re\u0101las dz\u012bves deta\u013cas un situ\u0101cijas, kas padara st\u0101stu par v\u0113l aizraujo\u0161\u0101ku. Filmas nosaukums, lai gan var\u0113tu \u0161\u0137ist reli\u0123isks, dr\u012bz\u0101k j\u0101uztver k\u0101 metafora, kas atspogu\u013co laikmeta sare\u017e\u0123\u012bt\u012bbu un cilv\u0113ku iek\u0161\u0113j\u0101s c\u012b\u0146as.<\/p>\n","protected":false},"excerpt":{"rendered":"Filma &#8220;Tum\u0161zilais eva\u0146\u0123\u0113lijs&#8221; atspogu\u013co 90. gadu Latvijas realit\u0101ti Latvijas kinom\u012b\u013cus priec\u0113 jaunums \u2013 krimin\u0101ldr\u0101ma &#8220;Tum\u0161zilais eva\u0146\u0123\u0113lijs&#8221;, kas aizved&hellip;\n","protected":false},"author":2,"featured_media":28362,"comment_status":"","ping_status":"","sticky":false,"template":"","format":"standard","meta":{"footnotes":""},"categories":[19],"tags":[1949,89,90,1948,35,39,38,36,37,34,100,40,1950,1947],"class_list":{"0":"post-28361","1":"post","2":"type-post","3":"status-publish","4":"format-standard","5":"has-post-thumbnail","7":"category-izklaide","8":"tag-90-gadi","9":"tag-entertainment","10":"tag-izklaide","11":"tag-kriminaldrama","12":"tag-latvia","13":"tag-latvian","14":"tag-latviesu","15":"tag-latviesu-valoda","16":"tag-latviesuvaloda","17":"tag-latvija","18":"tag-latvijas-kino","19":"tag-lv","20":"tag-oskars-rupenheits","21":"tag-tumszilais-evangelijs"},"share_on_mastodon":{"url":"","error":""},"_links":{"self":[{"href":"https:\/\/www.europesays.com\/lv\/wp-json\/wp\/v2\/posts\/28361","targetHints":{"allow":["GET"]}}],"collection":[{"href":"https:\/\/www.europesays.com\/lv\/wp-json\/wp\/v2\/posts"}],"about":[{"href":"https:\/\/www.europesays.com\/lv\/wp-json\/wp\/v2\/types\/post"}],"author":[{"embeddable":true,"href":"https:\/\/www.europesays.com\/lv\/wp-json\/wp\/v2\/users\/2"}],"replies":[{"embeddable":true,"href":"https:\/\/www.europesays.com\/lv\/wp-json\/wp\/v2\/comments?post=28361"}],"version-history":[{"count":0,"href":"https:\/\/www.europesays.com\/lv\/wp-json\/wp\/v2\/posts\/28361\/revisions"}],"wp:featuredmedia":[{"embeddable":true,"href":"https:\/\/www.europesays.com\/lv\/wp-json\/wp\/v2\/media\/28362"}],"wp:attachment":[{"href":"https:\/\/www.europesays.com\/lv\/wp-json\/wp\/v2\/media?parent=28361"}],"wp:term":[{"taxonomy":"category","embeddable":true,"href":"https:\/\/www.europesays.com\/lv\/wp-json\/wp\/v2\/categories?post=28361"},{"taxonomy":"post_tag","embeddable":true,"href":"https:\/\/www.europesays.com\/lv\/wp-json\/wp\/v2\/tags?post=28361"}],"curies":[{"name":"wp","href":"https:\/\/api.w.org\/{rel}","templated":true}]}}