{"id":28363,"date":"2025-10-22T16:33:08","date_gmt":"2025-10-22T16:33:08","guid":{"rendered":"https:\/\/www.europesays.com\/lv\/28363\/"},"modified":"2025-10-22T16:33:08","modified_gmt":"2025-10-22T16:33:08","slug":"latvijas-tirdzniecibas-un-rupniecibas-kameras-vaditajs-endzins-vadis-ricibas-grupu-birokratijas-mazinasanai","status":"publish","type":"post","link":"https:\/\/www.europesays.com\/lv\/28363\/","title":{"rendered":"Latvijas Tirdzniec\u012bbas un r\u016bpniec\u012bbas kameras vad\u012bt\u0101js Endzi\u0146\u0161 vad\u012bs R\u012bc\u012bbas grupu birokr\u0101tijas mazin\u0101\u0161anai"},"content":{"rendered":"<p>Kronbergs, v\u0113rt\u0113jot l\u012bdz \u0161im paveikto birokr\u0101tijas un administrat\u012bv\u0101 sloga mazin\u0101\u0161an\u0101, uzsver, ka progress ir, un tas apliecina, ka no birokr\u0101tijas mazin\u0101\u0161anas pilotprojekta, kur\u0101 tika str\u0101d\u0101ts pie 21 priorit\u0101r\u0101 pas\u0101kuma, var virz\u012bties uz r\u012bc\u012bbas grupu birokr\u0101tijas mazin\u0101\u0161anai k\u0101 past\u0101v\u012bgu platformu ar ambicioz\u0101kiem m\u0113r\u0137iem. &#8220;R\u012bc\u012bbas grupas vad\u012b\u0161ana turpm\u0101k pras\u012bs pilnu darba dienu, un esmu gandar\u012bts, ka viens no vald\u012bbas sadarb\u012bbas partneriem &#8211; Latvijas Tirdzniec\u012bbas un r\u016bpniec\u012bbas kamera (LTRK) &#8211; \u0161im atbild\u012bgajam uzdevumam ir izvirz\u012bjusi savu p\u0101rst\u0101vi, kur\u0161 ir gatavs nolikt mal\u0101 l\u012bdz\u0161in\u0113jos pien\u0101kumus un \u0137erties pie birokr\u0101tijas sloga mazin\u0101\u0161anas k\u0101 pilna laika pien\u0101kumiem,&#8221; saka Kronbergs.<\/p>\n","protected":false},"excerpt":{"rendered":"Kronbergs, v\u0113rt\u0113jot l\u012bdz \u0161im paveikto birokr\u0101tijas un administrat\u012bv\u0101 sloga mazin\u0101\u0161an\u0101, uzsver, ka progress ir, un tas apliecina, ka&hellip;\n","protected":false},"author":2,"featured_media":28364,"comment_status":"","ping_status":"","sticky":false,"template":"","format":"standard","meta":{"footnotes":""},"categories":[12],"tags":[23,28,29,32,33,22,30,31,35,39,38,36,37,34,40,20,26,27,24,25,21],"class_list":{"0":"post-28363","1":"post","2":"type-post","3":"status-publish","4":"format-standard","5":"has-post-thumbnail","7":"category-latvija","8":"tag-aktualitates","9":"tag-breaking-news","10":"tag-breakingnews","11":"tag-featured-news","12":"tag-featurednews","13":"tag-headlines","14":"tag-latest-news","15":"tag-latestnews","16":"tag-latvia","17":"tag-latvian","18":"tag-latviesu","19":"tag-latviesu-valoda","20":"tag-latviesuvaloda","21":"tag-latvija","22":"tag-lv","23":"tag-news","24":"tag-popularakas-zinas","25":"tag-popularakaszinas","26":"tag-top-stories","27":"tag-topstories","28":"tag-zinas"},"share_on_mastodon":{"url":"","error":""},"_links":{"self":[{"href":"https:\/\/www.europesays.com\/lv\/wp-json\/wp\/v2\/posts\/28363","targetHints":{"allow":["GET"]}}],"collection":[{"href":"https:\/\/www.europesays.com\/lv\/wp-json\/wp\/v2\/posts"}],"about":[{"href":"https:\/\/www.europesays.com\/lv\/wp-json\/wp\/v2\/types\/post"}],"author":[{"embeddable":true,"href":"https:\/\/www.europesays.com\/lv\/wp-json\/wp\/v2\/users\/2"}],"replies":[{"embeddable":true,"href":"https:\/\/www.europesays.com\/lv\/wp-json\/wp\/v2\/comments?post=28363"}],"version-history":[{"count":0,"href":"https:\/\/www.europesays.com\/lv\/wp-json\/wp\/v2\/posts\/28363\/revisions"}],"wp:featuredmedia":[{"embeddable":true,"href":"https:\/\/www.europesays.com\/lv\/wp-json\/wp\/v2\/media\/28364"}],"wp:attachment":[{"href":"https:\/\/www.europesays.com\/lv\/wp-json\/wp\/v2\/media?parent=28363"}],"wp:term":[{"taxonomy":"category","embeddable":true,"href":"https:\/\/www.europesays.com\/lv\/wp-json\/wp\/v2\/categories?post=28363"},{"taxonomy":"post_tag","embeddable":true,"href":"https:\/\/www.europesays.com\/lv\/wp-json\/wp\/v2\/tags?post=28363"}],"curies":[{"name":"wp","href":"https:\/\/api.w.org\/{rel}","templated":true}]}}