{"id":28365,"date":"2025-10-22T16:34:08","date_gmt":"2025-10-22T16:34:08","guid":{"rendered":"https:\/\/www.europesays.com\/lv\/28365\/"},"modified":"2025-10-22T16:34:08","modified_gmt":"2025-10-22T16:34:08","slug":"mirusas-luizes-mamma-pastasta-par-notikuso","status":"publish","type":"post","link":"https:\/\/www.europesays.com\/lv\/28365\/","title":{"rendered":"miru\u0161\u0101s Lu\u012bzes mamma past\u0101sta par notiku\u0161o"},"content":{"rendered":"<p>&#8220;Vien\u012bg\u0101 k\u013c\u016bda, ko es izdar\u012bju, ka es izsl\u0113dzu telefonu un ska\u0146u. Man vajadz\u0113ja izgul\u0113ties pirms darba. Es nekad m\u016b\u017e\u0101 sev nepiedo\u0161u,&#8221; atcer\u0113j\u0101s L\u012bga.<\/p>\n<p>No r\u012bta plkst.5.36 L\u012bgai bija zvan\u012bjusi meitas draudzene, ar kuru kop\u0101 lietotas tabletes. L\u012bga nedzird\u0113ja. \u0100trajai pal\u012bdz\u012bbai zi\u0146a tika dota p\u0113c vair\u0101k nek\u0101 stundas. L\u012bga dom\u0101 atkal un atkal \u2013 varb\u016bt, ja medi\u0137i b\u016btu izsaukti \u0101tr\u0101k, Lu\u012bze joproj\u0101m b\u016btu dz\u012bva.<\/p>\n<p>&#8220;Pras\u012bju \u0101rstiem, k\u0101p\u0113c t\u0101 ir. Viens otrs ir piln\u012bgi&#8230; Tik, cik noreibis no t\u0101, un viss, vi\u0146\u0161 ir fiziski akt\u012bvs, un viss k\u0101rt\u012bb\u0101. Un Lu\u012bzei ir tik \u013coti, ka piln\u012bgi koma.&#8221;<\/p>\n<p>Meitene tika nog\u0101d\u0101ta slimn\u012bc\u0101, kur p\u0113c laika tika secin\u0101ts, ka Lu\u012bzes smadzenes ir miru\u0161as. M\u0101te piekrita meitas org\u0101nus ziedot; org\u0101nus sa\u0146\u0113mu\u0161i pieci cilv\u0113ki.<\/p>\n<p>&#8220;Es priec\u0101jos \u013coti, ka tie pieci cilv\u0113ki dz\u012bvo. \u013boti priec\u0101jos,&#8221; saka Lu\u012bzes mamma.<\/p>\n<p>Vair\u0101k skaties si\u017eet\u0101!<\/p>\n<p>Lu\u012bzes n\u0101ve likusi daudz nopietn\u0101k raudz\u012bties uz narkotiku izplat\u012bbu. Eksperti l\u0113\u0161, ka \u0161obr\u012bd aptuveni 70 % jaunie\u0161u ir pam\u0113\u0123in\u0101ju\u0161i k\u0101du no apreibino\u0161aj\u0101m vai vesel\u012bbai kait\u012bg\u0101m viel\u0101m. T\u0101pat policijas atkl\u0101tie lielie narkotiku daudzumi pie iesp\u0113jamajiem izplat\u012bt\u0101jiem nor\u0101da uz faktu, ka j\u0101iegulda pamat\u012bg\u0101ks darbs.<\/p>\n","protected":false},"excerpt":{"rendered":"&#8220;Vien\u012bg\u0101 k\u013c\u016bda, ko es izdar\u012bju, ka es izsl\u0113dzu telefonu un ska\u0146u. Man vajadz\u0113ja izgul\u0113ties pirms darba. Es nekad&hellip;\n","protected":false},"author":2,"featured_media":28366,"comment_status":"","ping_status":"","sticky":false,"template":"","format":"standard","meta":{"footnotes":""},"categories":[5],"tags":[23,28,29,32,33,22,30,31,35,39,38,36,37,34,40,359,20,163,26,27,24,25,21],"class_list":{"0":"post-28365","1":"post","2":"type-post","3":"status-publish","4":"format-standard","5":"has-post-thumbnail","7":"category-aktualitates","8":"tag-aktualitates","9":"tag-breaking-news","10":"tag-breakingnews","11":"tag-featured-news","12":"tag-featurednews","13":"tag-headlines","14":"tag-latest-news","15":"tag-latestnews","16":"tag-latvia","17":"tag-latvian","18":"tag-latviesu","19":"tag-latviesu-valoda","20":"tag-latviesuvaloda","21":"tag-latvija","22":"tag-lv","23":"tag-narkotikas","24":"tag-news","25":"tag-policija","26":"tag-popularakas-zinas","27":"tag-popularakaszinas","28":"tag-top-stories","29":"tag-topstories","30":"tag-zinas"},"share_on_mastodon":{"url":"","error":""},"_links":{"self":[{"href":"https:\/\/www.europesays.com\/lv\/wp-json\/wp\/v2\/posts\/28365","targetHints":{"allow":["GET"]}}],"collection":[{"href":"https:\/\/www.europesays.com\/lv\/wp-json\/wp\/v2\/posts"}],"about":[{"href":"https:\/\/www.europesays.com\/lv\/wp-json\/wp\/v2\/types\/post"}],"author":[{"embeddable":true,"href":"https:\/\/www.europesays.com\/lv\/wp-json\/wp\/v2\/users\/2"}],"replies":[{"embeddable":true,"href":"https:\/\/www.europesays.com\/lv\/wp-json\/wp\/v2\/comments?post=28365"}],"version-history":[{"count":0,"href":"https:\/\/www.europesays.com\/lv\/wp-json\/wp\/v2\/posts\/28365\/revisions"}],"wp:featuredmedia":[{"embeddable":true,"href":"https:\/\/www.europesays.com\/lv\/wp-json\/wp\/v2\/media\/28366"}],"wp:attachment":[{"href":"https:\/\/www.europesays.com\/lv\/wp-json\/wp\/v2\/media?parent=28365"}],"wp:term":[{"taxonomy":"category","embeddable":true,"href":"https:\/\/www.europesays.com\/lv\/wp-json\/wp\/v2\/categories?post=28365"},{"taxonomy":"post_tag","embeddable":true,"href":"https:\/\/www.europesays.com\/lv\/wp-json\/wp\/v2\/tags?post=28365"}],"curies":[{"name":"wp","href":"https:\/\/api.w.org\/{rel}","templated":true}]}}