{"id":28369,"date":"2025-10-22T16:38:07","date_gmt":"2025-10-22T16:38:07","guid":{"rendered":"https:\/\/www.europesays.com\/lv\/28369\/"},"modified":"2025-10-22T16:38:07","modified_gmt":"2025-10-22T16:38:07","slug":"luvras-laupitaji-vel-nav-notverti-bet-franciju-parsalc-vel-viena-skala-muzeju-zadziba","status":"publish","type":"post","link":"https:\/\/www.europesays.com\/lv\/28369\/","title":{"rendered":"Luvras laup\u012bt\u0101ji v\u0113l nav notverti, bet Franciju p\u0101r\u0161alc v\u0113l viena ska\u013ca muzeju z\u0101dz\u012bba"},"content":{"rendered":"<p>T\u016bristi st\u0101vot rind\u0101 uz iek\u013c\u016b\u0161anu pasaulslavenaj\u0101 muzej\u0101, atz\u012bst, ka notiku\u0161ais ir rad\u012bjis zin\u0101mu nedro\u0161\u012bbas saj\u016btu<\/p>\n<p>\u201cT\u0101 k\u0101 esam no ASV, m\u0113s jau s\u0101kotn\u0113ji bij\u0101m piesardz\u012bgi, ta\u010du \u0161is notikums lika k\u013c\u016bt v\u0113l piesardz\u012bg\u0101kiem \u2014 b\u016bt dro\u0161\u012bb\u0101, nekur neiet vieniem un vienm\u0113r pieskat\u012bt citam citu, jo nekad nevar zin\u0101t, kas var notikt. Tas ta\u010du notika dienas vid\u016b,\u201d saka Br\u012b Floida, t\u016briste no Floridas.<\/p>\n<p>Zag\u013ci, kurus izmekl\u0113t\u0101ji saista ar organiz\u0113to noziedz\u012bbu, izmantoja kravas automa\u0161\u012bnu ar pac\u0113l\u0101ju, lai iek\u013c\u016btu Apollona galerij\u0101, tikai da\u017eu so\u013cu att\u0101lum\u0101 no \u201cMonas Lizas\u201d. Maz\u0101k nek\u0101 asto\u0146u min\u016b\u0161u laik\u0101 vi\u0146i sadrag\u0101ja vitr\u012bnas un aizb\u0113ga ar motorolleriem.<\/p>\n<p>Lai gan Luvra jau atkal ir atv\u0113rta apmekl\u0113t\u0101jiem, ta\u010du Apollona galerija, kur notika noziegums ned\u0113\u013cas s\u0101kum\u0101, joproj\u0101m paliek sl\u0113gta, kam\u0113r tur str\u0101d\u0101 izmekl\u0113t\u0101ji.<\/p>\n<p>\u201cPiln\u012bga dro\u0161\u012bba nav iesp\u0113jama, ta\u010du \u0161\u0101dam gad\u012bjumam nevajadz\u0113ja notikt. Izmekl\u0113\u0161ana noskaidros prec\u012bzus apst\u0101k\u013cus un l\u012bdz t\u0101s \u2013 \u012bpa\u0161i administrat\u012bv\u0101s izmekl\u0113\u0161anas \u2013 secin\u0101jumu publisko\u0161anai m\u0113s neizteiksim nek\u0101dus koment\u0101rus,\u201d nor\u0101da Francijas vald\u012bbas p\u0101rst\u0101ve Moda Bre\u017eona.<\/p>\n<p>Ar\u012b muzeja vad\u012bbai \u0161odien n\u0101c\u0101s sniegt paskaidrojumus par iesp\u0113jamiem dro\u0161\u012bbas tr\u016bkumiem. Notiku\u0161ais Francij\u0101 tiek v\u0113rt\u0113ts k\u0101 nopietns trieciens valsts kult\u016bras mantojumam un vald\u012bba ir uzdevusi pa\u0101trin\u0101t dro\u0161\u012bbas pas\u0101kumu ievie\u0161anu vis\u0101s muzeju iest\u0101d\u0113s.<\/p>\n<p class=\"ad-desc ad-desc-main\">Saturs turpin\u0101s p\u0113c rekl\u0101mas<\/p>\n<p class=\"ad-desc ad-desc-sec\">Rekl\u0101ma<\/p>\n<p>Kult\u016bras ministrei Ra\u0161idai Dati par notiku\u0161o n\u0101c\u0101s aytskait\u012bties valsts parlament\u0101: \u201cTaisn\u012bba, ka p\u0101r\u0101k ilgi neesam nov\u0113rt\u0113ju\u0161i m\u0101kslas darbu un priek\u0161metu dro\u0161\u012bbu. P\u0101r\u0101k ilgi priorit\u0101te bijusi apmekl\u0113t\u0101ju dro\u0161\u012bba, nevis pa\u0161u m\u0101kslas v\u0113rt\u012bbu aizsardz\u012bba. Luvras muzejs nav parasts muzejs \u2013 tas ir kult\u016bras mantojuma piemineklis un par t\u0101 da\u013cu uzskat\u0101ma ar\u012b pati \u0113ka. Un, lai preciz\u0113tu \u2013 dro\u0161\u012bbas sist\u0113mas \u0161oreiz nav piev\u012blu\u0161as.\u201d<\/p>\n<p>Policija pie\u013cauj, ka d\u0101rglietas jau var\u0113tu b\u016bt izvestas no valsts vai p\u0101rkaus\u0113tas.<\/p>\n<p>Likumsargi uzskata, ka z\u0101dz\u012bb\u0101 piedal\u012bj\u0101s \u010detri cilv\u0113ki; notiek videoierakstu un pirkstu nospiedumu anal\u012bze. Izmekl\u0113\u0161an\u0101 iesaist\u012bti aptuveni simts likumsargu.<\/p>\n<p class=\"tv3-fw-500\">Zi\u0146o par k\u013c\u016bdu rakst\u0101<\/p>\n<p class=\"d-md-block d-none\">Iez\u012bm\u0113 k\u013c\u016bdaino tekstu un spied Ctrl+Enter.<\/p>\n<p class=\"d-md-none d-block\">Iez\u012bm\u0113 k\u013c\u016bdaino tekstu un zi\u0146o par to!<\/p>\n","protected":false},"excerpt":{"rendered":"T\u016bristi st\u0101vot rind\u0101 uz iek\u013c\u016b\u0161anu pasaulslavenaj\u0101 muzej\u0101, atz\u012bst, ka notiku\u0161ais ir rad\u012bjis zin\u0101mu nedro\u0161\u012bbas saj\u016btu \u201cT\u0101 k\u0101 esam&hellip;\n","protected":false},"author":2,"featured_media":28370,"comment_status":"","ping_status":"","sticky":false,"template":"","format":"standard","meta":{"footnotes":""},"categories":[14],"tags":[23,57,28,29,32,33,8724,22,30,31,35,39,38,36,37,34,40,20,26,27,24,25,54,55,56,21,58],"class_list":{"0":"post-28369","1":"post","2":"type-post","3":"status-publish","4":"format-standard","5":"has-post-thumbnail","7":"category-zinas-no-arvalstim","8":"tag-aktualitates","9":"tag-arvalstim","10":"tag-breaking-news","11":"tag-breakingnews","12":"tag-featured-news","13":"tag-featurednews","14":"tag-francijaluvrazadziba","15":"tag-headlines","16":"tag-latest-news","17":"tag-latestnews","18":"tag-latvia","19":"tag-latvian","20":"tag-latviesu","21":"tag-latviesu-valoda","22":"tag-latviesuvaloda","23":"tag-latvija","24":"tag-lv","25":"tag-news","26":"tag-popularakas-zinas","27":"tag-popularakaszinas","28":"tag-top-stories","29":"tag-topstories","30":"tag-world","31":"tag-world-news","32":"tag-worldnews","33":"tag-zinas","34":"tag-zinas-no-arvalstim"},"share_on_mastodon":{"url":"","error":""},"_links":{"self":[{"href":"https:\/\/www.europesays.com\/lv\/wp-json\/wp\/v2\/posts\/28369","targetHints":{"allow":["GET"]}}],"collection":[{"href":"https:\/\/www.europesays.com\/lv\/wp-json\/wp\/v2\/posts"}],"about":[{"href":"https:\/\/www.europesays.com\/lv\/wp-json\/wp\/v2\/types\/post"}],"author":[{"embeddable":true,"href":"https:\/\/www.europesays.com\/lv\/wp-json\/wp\/v2\/users\/2"}],"replies":[{"embeddable":true,"href":"https:\/\/www.europesays.com\/lv\/wp-json\/wp\/v2\/comments?post=28369"}],"version-history":[{"count":0,"href":"https:\/\/www.europesays.com\/lv\/wp-json\/wp\/v2\/posts\/28369\/revisions"}],"wp:featuredmedia":[{"embeddable":true,"href":"https:\/\/www.europesays.com\/lv\/wp-json\/wp\/v2\/media\/28370"}],"wp:attachment":[{"href":"https:\/\/www.europesays.com\/lv\/wp-json\/wp\/v2\/media?parent=28369"}],"wp:term":[{"taxonomy":"category","embeddable":true,"href":"https:\/\/www.europesays.com\/lv\/wp-json\/wp\/v2\/categories?post=28369"},{"taxonomy":"post_tag","embeddable":true,"href":"https:\/\/www.europesays.com\/lv\/wp-json\/wp\/v2\/tags?post=28369"}],"curies":[{"name":"wp","href":"https:\/\/api.w.org\/{rel}","templated":true}]}}